{"id":985,"date":"2018-03-30T19:16:23","date_gmt":"2018-03-30T18:16:23","guid":{"rendered":"http:\/\/pravoslavbrno.cz\/?p=985"},"modified":"2018-03-30T19:43:05","modified_gmt":"2018-03-30T18:43:05","slug":"laska-jako-rajsky-hymnus","status":"publish","type":"post","link":"https:\/\/pravoslavnebrno.cz\/uk\/laska-jako-rajsky-hymnus\/","title":{"rendered":"L\u00e1ska jako rajsk\u00fd hymnus"},"content":{"rendered":"<p>&nbsp;<\/p>\n<h3 style=\"text-align: center;\"><strong>Starec Efrem Arizonsk\u00fd (Filothejsk\u00fd)<\/strong><\/h3>\n<p style=\"text-align: center;\"><a href=\"http:\/\/pravoslavbrno.cz\/wp-content\/uploads\/2018\/03\/29570502_10214377446941551_3505527312074879811_n.jpg\"><img loading=\"lazy\" decoding=\"async\" class=\"alignnone wp-image-983\" src=\"http:\/\/pravoslavbrno.cz\/wp-content\/uploads\/2018\/03\/29570502_10214377446941551_3505527312074879811_n-216x300.jpg\" alt=\"\" width=\"439\" height=\"610\" srcset=\"https:\/\/pravoslavnebrno.cz\/wp-content\/uploads\/2018\/03\/29570502_10214377446941551_3505527312074879811_n-216x300.jpg 216w, https:\/\/pravoslavnebrno.cz\/wp-content\/uploads\/2018\/03\/29570502_10214377446941551_3505527312074879811_n.jpg 460w\" sizes=\"auto, (max-width: 439px) 100vw, 439px\" \/><\/a><\/p>\n<p><strong>Moji draz\u00ed brat\u0159i,<\/strong><\/p>\n<p>B\u016fh je L\u00e1ska. \u201eA my jsme poznali, a uv\u011b\u0159ili o l\u00e1sce, kterou B\u016fh m\u00e1 k n\u00e1m. B\u016fh l\u00e1ska jest, a kdo v l\u00e1sce p\u0159eb\u00fdv\u00e1, v Bohu p\u0159eb\u00fdv\u00e1, a B\u016fh v\u00a0n\u011bm,\u201c jak prav\u00ed svat\u00fd apo\u0161tol l\u00e1sky Jan Evangelista.<\/p>\n<p>L\u00e1ska: To je kl\u00ed\u010d, kter\u00fd otev\u00edr\u00e1 v\u0161echny dve\u0159e lidsk\u00e9ho chov\u00e1n\u00ed.<\/p>\n<p>L\u00e9k, kter\u00fd l\u00e9\u010d\u00ed v\u0161echna onemocn\u011bn\u00ed du\u0161e a t\u011bla.<\/p>\n<p>Jeden svat\u00fd pravil: \u201ePane, pomoz mi, abych mohl pom\u00e1hat druh\u00fdm, a nikoli, aby mi druz\u00ed pom\u00e1hali. U\u010di\u0148, a\u0165 miluji druh\u00e9, a nikoli, aby druz\u00ed milovali m\u011b. Pomoz mi, a\u0165 druh\u00fdm rozum\u00edm, a nikoli, aby druz\u00ed rozum\u011bli mn\u011b.\u201c<\/p>\n<p>L\u00e1ska, jak j\u00ed u\u010dil P\u00e1n, nikoli l\u00e1ska zfal\u0161ovan\u00e1 a dezinterpretovan\u00e1, je v\u00fdrazem ob\u011bti. Je plodem srdce a darem svobodn\u00e9 volby.<\/p>\n<p>L\u00e1ska se projevuje nikoli t\u00edm, co d\u00e1v\u00e1\u0161, n\u00fdbr\u017e jak to d\u00e1v\u00e1\u0161.<\/p>\n<p>L\u00e1ska nen\u00ed pod\u00e1n\u00edm ruky, n\u00fdbr\u017e nab\u00eddnut\u00edm vlastn\u00edho srdce druh\u00e9mu.<\/p>\n<p>Pokud se s\u00e1m dok\u00e1\u017ee\u0161 rozd\u011blit pro druh\u00e9, pak v\u00ed\u0161, co znamen\u00e1 milovat. Svat\u00fd apo\u0161tol Pavel p\u0159ece \u0159\u00edk\u00e1, \u017ee \u201eochotn\u00e9ho d\u00e1rce miluje B\u016fh\u201c (2Kor 9,7).<\/p>\n<p>B\u016fh miluje \u010dlov\u011bka milosrdn\u00e9ho, kter\u00fd d\u00e1v\u00e1 ochotn\u011b a s\u00a0radostn\u00fdm srdcem, ale rovn\u011b\u017e se svobodn\u00fdm rozhodnut\u00edm. Skutek milosrdenstv\u00ed, kter\u00fd je nab\u00edzen \u201ez l\u00edtosti \u010di z\u00a0nutnosti\u201c, nen\u00ed p\u0159ij\u00edman\u00fd, ale naopak odm\u00edtan\u00fd.<\/p>\n<p>Ko\u0159eny milosrdenstv\u00ed se nach\u00e1zej\u00ed v\u00a0srdci.<\/p>\n<p>V\u017edy\u0165 milosrdenstv\u00ed za\u010d\u00edn\u00e1 od srdce a kon\u010d\u00ed v rukou. Milosrdenstv\u00ed druh\u00e9 zah\u0159\u00edv\u00e1, av\u0161ak pouze tehdy, kdy\u017e v n\u00e1s ho\u0159\u00ed ohe\u0148 l\u00e1sky. Milosrdenstv\u00ed bez l\u00e1sky je naopak chladn\u00e9 a nesnesiteln\u00e9. Je jako mrtv\u00e9 t\u011blo bez slunce a sv\u011btla, jako kv\u011btina bez kr\u00e1sy a v\u016fn\u011b.<\/p>\n<p style=\"text-align: center;\"><a href=\"http:\/\/pravoslavbrno.cz\/wp-content\/uploads\/2018\/03\/Elder-Ephraim-Arizona-Holy-Monday-edited.jpg\"><img loading=\"lazy\" decoding=\"async\" class=\"alignnone wp-image-984\" src=\"http:\/\/pravoslavbrno.cz\/wp-content\/uploads\/2018\/03\/Elder-Ephraim-Arizona-Holy-Monday-edited-300x169.jpg\" alt=\"\" width=\"735\" height=\"414\" srcset=\"https:\/\/pravoslavnebrno.cz\/wp-content\/uploads\/2018\/03\/Elder-Ephraim-Arizona-Holy-Monday-edited-300x169.jpg 300w, https:\/\/pravoslavnebrno.cz\/wp-content\/uploads\/2018\/03\/Elder-Ephraim-Arizona-Holy-Monday-edited-768x432.jpg 768w, https:\/\/pravoslavnebrno.cz\/wp-content\/uploads\/2018\/03\/Elder-Ephraim-Arizona-Holy-Monday-edited-700x394.jpg 700w, https:\/\/pravoslavnebrno.cz\/wp-content\/uploads\/2018\/03\/Elder-Ephraim-Arizona-Holy-Monday-edited-800x450.jpg 800w, https:\/\/pravoslavnebrno.cz\/wp-content\/uploads\/2018\/03\/Elder-Ephraim-Arizona-Holy-Monday-edited.jpg 1280w\" sizes=\"auto, (max-width: 735px) 100vw, 735px\" \/><\/a><\/p>\n<p>Kdy\u017e d\u00e1v\u00e1\u0161 bez l\u00e1sky, ur\u00e1\u017e\u00ed\u0161 toho druh\u00e9ho. Nebo\u0165 jakou hodnotu m\u016f\u017ee m\u00edt ten sebekr\u00e1sn\u011bj\u0161\u00ed a sebedra\u017e\u0161\u00ed dar, kdy\u017e je d\u00e1v\u00e1n bez \u00fasm\u011bvu?<\/p>\n<p>Je\u017e\u00ed\u0161 cht\u011bl, abychom byli vn\u00edmav\u00ed k\u00a0t\u00e9matu milosrdenstv\u00ed. Odsuzoval ok\u00e1zal\u00e9 a py\u0161n\u00e9 skutky milosrdenstv\u00ed. Jak v\u00fdborn\u011b n\u00e1s o t\u011bchto v\u011bcech pou\u010duj\u00ed na\u0161i Svat\u00ed!<\/p>\n<p>Podle pou\u010den\u00ed:<\/p>\n<p>\u0391\u03b3\u03ac\u03c0\u03b7, \u03bf \u03cd\u03bc\u03bd\u03bf\u03c2 \u03c4\u03bf\u03c5 \u03a0\u03b1\u03c1\u03b1\u03b4\u03b5\u03af\u03c3\u03bf\u03c5 (\u0393\u03ad\u03c1\u03bf\u03bd\u03c4\u03bf\u03c2 \u0395\u03c6\u03c1\u03b1\u03af\u03bc \u0391\u03c1\u03b9\u03b6\u03cc\u03bd\u03b1\u03c2- \u03a6\u03b9\u03bb\u03bf\u03b8\u03b5\u0390\u03c4\u03bf\u03c5)<\/p>\n<p style=\"text-align: right;\">p\u0159elo\u017eil MD<\/p>\n","protected":false},"excerpt":{"rendered":"<p>&nbsp; Starec Efrem Arizonsk\u00fd (Filothejsk\u00fd) Moji draz\u00ed brat\u0159i, B\u016fh je L\u00e1ska. \u201eA my jsme poznali, a uv\u011b\u0159ili o l\u00e1sce, kterou B\u016fh m\u00e1 k n\u00e1m. B\u016fh l\u00e1ska jest, a kdo v l\u00e1sce p\u0159eb\u00fdv\u00e1, v Bohu p\u0159eb\u00fdv\u00e1, a B\u016fh v\u00a0n\u011bm,\u201c jak prav\u00ed svat\u00fd apo\u0161tol l\u00e1sky Jan Evangelista. L\u00e1ska: To je kl\u00ed\u010d, kter\u00fd otev\u00edr\u00e1 v\u0161echny dve\u0159e lidsk\u00e9ho chov\u00e1n\u00ed&#8230;.<\/p>\n","protected":false},"author":3,"featured_media":0,"comment_status":"open","ping_status":"open","sticky":false,"template":"","format":"standard","meta":{"jetpack_post_was_ever_published":false,"_jetpack_newsletter_access":"","_jetpack_dont_email_post_to_subs":false,"_jetpack_newsletter_tier_id":0,"_jetpack_memberships_contains_paywalled_content":false,"_jetpack_memberships_contains_paid_content":false,"footnotes":"","jetpack_publicize_message":"","jetpack_publicize_feature_enabled":true,"jetpack_social_post_already_shared":true,"jetpack_social_options":{"image_generator_settings":{"template":"highway","default_image_id":0,"font":"","enabled":false},"version":2}},"categories":[11,9],"tags":[],"class_list":["post-985","post","type-post","status-publish","format-standard","hentry","category-homilie","category-pouceni-svatych-otcu"],"jetpack_publicize_connections":[],"jetpack_featured_media_url":"","jetpack_sharing_enabled":true,"jetpack_shortlink":"https:\/\/wp.me\/p9GyX2-fT","jetpack-related-posts":[],"_links":{"self":[{"href":"https:\/\/pravoslavnebrno.cz\/uk\/wp-json\/wp\/v2\/posts\/985","targetHints":{"allow":["GET"]}}],"collection":[{"href":"https:\/\/pravoslavnebrno.cz\/uk\/wp-json\/wp\/v2\/posts"}],"about":[{"href":"https:\/\/pravoslavnebrno.cz\/uk\/wp-json\/wp\/v2\/types\/post"}],"author":[{"embeddable":true,"href":"https:\/\/pravoslavnebrno.cz\/uk\/wp-json\/wp\/v2\/users\/3"}],"replies":[{"embeddable":true,"href":"https:\/\/pravoslavnebrno.cz\/uk\/wp-json\/wp\/v2\/comments?post=985"}],"version-history":[{"count":5,"href":"https:\/\/pravoslavnebrno.cz\/uk\/wp-json\/wp\/v2\/posts\/985\/revisions"}],"predecessor-version":[{"id":990,"href":"https:\/\/pravoslavnebrno.cz\/uk\/wp-json\/wp\/v2\/posts\/985\/revisions\/990"}],"wp:attachment":[{"href":"https:\/\/pravoslavnebrno.cz\/uk\/wp-json\/wp\/v2\/media?parent=985"}],"wp:term":[{"taxonomy":"category","embeddable":true,"href":"https:\/\/pravoslavnebrno.cz\/uk\/wp-json\/wp\/v2\/categories?post=985"},{"taxonomy":"post_tag","embeddable":true,"href":"https:\/\/pravoslavnebrno.cz\/uk\/wp-json\/wp\/v2\/tags?post=985"}],"curies":[{"name":"wp","href":"https:\/\/api.w.org\/{rel}","templated":true}]}}