{"id":957,"date":"2018-03-29T10:07:27","date_gmt":"2018-03-29T09:07:27","guid":{"rendered":"http:\/\/pravoslavbrno.cz\/?p=957"},"modified":"2018-03-29T10:07:27","modified_gmt":"2018-03-29T09:07:27","slug":"slovo-na-paschu","status":"publish","type":"post","link":"https:\/\/pravoslavnebrno.cz\/uk\/slovo-na-paschu\/","title":{"rendered":"Slovo na Paschu"},"content":{"rendered":"<h3 style=\"text-align: center;\"><strong>Sv\u011btitel a nov\u00fd mu\u010dedn\u00edk Tade\u00e1\u0161 (Uspensk\u00fd),<br \/>\narcibiskup Tversk\u00fd<\/strong><\/h3>\n<p>Ze slova svat\u00e9ho Jana Zlato\u00fast\u00e9ho, \u010dten\u00e9ho na Paschu, a tak\u00e9 z\u00a0odu\u0161evn\u011bl\u00fdch p\u00edsn\u00ed k\u00e1nonu svat\u00e9 Paschy, kter\u00e9 byly sestaveny ctih. Janem Dama\u0161sk\u00fdm, je, mil\u00ed brat\u0159i, dob\u0159e patrno, k\u00a0jak\u00e9 oslav\u011b a slavnostn\u00ed hostin\u011b zve sv\u00e9 d\u011bti svat\u00e1 C\u00edrkev. C\u00edrkev zve v\u0161echny, aby se kochali a radovali ze slavnostn\u00ed hostiny, tj. v\u00edt\u011bzn\u00e9 oslavy \u201e<em>smrti zma\u0159en\u00ed a pekla zni\u010den\u00ed\u201c<a href=\"http:\/\/pravoslavbrno.cz\/wp-admin\/post-new.php#_ftn1\" name=\"_ftnref1\"><strong>[1]<\/strong><\/a><\/em>; zve v\u0161echny, aby pili \u201e<em>n\u00e1poj nov\u00fd<\/em>\u201c, n\u00e1poj duchovn\u00edho vesel\u00ed, kter\u00fd zaz\u00e1\u0159il z\u00a0Kristova hrobu. Zve v\u0161echny, aby p\u0159istoupili k\u00a0hostin\u011b, na kter\u00e9 se p\u0159edkl\u00e1d\u00e1 Ber\u00e1nek, ob\u011btovan\u00fd za h\u0159\u00edchy sv\u011bta, s\u00e1m Kristus.<\/p>\n<p style=\"text-align: center;\"><a href=\"http:\/\/pravoslavbrno.cz\/wp-content\/uploads\/2018\/03\/theholypascha_of_thelord1.jpg\"><img loading=\"lazy\" decoding=\"async\" class=\"alignnone wp-image-955\" src=\"http:\/\/pravoslavbrno.cz\/wp-content\/uploads\/2018\/03\/theholypascha_of_thelord1-227x300.jpg\" alt=\"\" width=\"462\" height=\"611\" srcset=\"https:\/\/pravoslavnebrno.cz\/wp-content\/uploads\/2018\/03\/theholypascha_of_thelord1-227x300.jpg 227w, https:\/\/pravoslavnebrno.cz\/wp-content\/uploads\/2018\/03\/theholypascha_of_thelord1.jpg 350w\" sizes=\"auto, (max-width: 462px) 100vw, 462px\" \/><\/a><\/p>\n<p>A tak, brat\u0159e, nesp\u011bchej p\u0159\u00edli\u0161 brzo a nezanech\u00e1vej tohoto vesel\u00ed, ani neopou\u0161t\u011bj tuto slavnostn\u00ed hostinu, jen aby ses obr\u00e1til k\u00a0pozemsk\u00fdm radostem a pozemsk\u00e9 \u00fat\u011b\u0161e. Zejm\u00e9na nyn\u00ed, kdy\u017e je n\u00e1m nab\u00edzena ona p\u0159ebohat\u00e1 duchovn\u00ed hostina, my se naopak a \u010dastokr\u00e1t star\u00e1me sp\u00ed\u0161e o \u201epokrm pom\u00edjej\u00edc\u00ed\u201c a odd\u00e1v\u00e1me cel\u00e9 sv\u00e9 srdce veselosti a radostem pozemsk\u00fdm (viz Jan 6,27). S\u00a0l\u00edtost\u00ed a z\u00e1rmutkem vid\u00edme, \u017ee mnoz\u00ed k\u0159es\u0165an\u00e9 v\u00a0tento den velmi sp\u011bchaj\u00ed, aby zanechali duchovn\u00edho vesel\u00ed, slaven\u00e9ho na po\u010dest zmrtv\u00fdchvstal\u00e9ho P\u00e1na, a obracej\u00ed se k\u00a0pozemsk\u00fdm \u00fat\u011bch\u00e1m. Necht\u011bj\u00ed v\u00a0nejv\u011bt\u0161\u00edm z\u00a0k\u0159es\u0165ansk\u00fdch sv\u00e1tk\u016f vydr\u017eet ani do konce hlavn\u00ed bohoslu\u017eby \u2013 svat\u00e9 liturgie. Co d\u011blat? To jsi se, brat\u0159e, postil jen proto, jen proto jsi se skute\u010dn\u011b postil a zadr\u017eoval sv\u00e9 v\u00e1\u0161n\u011b, abys po uplynut\u00ed posledn\u00edho dne jim op\u011bt ponechal svobodu?<\/p>\n<p>To jsi byl opravdu uveden do radosti Vzk\u0159\u00ed\u0161en\u00ed, aby ses ve svat\u00e9 dny odd\u00e1val pov\u011bt\u0161inou jen t\u011blesn\u00fdm a n\u011bkdy a\u017e hrub\u00fdm z\u00e1bav\u00e1m a radov\u00e1nk\u00e1m? Je\u0161t\u011b v\u010dera jsi spolu se svatou C\u00edrkv\u00ed zp\u00edval: \u201e<em>Umlkn\u011bte smrteln\u00edci a st\u016fjte se strachem a t\u0159esen\u00edm a na nic pozemsk\u00e9ho nepom\u00fd\u0161lejte\u201c<\/em>. To opravdu ji\u017e nastal \u010das, aby nyn\u00ed t\u011blo k\u0159i\u010delo a duch ml\u010del p\u0159i vzpom\u00ednk\u00e1ch pouze na to pozemsk\u00e9? Ve dnech Strastn\u00e9ho t\u00fddne na\u0161e svat\u00e1 C\u00edrkev, prost\u0159ednictv\u00edm evangeln\u00edch a dal\u0161\u00edch \u010dten\u00ed anebo p\u00edsn\u00ed, jakoby \u0161t\u011btcem rozepsala a namalovala p\u0159ed tv\u00fdm vnit\u0159n\u00edm zrakem str\u00e1d\u00e1n\u00ed Kristova: bit\u00ed, pohlavkov\u00e1n\u00ed, popliv\u00e1n\u00ed, trnovou korunu, uk\u0159i\u017eovan\u00ed na K\u0159\u00ed\u017ei a dal\u0161\u00ed, nebo\u0165 to v\u0161echno bylo p\u0159ijato Kristem k\u00a0umrtven\u00ed i tv\u00fdch vlastn\u00edch v\u00e1\u0161n\u00ed. <!--more--><\/p>\n<p>Co\u017epak nyn\u00ed, kdy\u017e zp\u00edv\u00e1\u0161: \u201e<em>V\u010dera spolu s\u00a0Tebou, Kriste poh\u0159ben\u00fd (<\/em>tj. um\u0159el jsem pro v\u00e1\u0161n\u011b<em>), dnes jsem z mrtv\u00fdch vstal<\/em>\u201c<a href=\"http:\/\/pravoslavbrno.cz\/wp-admin\/post-new.php#_ftn2\" name=\"_ftnref2\">[2]<\/a>, nastal \u010das o\u017eivit v\u00e1\u0161n\u011b a op\u011bt um\u00edrat duchem? Co\u017epak jsi vzpomenul na Kristovo str\u00e1d\u00e1n\u00ed jen proto, abys s\u00a0lhostejnost\u00ed a chladn\u00fdm srdcem, nebo t\u0159eba jen trochu rozechv\u011bn, na v\u0161echno toto vz\u00e1p\u011bt\u00ed zapomn\u011bl? V\u017edy\u0165 jestli\u017ee bys byl up\u0159\u00edmnou l\u00e1skou k\u00a0Bo\u017esk\u00e9mu Trpiteli \u201e<em>spolu s\u00a0 Kristem poh\u0159ben\u00fd<\/em>\u201c, a vn\u00edmal bys evangeln\u00ed vypr\u00e1v\u011bn\u00ed, \u010dten\u00ed a c\u00edrkevn\u00ed zp\u011bvy ve dnech Strastn\u00e9ho t\u00fddne, a pokud bys ve sv\u00e9m nitru poci\u0165oval bohat\u00e9 poklady nepom\u00edjej\u00edc\u00edho duchovn\u00edho \u017eivota v\u00a0Kristu, pak by tv\u016fj duch nemohl v\u00a0sob\u011b zadr\u017eet prudk\u00fd poryv duchovn\u00ed radosti a nad\u0161en\u00ed v\u00a0den Vzk\u0159\u00ed\u0161en\u00ed, podobn\u011b jako ani Krist\u016fv hrob v\u00a0sob\u011b nemohl zadr\u017eet s\u00e1m Pramen \u017eivota. Zdalipak i ty chce\u0161 zape\u010detit sv\u00e9 srdce p\u0159ed t\u011bmito poryvy radosti, tak jako sami \u017did\u00e9 zape\u010detili hrob a mysleli si, \u017ee v n\u011bm touto cestou skryj\u00ed \u017divot v\u0161ech? Nam\u00edsto toho, abys v\u00a0tento den o\u017eil duchem, kdy z\u00a0hrobu zaz\u00e1\u0159il s\u00e1m \u017divot, opravdu chce\u0161 sp\u00ed\u0161e u\u010dinit sv\u00e9 vlastn\u00ed srdce hrobem, napln\u011bn\u00fdm pom\u00edjej\u00edc\u00edmi t\u011blesn\u00fdmi v\u00e1\u0161n\u011bmi, kter\u00e9 umrtvuj\u00ed \u017eivot ducha?<\/p>\n<p style=\"text-align: center;\"><a href=\"http:\/\/pravoslavbrno.cz\/wp-content\/uploads\/2018\/03\/anastasi-kyriou.jpg\"><img loading=\"lazy\" decoding=\"async\" class=\"alignnone wp-image-954\" src=\"http:\/\/pravoslavbrno.cz\/wp-content\/uploads\/2018\/03\/anastasi-kyriou-300x219.jpg\" alt=\"\" width=\"577\" height=\"421\" srcset=\"https:\/\/pravoslavnebrno.cz\/wp-content\/uploads\/2018\/03\/anastasi-kyriou-300x219.jpg 300w, https:\/\/pravoslavnebrno.cz\/wp-content\/uploads\/2018\/03\/anastasi-kyriou.jpg 700w\" sizes=\"auto, (max-width: 577px) 100vw, 577px\" \/><\/a><\/p>\n<p>A tak, brat\u0159i, poslechn\u011bme doj\u00edmav\u00fd hlas zmrtv\u00fdchvstal\u00e9ho Krista, kter\u00fd se k\u00a0n\u00e1m obrac\u00ed skrze slovo proroka: \u201e<em>O\u010dek\u00e1vejte na Mne, prav\u00ed Hospodin, a\u017e do dne toho, v kter\u00e9m povstanu ke sv\u011bdectv\u00ed.<\/em>\u201c (Sf 3,8.)<a href=\"http:\/\/pravoslavbrno.cz\/wp-admin\/post-new.php#_ftn3\" name=\"_ftnref3\">[3]<\/a> A jestli\u017ee na\u0161e t\u011blesn\u00e9 nemoci a na\u0161e t\u011blesn\u00e1 nemohoucnost p\u0159esp\u0159\u00edli\u0161 potla\u010duj\u00ed a p\u0159em\u00e1haj\u00ed radost a nad\u0161en\u00ed z on\u00e9 velk\u00e9 duchovn\u00ed radosti a vesel\u00ed, a zabra\u0148uj\u00ed n\u00e1m tak s\u00a0horlivou l\u00e1skou oslavovat zmrtv\u00fdchvstal\u00e9ho Krista, tak alespo\u0148 nyn\u00ed, v\u00a0den Vzk\u0159\u00ed\u0161en\u00ed, proka\u017eme je\u0161t\u011b chv\u00edli na\u0161i trp\u011blivost. A jestli\u017ee nem\u016f\u017eeme zachovat stejnou trp\u011blivost po v\u0161echny dny, tak alespo\u0148 do doby, dokud v\u00a0t\u011bchto oslav\u00e1ch pokra\u010duje Jeho svat\u00e1 C\u00edrkev! Vynasna\u017eme se proto b\u00fdt s\u00a0N\u00edm co nejd\u00e9le, jak jen to je mo\u017en\u00e9, a zdr\u017eujme Ho tak dlouho, jak Ho zdr\u017eovali poutn\u00edci, kte\u0159\u00ed s\u00a0n\u00edm putovali po Jeho Vzk\u0159\u00ed\u0161en\u00ed do Emauz a kter\u00fdm srdce ho\u0159elo od sladk\u00e9 besedy\u00a0na cest\u011b se zjeven\u00fdm P\u00e1nem (Luk 24,32). Odvrhn\u011bme alespo\u0148 na \u010das na\u0161e pozemsk\u00e9 pot\u011b\u0161en\u00ed, hlavn\u011b to hrub\u00e9, t\u011blesn\u00e9, kter\u00e9 ze srdce vyh\u00e1n\u00ed sladk\u00fd cit l\u00e1sky ke Kristu a p\u0159\u00e1n\u00ed b\u00fdt neust\u00e1le s\u00a0N\u00edm! Amen.<a href=\"http:\/\/pravoslavbrno.cz\/wp-admin\/post-new.php#_ftn4\" name=\"_ftnref4\">[4]<\/a><\/p>\n<p><a href=\"http:\/\/pravoslavbrno.cz\/wp-admin\/post-new.php#_ftnref1\" name=\"_ftn1\">[1]<\/a> Pasch\u00e1ln\u00ed k\u00e1non, 7. p\u00edse\u0148<\/p>\n<p><a href=\"http:\/\/pravoslavbrno.cz\/wp-admin\/post-new.php#_ftnref2\" name=\"_ftn2\">[2]<\/a> Pasch\u00e1ln\u00ed k\u00e1non, 3. p\u00edse\u0148<\/p>\n<p><a href=\"http:\/\/pravoslavbrno.cz\/wp-admin\/post-new.php#_ftnref3\" name=\"_ftn3\">[3]<\/a> Sedm\u00e1 paremije Velk\u00e9 Soboty<\/p>\n<p><a href=\"http:\/\/pravoslavbrno.cz\/wp-admin\/post-new.php#_ftnref4\" name=\"_ftn4\">[4]<\/a> Proneseno v chr\u00e1mu Olon\u011bck\u00e9ho duchovn\u00ed semin\u00e1\u0159e 2.\/15. dubna roku 1906<\/p>\n<p style=\"text-align: right;\"><em>Podle Pravoslavie.ru p\u0159ipravil a p\u0159elo\u017eil o. Marek M.<\/em><\/p>\n","protected":false},"excerpt":{"rendered":"<p>Sv\u011btitel a nov\u00fd mu\u010dedn\u00edk Tade\u00e1\u0161 (Uspensk\u00fd), arcibiskup Tversk\u00fd Ze slova svat\u00e9ho Jana Zlato\u00fast\u00e9ho, \u010dten\u00e9ho na Paschu, a tak\u00e9 z\u00a0odu\u0161evn\u011bl\u00fdch p\u00edsn\u00ed k\u00e1nonu svat\u00e9 Paschy, kter\u00e9 byly sestaveny ctih. Janem Dama\u0161sk\u00fdm, je, mil\u00ed brat\u0159i, dob\u0159e patrno, k\u00a0jak\u00e9 oslav\u011b a slavnostn\u00ed hostin\u011b zve sv\u00e9 d\u011bti svat\u00e1 C\u00edrkev. C\u00edrkev zve v\u0161echny, aby se kochali a radovali ze slavnostn\u00ed hostiny,&#8230;<\/p>\n","protected":false},"author":3,"featured_media":0,"comment_status":"open","ping_status":"open","sticky":false,"template":"","format":"standard","meta":{"jetpack_post_was_ever_published":false,"_jetpack_newsletter_access":"","_jetpack_dont_email_post_to_subs":false,"_jetpack_newsletter_tier_id":0,"_jetpack_memberships_contains_paywalled_content":false,"_jetpack_memberships_contains_paid_content":false,"footnotes":"","jetpack_publicize_message":"","jetpack_publicize_feature_enabled":true,"jetpack_social_post_already_shared":true,"jetpack_social_options":{"image_generator_settings":{"template":"highway","default_image_id":0,"font":"","enabled":false},"version":2}},"categories":[8,4],"tags":[],"class_list":["post-957","post","type-post","status-publish","format-standard","hentry","category-mesicni-pouceni","category-pouceni"],"jetpack_publicize_connections":[],"jetpack_featured_media_url":"","jetpack_sharing_enabled":true,"jetpack_shortlink":"https:\/\/wp.me\/p9GyX2-fr","jetpack-related-posts":[],"_links":{"self":[{"href":"https:\/\/pravoslavnebrno.cz\/uk\/wp-json\/wp\/v2\/posts\/957","targetHints":{"allow":["GET"]}}],"collection":[{"href":"https:\/\/pravoslavnebrno.cz\/uk\/wp-json\/wp\/v2\/posts"}],"about":[{"href":"https:\/\/pravoslavnebrno.cz\/uk\/wp-json\/wp\/v2\/types\/post"}],"author":[{"embeddable":true,"href":"https:\/\/pravoslavnebrno.cz\/uk\/wp-json\/wp\/v2\/users\/3"}],"replies":[{"embeddable":true,"href":"https:\/\/pravoslavnebrno.cz\/uk\/wp-json\/wp\/v2\/comments?post=957"}],"version-history":[{"count":3,"href":"https:\/\/pravoslavnebrno.cz\/uk\/wp-json\/wp\/v2\/posts\/957\/revisions"}],"predecessor-version":[{"id":961,"href":"https:\/\/pravoslavnebrno.cz\/uk\/wp-json\/wp\/v2\/posts\/957\/revisions\/961"}],"wp:attachment":[{"href":"https:\/\/pravoslavnebrno.cz\/uk\/wp-json\/wp\/v2\/media?parent=957"}],"wp:term":[{"taxonomy":"category","embeddable":true,"href":"https:\/\/pravoslavnebrno.cz\/uk\/wp-json\/wp\/v2\/categories?post=957"},{"taxonomy":"post_tag","embeddable":true,"href":"https:\/\/pravoslavnebrno.cz\/uk\/wp-json\/wp\/v2\/tags?post=957"}],"curies":[{"name":"wp","href":"https:\/\/api.w.org\/{rel}","templated":true}]}}