{"id":5693,"date":"2019-07-11T01:38:10","date_gmt":"2019-07-11T00:38:10","guid":{"rendered":"http:\/\/pravoslavbrno.cz\/?p=5693"},"modified":"2019-07-10T07:09:31","modified_gmt":"2019-07-10T06:09:31","slug":"dne-6-cervence-1930-byl-polozen-zakladni-kamen-naseho-brnenskeho-pravoslavneho-chramu-sv-vaclava","status":"publish","type":"post","link":"https:\/\/pravoslavnebrno.cz\/uk\/dne-6-cervence-1930-byl-polozen-zakladni-kamen-naseho-brnenskeho-pravoslavneho-chramu-sv-vaclava\/","title":{"rendered":"Dne 6. \u010dervence 1930 byl polo\u017een z\u00e1kladn\u00ed k\u00e1men na\u0161eho brn\u011bnsk\u00e9ho pravoslavn\u00e9ho chr\u00e1mu sv. V\u00e1clava"},"content":{"rendered":"<h2 style=\"text-align: center;\"><strong>Hospodine, Bo\u017ee n\u00e1\u0161, sna\u017en\u011b T\u011b \u017e\u00e1d\u00e1me a pros\u00edme,<\/strong><\/h2>\n<h3 style=\"text-align: center;\"><strong>rozpome\u0148 se na v\u0161echny pravoslavn\u00e9 k\u0159es\u0165any, zde i v\u0161ude jinde odpo\u010d\u00edvaj\u00edc\u00ed, na na\u0161e bratry a sestry v P\u00e1nu, kte\u0159\u00ed usilovali o obnoven\u00ed na\u0161\u00ed m\u00edstn\u00ed Pravoslavn\u00e9 c\u00edrkve i na\u0161\u00ed m\u00edstn\u00ed farnosti v dob\u011b p\u0159elomov\u00e9 a nesnadn\u00e9, a upokoj jejich du\u0161e tam, kde v\u0161ichni svat\u00ed odpo\u010d\u00edvaj\u00ed!<\/strong><\/h3>\n<p>P\u0159i p\u0159\u00edle\u017eitosti ned\u00e1vn\u00e9ho v\u00fdro\u010d\u00ed posv\u011bcen\u00ed z\u00e1kladn\u00edho kamene na\u0161eho chr\u00e1mu sv. V\u00e1clava, si dovolujeme u\u010dinit kr\u00e1tkou vzpom\u00ednku na po\u010d\u00e1tky vzniku na\u0161\u00ed farnosti, na stavbu chr\u00e1mu, nezapomenuteln\u00e9 osobnosti a v\u0161echny ty aktivity, men\u0161\u00ed \u010di v\u011bt\u0161\u00ed, kter\u00e9 se zapsaly nejen do na\u0161\u00ed farn\u00ed kroniky, n\u00fdbr\u017e tak\u00e9 d\u011bjin na\u0161eho m\u011bsta.<\/p>\n<p><strong>V\u00edce zde:<\/strong><\/p>\n<p><a href=\"https:\/\/www.encyklopedie.brna.cz\/home-mmb\/?acc=profil_domu&#038;load=648\">https:\/\/www.encyklopedie.brna.cz\/home-mmb\/?acc=profil_domu&#038;load=648<\/a><\/p>\n<p><strong>Dal\u0161\u00ed u\u017eite\u010dn\u00e9 odkazy:<\/strong><\/p>\n<div class=\"fb-post\" data-href=\"https:\/\/www.facebook.com\/748709528839781\/photos\/a.748714598839274\/861773857533347\/?type=3&#038;theater+https:\/\/www.encyklopedie.brna.cz\/home-mmb\/?acc=profil_domu&#038;load=648\" data-width=\"552\" style=\"background-color: #fff; display: inline-block;\"><\/div>\n<p><strong>P\u0159\u00edloha z Dobr\u00e9ho past\u00fd\u0159e, \u010d\u00edsla 4 z roku 2004<\/strong>, v n\u00ed\u017e jsme se v\u011bnovali po\u010d\u00e1tk\u016fm vzniku na\u0161\u00ed farnosti, posv\u011bcen\u00ed z\u00e1kladn\u00edho kamene na\u0161eho chr\u00e1mu a jeho dostavb\u011b.<\/p>\n<p><a href=\"http:\/\/pravoslavbrno.cz\/wp-content\/uploads\/2019\/07\/Dobr\u00fd-past\u00fd\u0159-\u010d.-5_v\u00fdb\u011br_historie-farnosti.pdf\">Dobr\u00fd past\u00fd\u0159 \u010d. 5_v\u00fdb\u011br_historie farnosti<\/a><\/p>\n<p style=\"text-align: center;\"><a href=\"http:\/\/pravoslavbrno.cz\/wp-content\/uploads\/2019\/07\/Dobr\u00fd-past\u00fd\u0159-\u010d.-5_v\u00fdb\u011br_historie-farnosti_1.jpg\"><img loading=\"lazy\" decoding=\"async\" class=\"alignnone size-large wp-image-5695\" src=\"http:\/\/pravoslavbrno.cz\/wp-content\/uploads\/2019\/07\/Dobr\u00fd-past\u00fd\u0159-\u010d.-5_v\u00fdb\u011br_historie-farnosti_1-700x989.jpg\" alt=\"\" width=\"700\" height=\"989\" srcset=\"https:\/\/pravoslavnebrno.cz\/wp-content\/uploads\/2019\/07\/Dobr\u00fd-past\u00fd\u0159-\u010d.-5_v\u00fdb\u011br_historie-farnosti_1-700x989.jpg 700w, https:\/\/pravoslavnebrno.cz\/wp-content\/uploads\/2019\/07\/Dobr\u00fd-past\u00fd\u0159-\u010d.-5_v\u00fdb\u011br_historie-farnosti_1-212x300.jpg 212w, https:\/\/pravoslavnebrno.cz\/wp-content\/uploads\/2019\/07\/Dobr\u00fd-past\u00fd\u0159-\u010d.-5_v\u00fdb\u011br_historie-farnosti_1-768x1085.jpg 768w, https:\/\/pravoslavnebrno.cz\/wp-content\/uploads\/2019\/07\/Dobr\u00fd-past\u00fd\u0159-\u010d.-5_v\u00fdb\u011br_historie-farnosti_1-800x1130.jpg 800w, https:\/\/pravoslavnebrno.cz\/wp-content\/uploads\/2019\/07\/Dobr\u00fd-past\u00fd\u0159-\u010d.-5_v\u00fdb\u011br_historie-farnosti_1.jpg 1240w\" sizes=\"auto, (max-width: 700px) 100vw, 700px\" \/><\/a><\/p>\n<p style=\"text-align: center;\"><a href=\"http:\/\/pravoslavbrno.cz\/wp-content\/uploads\/2019\/07\/Dobr\u00fd-past\u00fd\u0159-\u010d.-5_v\u00fdb\u011br_historie-farnosti_2.jpg\"><img loading=\"lazy\" decoding=\"async\" class=\"alignnone size-large wp-image-5696\" src=\"http:\/\/pravoslavbrno.cz\/wp-content\/uploads\/2019\/07\/Dobr\u00fd-past\u00fd\u0159-\u010d.-5_v\u00fdb\u011br_historie-farnosti_2-700x989.jpg\" alt=\"\" width=\"700\" height=\"989\" srcset=\"https:\/\/pravoslavnebrno.cz\/wp-content\/uploads\/2019\/07\/Dobr\u00fd-past\u00fd\u0159-\u010d.-5_v\u00fdb\u011br_historie-farnosti_2-700x989.jpg 700w, https:\/\/pravoslavnebrno.cz\/wp-content\/uploads\/2019\/07\/Dobr\u00fd-past\u00fd\u0159-\u010d.-5_v\u00fdb\u011br_historie-farnosti_2-212x300.jpg 212w, https:\/\/pravoslavnebrno.cz\/wp-content\/uploads\/2019\/07\/Dobr\u00fd-past\u00fd\u0159-\u010d.-5_v\u00fdb\u011br_historie-farnosti_2-768x1085.jpg 768w, https:\/\/pravoslavnebrno.cz\/wp-content\/uploads\/2019\/07\/Dobr\u00fd-past\u00fd\u0159-\u010d.-5_v\u00fdb\u011br_historie-farnosti_2-800x1130.jpg 800w, https:\/\/pravoslavnebrno.cz\/wp-content\/uploads\/2019\/07\/Dobr\u00fd-past\u00fd\u0159-\u010d.-5_v\u00fdb\u011br_historie-farnosti_2.jpg 1240w\" sizes=\"auto, (max-width: 700px) 100vw, 700px\" \/><\/a> <a href=\"http:\/\/pravoslavbrno.cz\/wp-content\/uploads\/2019\/07\/Dobr\u00fd-past\u00fd\u0159-\u010d.-5_v\u00fdb\u011br_historie-farnosti_3.jpg\"><img loading=\"lazy\" decoding=\"async\" class=\"alignnone size-large wp-image-5697\" src=\"http:\/\/pravoslavbrno.cz\/wp-content\/uploads\/2019\/07\/Dobr\u00fd-past\u00fd\u0159-\u010d.-5_v\u00fdb\u011br_historie-farnosti_3-700x989.jpg\" alt=\"\" width=\"700\" height=\"989\" srcset=\"https:\/\/pravoslavnebrno.cz\/wp-content\/uploads\/2019\/07\/Dobr\u00fd-past\u00fd\u0159-\u010d.-5_v\u00fdb\u011br_historie-farnosti_3-700x989.jpg 700w, https:\/\/pravoslavnebrno.cz\/wp-content\/uploads\/2019\/07\/Dobr\u00fd-past\u00fd\u0159-\u010d.-5_v\u00fdb\u011br_historie-farnosti_3-212x300.jpg 212w, https:\/\/pravoslavnebrno.cz\/wp-content\/uploads\/2019\/07\/Dobr\u00fd-past\u00fd\u0159-\u010d.-5_v\u00fdb\u011br_historie-farnosti_3-768x1085.jpg 768w, https:\/\/pravoslavnebrno.cz\/wp-content\/uploads\/2019\/07\/Dobr\u00fd-past\u00fd\u0159-\u010d.-5_v\u00fdb\u011br_historie-farnosti_3-800x1130.jpg 800w, https:\/\/pravoslavnebrno.cz\/wp-content\/uploads\/2019\/07\/Dobr\u00fd-past\u00fd\u0159-\u010d.-5_v\u00fdb\u011br_historie-farnosti_3.jpg 1240w\" sizes=\"auto, (max-width: 700px) 100vw, 700px\" \/><\/a> <a href=\"http:\/\/pravoslavbrno.cz\/wp-content\/uploads\/2019\/07\/Dobr\u00fd-past\u00fd\u0159-\u010d.-5_v\u00fdb\u011br_historie-farnosti_4.jpg\"><img loading=\"lazy\" decoding=\"async\" class=\"alignnone size-large wp-image-5698\" src=\"http:\/\/pravoslavbrno.cz\/wp-content\/uploads\/2019\/07\/Dobr\u00fd-past\u00fd\u0159-\u010d.-5_v\u00fdb\u011br_historie-farnosti_4-700x989.jpg\" alt=\"\" width=\"700\" height=\"989\" srcset=\"https:\/\/pravoslavnebrno.cz\/wp-content\/uploads\/2019\/07\/Dobr\u00fd-past\u00fd\u0159-\u010d.-5_v\u00fdb\u011br_historie-farnosti_4-700x989.jpg 700w, https:\/\/pravoslavnebrno.cz\/wp-content\/uploads\/2019\/07\/Dobr\u00fd-past\u00fd\u0159-\u010d.-5_v\u00fdb\u011br_historie-farnosti_4-212x300.jpg 212w, https:\/\/pravoslavnebrno.cz\/wp-content\/uploads\/2019\/07\/Dobr\u00fd-past\u00fd\u0159-\u010d.-5_v\u00fdb\u011br_historie-farnosti_4-768x1085.jpg 768w, https:\/\/pravoslavnebrno.cz\/wp-content\/uploads\/2019\/07\/Dobr\u00fd-past\u00fd\u0159-\u010d.-5_v\u00fdb\u011br_historie-farnosti_4-800x1130.jpg 800w, https:\/\/pravoslavnebrno.cz\/wp-content\/uploads\/2019\/07\/Dobr\u00fd-past\u00fd\u0159-\u010d.-5_v\u00fdb\u011br_historie-farnosti_4.jpg 1240w\" sizes=\"auto, (max-width: 700px) 100vw, 700px\" \/><\/a> <a href=\"http:\/\/pravoslavbrno.cz\/wp-content\/uploads\/2019\/07\/Dobr\u00fd-past\u00fd\u0159-\u010d.-5_v\u00fdb\u011br_historie-farnosti_5.jpg\"><img loading=\"lazy\" decoding=\"async\" class=\"alignnone size-large wp-image-5699\" src=\"http:\/\/pravoslavbrno.cz\/wp-content\/uploads\/2019\/07\/Dobr\u00fd-past\u00fd\u0159-\u010d.-5_v\u00fdb\u011br_historie-farnosti_5-700x989.jpg\" alt=\"\" width=\"700\" height=\"989\" srcset=\"https:\/\/pravoslavnebrno.cz\/wp-content\/uploads\/2019\/07\/Dobr\u00fd-past\u00fd\u0159-\u010d.-5_v\u00fdb\u011br_historie-farnosti_5-700x989.jpg 700w, https:\/\/pravoslavnebrno.cz\/wp-content\/uploads\/2019\/07\/Dobr\u00fd-past\u00fd\u0159-\u010d.-5_v\u00fdb\u011br_historie-farnosti_5-212x300.jpg 212w, https:\/\/pravoslavnebrno.cz\/wp-content\/uploads\/2019\/07\/Dobr\u00fd-past\u00fd\u0159-\u010d.-5_v\u00fdb\u011br_historie-farnosti_5-768x1085.jpg 768w, https:\/\/pravoslavnebrno.cz\/wp-content\/uploads\/2019\/07\/Dobr\u00fd-past\u00fd\u0159-\u010d.-5_v\u00fdb\u011br_historie-farnosti_5-800x1130.jpg 800w, https:\/\/pravoslavnebrno.cz\/wp-content\/uploads\/2019\/07\/Dobr\u00fd-past\u00fd\u0159-\u010d.-5_v\u00fdb\u011br_historie-farnosti_5.jpg 1240w\" sizes=\"auto, (max-width: 700px) 100vw, 700px\" \/><\/a> <a href=\"http:\/\/pravoslavbrno.cz\/wp-content\/uploads\/2019\/07\/Dobr\u00fd-past\u00fd\u0159-\u010d.-5_v\u00fdb\u011br_historie-farnosti_6.jpg\"><img loading=\"lazy\" decoding=\"async\" class=\"alignnone size-large wp-image-5700\" src=\"http:\/\/pravoslavbrno.cz\/wp-content\/uploads\/2019\/07\/Dobr\u00fd-past\u00fd\u0159-\u010d.-5_v\u00fdb\u011br_historie-farnosti_6-700x989.jpg\" alt=\"\" width=\"700\" height=\"989\" srcset=\"https:\/\/pravoslavnebrno.cz\/wp-content\/uploads\/2019\/07\/Dobr\u00fd-past\u00fd\u0159-\u010d.-5_v\u00fdb\u011br_historie-farnosti_6-700x989.jpg 700w, https:\/\/pravoslavnebrno.cz\/wp-content\/uploads\/2019\/07\/Dobr\u00fd-past\u00fd\u0159-\u010d.-5_v\u00fdb\u011br_historie-farnosti_6-212x300.jpg 212w, https:\/\/pravoslavnebrno.cz\/wp-content\/uploads\/2019\/07\/Dobr\u00fd-past\u00fd\u0159-\u010d.-5_v\u00fdb\u011br_historie-farnosti_6-768x1085.jpg 768w, https:\/\/pravoslavnebrno.cz\/wp-content\/uploads\/2019\/07\/Dobr\u00fd-past\u00fd\u0159-\u010d.-5_v\u00fdb\u011br_historie-farnosti_6-800x1130.jpg 800w, https:\/\/pravoslavnebrno.cz\/wp-content\/uploads\/2019\/07\/Dobr\u00fd-past\u00fd\u0159-\u010d.-5_v\u00fdb\u011br_historie-farnosti_6.jpg 1240w\" sizes=\"auto, (max-width: 700px) 100vw, 700px\" \/><\/a> <a href=\"http:\/\/pravoslavbrno.cz\/wp-content\/uploads\/2019\/07\/Dobr\u00fd-past\u00fd\u0159-\u010d.-5_v\u00fdb\u011br_historie-farnosti_7.jpg\"><img loading=\"lazy\" decoding=\"async\" class=\"alignnone size-large wp-image-5701\" src=\"http:\/\/pravoslavbrno.cz\/wp-content\/uploads\/2019\/07\/Dobr\u00fd-past\u00fd\u0159-\u010d.-5_v\u00fdb\u011br_historie-farnosti_7-700x989.jpg\" alt=\"\" width=\"700\" height=\"989\" srcset=\"https:\/\/pravoslavnebrno.cz\/wp-content\/uploads\/2019\/07\/Dobr\u00fd-past\u00fd\u0159-\u010d.-5_v\u00fdb\u011br_historie-farnosti_7-700x989.jpg 700w, https:\/\/pravoslavnebrno.cz\/wp-content\/uploads\/2019\/07\/Dobr\u00fd-past\u00fd\u0159-\u010d.-5_v\u00fdb\u011br_historie-farnosti_7-212x300.jpg 212w, https:\/\/pravoslavnebrno.cz\/wp-content\/uploads\/2019\/07\/Dobr\u00fd-past\u00fd\u0159-\u010d.-5_v\u00fdb\u011br_historie-farnosti_7-768x1085.jpg 768w, https:\/\/pravoslavnebrno.cz\/wp-content\/uploads\/2019\/07\/Dobr\u00fd-past\u00fd\u0159-\u010d.-5_v\u00fdb\u011br_historie-farnosti_7-800x1130.jpg 800w, https:\/\/pravoslavnebrno.cz\/wp-content\/uploads\/2019\/07\/Dobr\u00fd-past\u00fd\u0159-\u010d.-5_v\u00fdb\u011br_historie-farnosti_7.jpg 1240w\" sizes=\"auto, (max-width: 700px) 100vw, 700px\" \/><\/a> <a href=\"http:\/\/pravoslavbrno.cz\/wp-content\/uploads\/2019\/07\/Dobr\u00fd-past\u00fd\u0159-\u010d.-5_v\u00fdb\u011br_historie-farnosti_8.jpg\"><img loading=\"lazy\" decoding=\"async\" class=\"alignnone size-large wp-image-5702\" src=\"http:\/\/pravoslavbrno.cz\/wp-content\/uploads\/2019\/07\/Dobr\u00fd-past\u00fd\u0159-\u010d.-5_v\u00fdb\u011br_historie-farnosti_8-700x989.jpg\" alt=\"\" width=\"700\" height=\"989\" srcset=\"https:\/\/pravoslavnebrno.cz\/wp-content\/uploads\/2019\/07\/Dobr\u00fd-past\u00fd\u0159-\u010d.-5_v\u00fdb\u011br_historie-farnosti_8-700x989.jpg 700w, https:\/\/pravoslavnebrno.cz\/wp-content\/uploads\/2019\/07\/Dobr\u00fd-past\u00fd\u0159-\u010d.-5_v\u00fdb\u011br_historie-farnosti_8-212x300.jpg 212w, https:\/\/pravoslavnebrno.cz\/wp-content\/uploads\/2019\/07\/Dobr\u00fd-past\u00fd\u0159-\u010d.-5_v\u00fdb\u011br_historie-farnosti_8-768x1085.jpg 768w, https:\/\/pravoslavnebrno.cz\/wp-content\/uploads\/2019\/07\/Dobr\u00fd-past\u00fd\u0159-\u010d.-5_v\u00fdb\u011br_historie-farnosti_8-800x1130.jpg 800w, https:\/\/pravoslavnebrno.cz\/wp-content\/uploads\/2019\/07\/Dobr\u00fd-past\u00fd\u0159-\u010d.-5_v\u00fdb\u011br_historie-farnosti_8.jpg 1240w\" sizes=\"auto, (max-width: 700px) 100vw, 700px\" \/><\/a> <a href=\"http:\/\/pravoslavbrno.cz\/wp-content\/uploads\/2019\/07\/Dobr\u00fd-past\u00fd\u0159-\u010d.-5_v\u00fdb\u011br_historie-farnosti_9.jpg\"><img loading=\"lazy\" decoding=\"async\" class=\"alignnone size-large wp-image-5703\" src=\"http:\/\/pravoslavbrno.cz\/wp-content\/uploads\/2019\/07\/Dobr\u00fd-past\u00fd\u0159-\u010d.-5_v\u00fdb\u011br_historie-farnosti_9-700x989.jpg\" alt=\"\" width=\"700\" height=\"989\" srcset=\"https:\/\/pravoslavnebrno.cz\/wp-content\/uploads\/2019\/07\/Dobr\u00fd-past\u00fd\u0159-\u010d.-5_v\u00fdb\u011br_historie-farnosti_9-700x989.jpg 700w, https:\/\/pravoslavnebrno.cz\/wp-content\/uploads\/2019\/07\/Dobr\u00fd-past\u00fd\u0159-\u010d.-5_v\u00fdb\u011br_historie-farnosti_9-212x300.jpg 212w, https:\/\/pravoslavnebrno.cz\/wp-content\/uploads\/2019\/07\/Dobr\u00fd-past\u00fd\u0159-\u010d.-5_v\u00fdb\u011br_historie-farnosti_9-768x1085.jpg 768w, https:\/\/pravoslavnebrno.cz\/wp-content\/uploads\/2019\/07\/Dobr\u00fd-past\u00fd\u0159-\u010d.-5_v\u00fdb\u011br_historie-farnosti_9-800x1130.jpg 800w, https:\/\/pravoslavnebrno.cz\/wp-content\/uploads\/2019\/07\/Dobr\u00fd-past\u00fd\u0159-\u010d.-5_v\u00fdb\u011br_historie-farnosti_9.jpg 1240w\" sizes=\"auto, (max-width: 700px) 100vw, 700px\" \/><\/a> <a href=\"http:\/\/pravoslavbrno.cz\/wp-content\/uploads\/2019\/07\/Dobr\u00fd-past\u00fd\u0159-\u010d.-5_v\u00fdb\u011br_historie-farnosti_10.jpg\"><img loading=\"lazy\" decoding=\"async\" class=\"alignnone size-large wp-image-5704\" src=\"http:\/\/pravoslavbrno.cz\/wp-content\/uploads\/2019\/07\/Dobr\u00fd-past\u00fd\u0159-\u010d.-5_v\u00fdb\u011br_historie-farnosti_10-700x989.jpg\" alt=\"\" width=\"700\" height=\"989\" srcset=\"https:\/\/pravoslavnebrno.cz\/wp-content\/uploads\/2019\/07\/Dobr\u00fd-past\u00fd\u0159-\u010d.-5_v\u00fdb\u011br_historie-farnosti_10-700x989.jpg 700w, https:\/\/pravoslavnebrno.cz\/wp-content\/uploads\/2019\/07\/Dobr\u00fd-past\u00fd\u0159-\u010d.-5_v\u00fdb\u011br_historie-farnosti_10-212x300.jpg 212w, https:\/\/pravoslavnebrno.cz\/wp-content\/uploads\/2019\/07\/Dobr\u00fd-past\u00fd\u0159-\u010d.-5_v\u00fdb\u011br_historie-farnosti_10-768x1085.jpg 768w, https:\/\/pravoslavnebrno.cz\/wp-content\/uploads\/2019\/07\/Dobr\u00fd-past\u00fd\u0159-\u010d.-5_v\u00fdb\u011br_historie-farnosti_10-800x1130.jpg 800w, https:\/\/pravoslavnebrno.cz\/wp-content\/uploads\/2019\/07\/Dobr\u00fd-past\u00fd\u0159-\u010d.-5_v\u00fdb\u011br_historie-farnosti_10.jpg 1240w\" sizes=\"auto, (max-width: 700px) 100vw, 700px\" \/><\/a><\/p>\n","protected":false},"excerpt":{"rendered":"<p>Hospodine, Bo\u017ee n\u00e1\u0161, sna\u017en\u011b T\u011b \u017e\u00e1d\u00e1me a pros\u00edme, rozpome\u0148 se na v\u0161echny pravoslavn\u00e9 k\u0159es\u0165any, zde i v\u0161ude jinde odpo\u010d\u00edvaj\u00edc\u00ed, na na\u0161e bratry a sestry v P\u00e1nu, kte\u0159\u00ed usilovali o obnoven\u00ed na\u0161\u00ed m\u00edstn\u00ed Pravoslavn\u00e9 c\u00edrkve i na\u0161\u00ed m\u00edstn\u00ed farnosti v dob\u011b p\u0159elomov\u00e9 a nesnadn\u00e9, a upokoj jejich du\u0161e tam, kde v\u0161ichni svat\u00ed odpo\u010d\u00edvaj\u00ed! P\u0159i p\u0159\u00edle\u017eitosti ned\u00e1vn\u00e9ho&#8230;<\/p>\n","protected":false},"author":3,"featured_media":0,"comment_status":"open","ping_status":"open","sticky":false,"template":"","format":"standard","meta":{"jetpack_post_was_ever_published":false,"_jetpack_newsletter_access":"","_jetpack_dont_email_post_to_subs":false,"_jetpack_newsletter_tier_id":0,"_jetpack_memberships_contains_paywalled_content":false,"_jetpack_memberships_contains_paid_content":false,"footnotes":"","jetpack_publicize_message":"","jetpack_publicize_feature_enabled":true,"jetpack_social_post_already_shared":true,"jetpack_social_options":{"image_generator_settings":{"template":"highway","default_image_id":0,"font":"","enabled":false},"version":2}},"categories":[14],"tags":[],"class_list":["post-5693","post","type-post","status-publish","format-standard","hentry","category-dejiny-pravoslavi"],"jetpack_publicize_connections":[],"jetpack_featured_media_url":"","jetpack_sharing_enabled":true,"jetpack_shortlink":"https:\/\/wp.me\/p9GyX2-1tP","jetpack-related-posts":[],"_links":{"self":[{"href":"https:\/\/pravoslavnebrno.cz\/uk\/wp-json\/wp\/v2\/posts\/5693","targetHints":{"allow":["GET"]}}],"collection":[{"href":"https:\/\/pravoslavnebrno.cz\/uk\/wp-json\/wp\/v2\/posts"}],"about":[{"href":"https:\/\/pravoslavnebrno.cz\/uk\/wp-json\/wp\/v2\/types\/post"}],"author":[{"embeddable":true,"href":"https:\/\/pravoslavnebrno.cz\/uk\/wp-json\/wp\/v2\/users\/3"}],"replies":[{"embeddable":true,"href":"https:\/\/pravoslavnebrno.cz\/uk\/wp-json\/wp\/v2\/comments?post=5693"}],"version-history":[{"count":4,"href":"https:\/\/pravoslavnebrno.cz\/uk\/wp-json\/wp\/v2\/posts\/5693\/revisions"}],"predecessor-version":[{"id":5708,"href":"https:\/\/pravoslavnebrno.cz\/uk\/wp-json\/wp\/v2\/posts\/5693\/revisions\/5708"}],"wp:attachment":[{"href":"https:\/\/pravoslavnebrno.cz\/uk\/wp-json\/wp\/v2\/media?parent=5693"}],"wp:term":[{"taxonomy":"category","embeddable":true,"href":"https:\/\/pravoslavnebrno.cz\/uk\/wp-json\/wp\/v2\/categories?post=5693"},{"taxonomy":"post_tag","embeddable":true,"href":"https:\/\/pravoslavnebrno.cz\/uk\/wp-json\/wp\/v2\/tags?post=5693"}],"curies":[{"name":"wp","href":"https:\/\/api.w.org\/{rel}","templated":true}]}}