{"id":347,"date":"2018-02-26T04:32:55","date_gmt":"2018-02-26T03:32:55","guid":{"rendered":"http:\/\/pravoslavbrno.cz\/?p=347"},"modified":"2018-02-25T19:06:59","modified_gmt":"2018-02-25T18:06:59","slug":"40-kratkych-zastaveni-se-starcem-paisijem-2","status":"publish","type":"post","link":"https:\/\/pravoslavnebrno.cz\/uk\/40-kratkych-zastaveni-se-starcem-paisijem-2\/","title":{"rendered":"40 kr\u00e1tk\u00fdch zastaven\u00ed se starcem Paisijem"},"content":{"rendered":"<p style=\"text-align: center;\"><strong>Na cest\u011b ke sv\u00e1tku Vzk\u0159\u00ed\u0161en\u00ed<\/strong><\/p>\n<p style=\"text-align: center;\"><strong>(8.)<\/strong><\/p>\n<p style=\"text-align: center;\"><a href=\"http:\/\/pravoslavbrno.cz\/wp-content\/uploads\/2018\/02\/St.-Paisij.jpg\"><img loading=\"lazy\" decoding=\"async\" class=\"alignnone wp-image-343\" src=\"http:\/\/pravoslavbrno.cz\/wp-content\/uploads\/2018\/02\/St.-Paisij-225x300.jpg\" alt=\"\" width=\"342\" height=\"456\" srcset=\"https:\/\/pravoslavnebrno.cz\/wp-content\/uploads\/2018\/02\/St.-Paisij-225x300.jpg 225w, https:\/\/pravoslavnebrno.cz\/wp-content\/uploads\/2018\/02\/St.-Paisij-768x1022.jpg 768w, https:\/\/pravoslavnebrno.cz\/wp-content\/uploads\/2018\/02\/St.-Paisij-700x931.jpg 700w, https:\/\/pravoslavnebrno.cz\/wp-content\/uploads\/2018\/02\/St.-Paisij-800x1064.jpg 800w, https:\/\/pravoslavnebrno.cz\/wp-content\/uploads\/2018\/02\/St.-Paisij.jpg 962w\" sizes=\"auto, (max-width: 342px) 100vw, 342px\" \/><\/a><\/p>\n<p>\u201eNen\u00ed t\u0159eba p\u0159\u00edli\u0161 rozeb\u00edrat, kdy\u017e n\u011bkdo ze sv\u00e9 prostoty pronese n\u011bco dogmaticky pom\u00fdlen\u00e9ho. M\u011bli bychom to p\u0159ijmout s\u00a0dobrou my\u0161lenkou, nebo\u0165 B\u016fh to posoud\u00ed podle sv\u00e9ho.\u201c<\/p>\n<p>\u03a1\u03ae\u03c3\u03b5\u03b9\u03c2 \u03ba\u03b1\u03b9 \u03b4\u03b9\u03b7\u03b3\u03ae\u03c3\u03b5\u03b9\u03c2 \u0393\u03ad\u03c1\u03bf\u03bd\u03c4\u03bf\u03c2 \u03a0\u03b1\u03ca\u03c3\u03b9\u03bf\u03c5. In: \u0391\u03c0\u03bf \u03c4\u03b7\u03bd \u03b1\u03c3\u03ba\u03b7\u03c4\u03b9\u03ba\u03ae \u03ba\u03b1\u03b9 \u03b7\u03c3\u03c5\u03c7\u03b1\u03c3\u03c4\u03b9\u03ba\u03ae \u03b1\u03b3\u03b9\u03bf\u03c1\u03b5\u03b9\u03c4\u03b9\u03ba\u03ae \u03c0\u03b1\u03c1\u03ac\u03b4\u03bf\u03c3\u03b7. \u03a4\u03b5\u03c4\u03ac\u03c1\u03c4\u03bf \u03bc\u03ad\u03c1\u03bf\u03c2, \u0386\u03b3\u03b9\u03bf\u03bd \u038c\u03c1\u03bf\u03c2 2011, s. 694.<\/p>\n","protected":false},"excerpt":{"rendered":"<p>Na cest\u011b ke sv\u00e1tku Vzk\u0159\u00ed\u0161en\u00ed (8.) \u201eNen\u00ed t\u0159eba p\u0159\u00edli\u0161 rozeb\u00edrat, kdy\u017e n\u011bkdo ze sv\u00e9 prostoty pronese n\u011bco dogmaticky pom\u00fdlen\u00e9ho. M\u011bli bychom to p\u0159ijmout s\u00a0dobrou my\u0161lenkou, nebo\u0165 B\u016fh to posoud\u00ed podle sv\u00e9ho.\u201c \u03a1\u03ae\u03c3\u03b5\u03b9\u03c2 \u03ba\u03b1\u03b9 \u03b4\u03b9\u03b7\u03b3\u03ae\u03c3\u03b5\u03b9\u03c2 \u0393\u03ad\u03c1\u03bf\u03bd\u03c4\u03bf\u03c2 \u03a0\u03b1\u03ca\u03c3\u03b9\u03bf\u03c5. In: \u0391\u03c0\u03bf \u03c4\u03b7\u03bd \u03b1\u03c3\u03ba\u03b7\u03c4\u03b9\u03ba\u03ae \u03ba\u03b1\u03b9 \u03b7\u03c3\u03c5\u03c7\u03b1\u03c3\u03c4\u03b9\u03ba\u03ae \u03b1\u03b3\u03b9\u03bf\u03c1\u03b5\u03b9\u03c4\u03b9\u03ba\u03ae \u03c0\u03b1\u03c1\u03ac\u03b4\u03bf\u03c3\u03b7. \u03a4\u03b5\u03c4\u03ac\u03c1\u03c4\u03bf \u03bc\u03ad\u03c1\u03bf\u03c2, \u0386\u03b3\u03b9\u03bf\u03bd \u038c\u03c1\u03bf\u03c2 2011, s. 694.<\/p>\n","protected":false},"author":3,"featured_media":0,"comment_status":"open","ping_status":"open","sticky":false,"template":"","format":"standard","meta":{"jetpack_post_was_ever_published":false,"_jetpack_newsletter_access":"","_jetpack_dont_email_post_to_subs":false,"_jetpack_newsletter_tier_id":0,"_jetpack_memberships_contains_paywalled_content":false,"_jetpack_memberships_contains_paid_content":false,"footnotes":"","jetpack_publicize_message":"","jetpack_publicize_feature_enabled":true,"jetpack_social_post_already_shared":true,"jetpack_social_options":{"image_generator_settings":{"template":"highway","default_image_id":0,"font":"","enabled":false},"version":2}},"categories":[10,4],"tags":[],"class_list":["post-347","post","type-post","status-publish","format-standard","hentry","category-pouceni-z-pateriku","category-pouceni"],"jetpack_publicize_connections":[],"jetpack_featured_media_url":"","jetpack_sharing_enabled":true,"jetpack_shortlink":"https:\/\/wp.me\/p9GyX2-5B","jetpack-related-posts":[],"_links":{"self":[{"href":"https:\/\/pravoslavnebrno.cz\/uk\/wp-json\/wp\/v2\/posts\/347","targetHints":{"allow":["GET"]}}],"collection":[{"href":"https:\/\/pravoslavnebrno.cz\/uk\/wp-json\/wp\/v2\/posts"}],"about":[{"href":"https:\/\/pravoslavnebrno.cz\/uk\/wp-json\/wp\/v2\/types\/post"}],"author":[{"embeddable":true,"href":"https:\/\/pravoslavnebrno.cz\/uk\/wp-json\/wp\/v2\/users\/3"}],"replies":[{"embeddable":true,"href":"https:\/\/pravoslavnebrno.cz\/uk\/wp-json\/wp\/v2\/comments?post=347"}],"version-history":[{"count":2,"href":"https:\/\/pravoslavnebrno.cz\/uk\/wp-json\/wp\/v2\/posts\/347\/revisions"}],"predecessor-version":[{"id":349,"href":"https:\/\/pravoslavnebrno.cz\/uk\/wp-json\/wp\/v2\/posts\/347\/revisions\/349"}],"wp:attachment":[{"href":"https:\/\/pravoslavnebrno.cz\/uk\/wp-json\/wp\/v2\/media?parent=347"}],"wp:term":[{"taxonomy":"category","embeddable":true,"href":"https:\/\/pravoslavnebrno.cz\/uk\/wp-json\/wp\/v2\/categories?post=347"},{"taxonomy":"post_tag","embeddable":true,"href":"https:\/\/pravoslavnebrno.cz\/uk\/wp-json\/wp\/v2\/tags?post=347"}],"curies":[{"name":"wp","href":"https:\/\/api.w.org\/{rel}","templated":true}]}}