{"id":1488,"date":"2018-04-21T22:07:11","date_gmt":"2018-04-21T21:07:11","guid":{"rendered":"http:\/\/pravoslavbrno.cz\/?p=1488"},"modified":"2018-04-22T05:42:41","modified_gmt":"2018-04-22T04:42:41","slug":"o-krase-a-uslechtilosti-ryzosti-a-vznesenosti-svateho-pravoslavi","status":"publish","type":"post","link":"https:\/\/pravoslavnebrno.cz\/uk\/o-krase-a-uslechtilosti-ryzosti-a-vznesenosti-svateho-pravoslavi\/","title":{"rendered":"O kr\u00e1se a u\u0161lechtilosti, ryzosti a vzne\u0161enosti svat\u00e9ho Pravoslav\u00ed"},"content":{"rendered":"<h3 style=\"text-align: center;\"><strong>Podle u\u010den\u00ed starce Efrema Filothejsk\u00e9ho-Arizonsk\u00e9ho<\/strong><\/h3>\n<p>Starec Efrem Filothejsk\u00fd-Arizonsk\u00fd, p\u0159i my\u0161lenk\u00e1ch a \u00favah\u00e1ch o svat\u00e9m Pravoslav\u00ed, nutn\u011b konstatuje, \u017ee my pravoslavn\u00ed na\u0161i v\u00edru ve sv\u00e9 podstat\u011b ani dokonale nezn\u00e1me: nezn\u00e1me jej\u00ed v\u00fd\u0161ku, hloubku ani \u0161\u00ed\u0159ku. A proto je t\u0159eba, abychom ji nahl\u00ed\u017eeli prizmatem cel\u00e9 jej\u00ed svatosti, kterou se vyzna\u010duje a kterou sou\u010dasn\u011b vyza\u0159uje.<\/p>\n<p>Pravoslav\u00ed je zejm\u00e9na a hlavn\u011b \u201epravda o Bohu\u201c, jak prav\u00ed starec Efrem, dod\u00e1v\u00e1 v\u0161ak, \u017ee je rovn\u011b\u017e \u201epravdou o \u010dlov\u011bku\u201c a \u201epravdou o sv\u011bt\u011b\u201c kolem n\u00e1s, jak n\u00e1m tuto pravdu p\u0159edal s\u00e1m vt\u011blen\u00fd B\u016fh skrze sv\u00e9 v\u00fdjime\u010dn\u00e9 u\u010den\u00ed, prost\u0159ednictv\u00edm sv\u00e9ho svat\u00e9ho \u017eivota a d\u00edky sv\u00e9 vykupiteln\u00e9 ob\u011bti.<\/p>\n<p style=\"text-align: center;\"><a href=\"http:\/\/pravoslavbrno.cz\/wp-content\/uploads\/2018\/04\/4e46b08b280f84366c6c6fc6ab8e8aa9-amen-faith.jpg\"><img loading=\"lazy\" decoding=\"async\" class=\"alignnone wp-image-1487\" src=\"http:\/\/pravoslavbrno.cz\/wp-content\/uploads\/2018\/04\/4e46b08b280f84366c6c6fc6ab8e8aa9-amen-faith-209x300.jpg\" alt=\"\" width=\"467\" height=\"670\" srcset=\"https:\/\/pravoslavnebrno.cz\/wp-content\/uploads\/2018\/04\/4e46b08b280f84366c6c6fc6ab8e8aa9-amen-faith-209x300.jpg 209w, https:\/\/pravoslavnebrno.cz\/wp-content\/uploads\/2018\/04\/4e46b08b280f84366c6c6fc6ab8e8aa9-amen-faith.jpg 236w\" sizes=\"auto, (max-width: 467px) 100vw, 467px\" \/><\/a><\/p>\n<p>Tuto pravdu n\u00e1m zprost\u0159edkovateli bohohlasn\u00ed apo\u0161tol\u00e9, evangelist\u00e9 a v\u0161ichni jejich n\u00e1sledovn\u00edci, kte\u0159\u00ed zv\u011b\u010dnili tuto Pravdu ve sv\u00fdch \u017eivotech a k\u00e1z\u00e1n\u00edch.<\/p>\n<p>Starec Efrem mimo jin\u00e9 prav\u00ed: \u201ePravoslav\u00ed je podivuhodnou synt\u00e9zou dogmatu (v\u011brouky) a \u00e9tosu, theorie a praxe,\u201c jak n\u00e1m ji p\u0159edali duchonosn\u00ed Otcov\u00e9 z\u00a0Alexandrie, z\u00a0Konstantinopole, Kappadokie, S\u00fdrie a Svat\u00e9 Hory Athos.<\/p>\n<p>V\u0161ichni tito svat\u00ed a v\u00a0Bohu moud\u0159\u00ed lid\u00e9, od svat\u00e9ho Polykarpa Smyrensk\u00e9ho, u\u010dedn\u00edka svat\u00fdch apo\u0161tol\u016f, a\u017e po svat\u00e9ho Nikod\u00e9ma Svatohorce, kter\u00fd zem\u0159el po\u010d\u00e1tkem 19. stolet\u00ed, n\u00e1m p\u0159edali d\u00edky sv\u00e9 ob\u011bti, z\u00e1pasu a svatosti \u201eodkaz\u201c prav\u00e9 v\u00edry a \u017eivota, tento poklad pravoslavn\u00e9 tradice.<\/p>\n<p>Pravoslav\u00ed je podle starce Efrema rovn\u011b\u017e t\u00edm,\u00a0\u201eco zaznamenaly se v\u0161\u00ed v\u00fdznamnost\u00ed sn\u011bmy, ona po\u017eehnan\u00e1 v\u0161eobecn\u00e1 shrom\u00e1\u017ed\u011bn\u00ed t\u00e9to ve sv\u011bt\u011b p\u0159eb\u00fdvaj\u00edc\u00ed C\u00edrkve Kristovy\u201c.<!--more--><\/p>\n<p>Pravoslav\u00ed zape\u010detili sv\u00fdmi \u017eivoty tak\u00e9 mu\u010dedn\u00edci v\u0161ech dob skrze svoji ctihodnou krev. Cel\u00fd z\u00e1stup statis\u00edc\u016f hrdin\u016f a vyznava\u010d\u016f, mu\u017e\u016f, \u017een i d\u011bt\u00ed. Po\u010d\u00ednaje \u0159\u00edmsk\u00fdmi amfite\u00e1try a\u017e po bitevn\u00ed pole Ruska; ti v\u0161ichni uk\u00e1zali a dosv\u011bd\u010dili, \u017ee \u201ek\u0159es\u0165anstv\u00ed nen\u00ed pouh\u00e1 teorie, n\u00fdbr\u017e pravda a \u017eivot\u201c.<\/p>\n<p>Jak\u00e9 hrdinstv\u00ed, jak\u00e9 v\u00edt\u011bzstv\u00ed nad surovou nen\u00e1vist\u00ed, nad moc\u00ed hmoty, jak\u00e1 moc a kr\u00e1lovstv\u00ed Ducha.<\/p>\n<p>Spolu s\u00a0t\u00edm se objevily p\u00edsn\u011b, \u00f3dy a hymny veleb\u00edc\u00ed Pravoslav\u00ed, a tak\u00e9 bohoslu\u017eba, kter\u00e1 spojuje sv\u011bt p\u0159irozen\u00fd s t\u00edm\u00a0nadp\u0159irozen\u00fdm; sv\u011btsk\u00e9 s\u00a0nebesk\u00fdm, individu\u00e1lnost se spole\u010denskost\u00ed&#8230;<\/p>\n<p>A uvnit\u0159 t\u00e9to atmosf\u00e9ry du\u0161evn\u00edho vzep\u011bt\u00ed a posv\u00e1tnosti se ocit\u00e1me uprost\u0159ed tajnod\u011bjn\u00e9ho symbolismu a re\u00e1ln\u00e9ho tajemstv\u00ed ob\u011bti Boho\u010dlov\u011bka Krista, uprost\u0159ed dramatu Svat\u00e9 liturgie, j\u00ed\u017e se \u00fa\u010dastn\u00ed v\u0161ichni v\u011b\u0159\u00edc\u00ed spole\u010dn\u011b.<\/p>\n<p style=\"text-align: center;\"><a href=\"http:\/\/pravoslavbrno.cz\/wp-content\/uploads\/2018\/04\/\u03b9\u03c9\u03c3\u03b7\u03c620\u03b7\u03c3\u03c5\u03c7\u03b1\u03c3\u03c4\u03b7\u03c220\u03ba\u03b1\u03b920\u03c3\u03c5\u03bd\u03bf\u03b4\u03b5\u03b9\u03b1.png\"><img loading=\"lazy\" decoding=\"async\" class=\"alignnone wp-image-1486\" src=\"http:\/\/pravoslavbrno.cz\/wp-content\/uploads\/2018\/04\/\u03b9\u03c9\u03c3\u03b7\u03c620\u03b7\u03c3\u03c5\u03c7\u03b1\u03c3\u03c4\u03b7\u03c220\u03ba\u03b1\u03b920\u03c3\u03c5\u03bd\u03bf\u03b4\u03b5\u03b9\u03b1-240x300.png\" alt=\"\" width=\"510\" height=\"638\" srcset=\"https:\/\/pravoslavnebrno.cz\/wp-content\/uploads\/2018\/04\/\u03b9\u03c9\u03c3\u03b7\u03c620\u03b7\u03c3\u03c5\u03c7\u03b1\u03c3\u03c4\u03b7\u03c220\u03ba\u03b1\u03b920\u03c3\u03c5\u03bd\u03bf\u03b4\u03b5\u03b9\u03b1-240x300.png 240w, https:\/\/pravoslavnebrno.cz\/wp-content\/uploads\/2018\/04\/\u03b9\u03c9\u03c3\u03b7\u03c620\u03b7\u03c3\u03c5\u03c7\u03b1\u03c3\u03c4\u03b7\u03c220\u03ba\u03b1\u03b920\u03c3\u03c5\u03bd\u03bf\u03b4\u03b5\u03b9\u03b1.png 342w\" sizes=\"auto, (max-width: 510px) 100vw, 510px\" \/><\/a><\/p>\n<p style=\"text-align: center;\"><em>Spole\u010denstv\u00ed u\u010dedn\u00edk\u016f kolem v\u011bhlasn\u00e9ho starce Josefa Hesychasta<br \/>\n(Sloupovn\u00edka,<\/em>+ 1959)<br \/>\n<em>Starec Efrem Filothejsk\u00fd-Arizonsk\u00fd jako prvn\u00ed zprava.<\/em><\/p>\n<p>P\u0159i tomto \u00fast\u0159edn\u00edm liturgick\u00e9m ob\u0159adu vzn\u00e1\u0161\u00edme chv\u00e1ly a op\u011bvujeme giganty na\u0161\u00ed v\u00edry na \u010dele s\u00a0P\u0159esvatou Bohorodic\u00ed. Zde se op\u011bvuje na\u0161e dogma (\u010dili v\u011brouka), av\u0161ak nejen jako\u00a0v\u011brou\u010dn\u00e1 pravda, n\u00fdbr\u017e tak\u00e9 jako pravda, kter\u00e1 napl\u0148uje\u00a0a odpov\u00edd\u00e1\u00a0p\u0159\u00e1n\u00edm a touh\u00e1m \u010dlov\u011bka&#8230;<!--more--><\/p>\n<p>Hlavn\u00edm smyslem na\u0161\u00ed v\u00edry je povzn\u00e9st na\u0161e mravy, \u00e9tos, uvnit\u0159 na\u0161\u00ed spole\u010dnosti. \u201eZ\u00e1kladn\u00edm znakem Pravoslav\u00ed je filantropie (projev lidumilnosti) v\u00a0t\u00e9 nejhlub\u0161\u00ed mo\u017en\u00e9 m\u00ed\u0159e. Nejen jako skutek milosrdenstv\u00ed, ale obecn\u011b jako n\u011b\u017en\u00fd p\u0159\u00edstup ke spolubli\u017en\u00edmu. Soci\u00e1ln\u00ed p\u00e9\u010de nen\u00ed v\u00fddobytkem posledn\u00edch n\u011bkolika stolet\u00ed. Vznikla v\u00a0Jeruzal\u00e9m\u011b, hned po Vzk\u0159\u00ed\u0161en\u00ed na\u0161eho Spasitele. Zde se konaly prvn\u00ed spole\u010dn\u00e9 stoly (pohostinnost), jak se lze do\u010d\u00edst ve Skutc\u00edch svat\u00fdch Apo\u0161tol\u016f, kter\u00fdm slou\u017eilo prvn\u00edch sedm di\u00e1kon\u016f.\u201c<\/p>\n<p>Nen\u00ed hor\u0161\u00edho p\u0159ekroucen\u00ed pravdy ne\u017e to, kdy\u017e n\u011bkdo \u0159ekne, \u017ee svat\u00ed c\u00edrkevn\u00ed Otcov\u00e9 se zab\u00fdvali pouze teologi\u00ed a dogmatem, \u0159\u00edk\u00e1 starec Efrem. V\u017edy\u0165 v\u00a0dob\u011b, kdy se sch\u00e1zely prvn\u00ed v\u0161eobecn\u00e9 sn\u011bmy, p\u016fsobila ji\u017e Basili\u00e1da v\u00a0Caesareji pod veden\u00edm sv. Basila Velik\u00e9ho \u010di spole\u010dn\u00e9 stoly pro p\u011bt tis\u00edc chud\u00fdch v\u00a0Konstantinopoli \u010di prvn\u00ed porodn\u00ed \u00fastavy v\u00a0Alexandrii. A nebyli to pouze biskupov\u00e9, n\u00fdbr\u017e tak\u00e9 c\u00edsa\u0159i a mni\u0161i, kte\u0159\u00ed se v\u0161ichni zapojovali do t\u011bchto skutk\u016f l\u00e1sky. Pro v\u0161echny tyto p\u0159edstavitele bylo svat\u00e9 Pravoslav\u00ed sou\u010dasn\u011b vyzn\u00e1n\u00edm v\u00edry i aktivn\u00ed \u201eorthoprax\u00ed\u201c.<\/p>\n<p>Skute\u010dn\u00ed n\u00e1sledovn\u00edci pravoslavn\u00e9 v\u00edry a d\u011bti svat\u00e9 C\u00edrkve byli v\u017edy ochotni za zachov\u00e1n\u00ed \u010distoty v\u00edry polo\u017eit sv\u00e9 drahocenn\u00e9 \u017eivoty. Pravoslavn\u00ed k\u0159es\u0165an\u00e9 se v\u017edy\u00a0dok\u00e1zali postavit proti zlov\u016fli sv\u011btsk\u00e9 \u010di jin\u00e9 moci, a\u0165 ji\u017e ze strany Juli\u00e1na Odpadl\u00edka, Ari\u00e1n\u016f nebo stoupenc\u016f monofyzitismu a\u017e po ikonoborce a latinsky sm\u00fd\u0161lej\u00edc\u00ed mnichy.<\/p>\n<p>\u201e\u0158ady t\u011bchto hrdin\u016f Pravoslavn\u00e9 c\u00edrkve nezahrnuj\u00ed pouze sv. Athan\u00e1sia Velik\u00e9ho, Basila Velik\u00e9ho a Jana Zlato\u00fast\u00e9ho, n\u00fdbr\u017e tak\u00e9 sv. Theodora Studitu se v\u0161emi jeho mnichy, sv. Maxima Vyznava\u010de a velk\u00e9ho hrdinu na\u0161\u00ed v\u00edry sv. Marka Efezsk\u00e9ho.\u201c<\/p>\n<p>Starec Efrem se dot\u00fdk\u00e1 tak\u00e9 t\u00e9matu misije a jej\u00edho p\u0159\u00edstupu, kdy\u017e \u0159\u00edk\u00e1, \u017ee \u201eC\u00edrkev, ani\u017e by se dopou\u0161t\u011bla prozelytismu, vyza\u0159ovala naopak na v\u0161echny strany Sv\u011btlo svat\u00e9ho Evangelia, vzd\u011blanosti, l\u00e1sky a u\u0161lechtilosti\u201c.<\/p>\n<p style=\"text-align: center;\"><a href=\"http:\/\/pravoslavbrno.cz\/wp-content\/uploads\/2018\/04\/i284289739492272184__szw480h1280_.jpg\"><img loading=\"lazy\" decoding=\"async\" class=\"alignnone wp-image-1485\" src=\"http:\/\/pravoslavbrno.cz\/wp-content\/uploads\/2018\/04\/i284289739492272184__szw480h1280_-164x300.jpg\" alt=\"\" width=\"342\" height=\"626\" srcset=\"https:\/\/pravoslavnebrno.cz\/wp-content\/uploads\/2018\/04\/i284289739492272184__szw480h1280_-164x300.jpg 164w, https:\/\/pravoslavnebrno.cz\/wp-content\/uploads\/2018\/04\/i284289739492272184__szw480h1280_.jpg 480w\" sizes=\"auto, (max-width: 342px) 100vw, 342px\" \/><\/a><\/p>\n<p style=\"text-align: center;\"><em>Starec Efrem Filothejsk\u00fd-Arizonsk\u00fd se starcem Josefem Hesychastou<\/em><\/p>\n<p>Tento p\u0159\u00edstup ve sv\u00e9 praxi potvrzuj\u00ed zejm\u00e9na T\u0159i sv\u011btitel\u00e9, kte\u0159\u00ed \u201eosv\u00edtili cel\u00e9 stvo\u0159en\u00ed pramenem prav\u00e9ho u\u010den\u00ed o Bohu a \u010dlov\u011bku\u201c, a jak prav\u00ed tropar k\u00a0jejich sv\u00e1tku, \u201ezu\u0161lechtili lidsk\u00e9 mravy\u201c.<\/p>\n<p>\u201ePravoslav\u00ed v\u017edy p\u0159edstavovalo zlatou st\u0159edn\u00ed (kr\u00e1lovskou) cestu svat\u00e9ho Evangelia. V\u017edy zachovalo\u00a0ryz\u00edho (nefal\u0161ovan\u00e9ho) ducha k\u0159es\u0165anstv\u00ed a ubr\u00e1nilo\u00a0ho\u00a0proti tm\u00e1\u0159stv\u00ed mysticismu v\u00fdchodn\u00edch herez\u00ed, proti papocesaristick\u00e9mu centralismu Latin\u016f a racion\u00e1ln\u00edmu subjektivismu protestant\u016f. Pravoslav\u00ed v\u017edy zachov\u00e1valo m\u00edru a harmonii, nikdy ne krajnost. D\u011blo se tak d\u00edky skute\u010dnosti, \u017ee svat\u00ed Otcov\u00e9 se nech\u00e1vali \u0159\u00eddit Duchem svat\u00fdm.\u201c<\/p>\n<p>Pravoslav\u00ed podle starce Efrema nikdy nezneva\u017eovalo \u010dlov\u011bka, ale ani lidskou moudrost, ani p\u0159\u00edrodu, ani um\u011bn\u00ed, nikdy nejednalo nelidsky. V\u0161e naopak posv\u011bcovalo a vytv\u00e1\u0159elo kulturnost.<\/p>\n<p>\u201ePravoslav\u00ed je cestou celistv\u00e9ho \u2013 ve v\u0161ech sm\u011brech komplexn\u00edho \u010dlov\u011bka \u2013 sm\u011brem k\u00a0jeho Stvo\u0159iteli, sm\u011brem ke zbo\u017e\u0161t\u011bn\u00ed (theosi). Vede \u010dlov\u011bka k\u00a0\u00fapln\u00e9mu rozvoji v\u00a0Kristu a pro Krista. Pravoslav\u00ed nen\u00ed pouze <em>znamenitou<\/em> (par excellence) teologi\u00ed, je tak\u00e9 aktu\u00e1ln\u00ed a sou\u010dasn\u011b pravdivou psychologi\u00ed, ryz\u00ed lidskost\u00ed a spole\u010denskost\u00ed. Pravoslav\u00ed je mnohost\u011bnn\u00fd diamant, kter\u00fd na v\u0161ech sv\u00fdch stran\u00e1ch zjevuje nov\u00e9 odrazy pravdy.\u201c<\/p>\n<p>\u201ePoznejme tedy na\u0161e Pravoslav\u00ed,\u201c jak n\u00e1s vyb\u00edz\u00ed starec Efrem, \u201eav\u0161ak nikoli teoreticky, n\u00fdbr\u017e pro\u017eijme\u00a0ho a hledejme ho v\u00a0cel\u00e9 jeho \u0161\u00ed\u0159i a hloubi. Pouze tak ho m\u016f\u017eeme skute\u010dn\u011b objevit a pochopit.\u201c<\/p>\n<p>Podle starce Efrema nen\u00ed Pravoslav\u00ed ani muzejn\u00edm artefaktem, ani vyprahlou minulost\u00ed, n\u00fdbr\u017e a jedin\u011b \u201e\u017eivotem\u201c, \u201etvo\u0159ivost\u00ed\u201c a \u201evyza\u0159ov\u00e1n\u00edm sv\u011btla\u201c. \u201eJe na\u0161\u00ed nad\u011bj\u00ed a chloubou v\u00a0Kristu.\u201c<\/p>\n<p>Tuto na\u0161i posv\u00e1tnou zbo\u017enost a v\u00edru, zlatou nad\u011bji a velkou my\u0161lenku, m\u00e1me proto zv\u011bstovat s\u00a0odvahou a state\u010dnost\u00ed, se sl\u00e1vou a pam\u00e1tkou na velk\u00e9 hrdiny na\u0161\u00ed v\u00edry.<a href=\"#_ftn1\" name=\"_ftnref1\">[1]<\/a><\/p>\n<p><a href=\"#_ftnref1\" name=\"_ftn1\">[1]<\/a> \u0395\u03a6\u03a1\u0391\u0399\u039c, \u03b3\u03ad\u03c1\u03bf\u03bd\u03c4\u03b1\u03c2: <em>\u0394\u03bf\u03ba\u03b9\u03bc\u03b1\u03c3\u03bc\u03ad\u03bd\u03b5\u03c2<\/em> <em>\u03c0\u03bd\u03b5\u03c5\u03bc\u03b1\u03c4\u03b9\u03ba\u03ad\u03c2<\/em> <em>\u03bd\u03bf\u03c5\u03b8\u03b5\u03c3\u03af\u03b5\u03c2<\/em> <em>\u03c0\u03c1\u03bf\u03c2<\/em> <em>\u03b1\u03c0\u03cc\u03ba\u03c4\u03b7\u03c3\u03b7<\/em> <em>\u03c4\u03b7\u03c2<\/em> <em>\u03c8\u03c5\u03c7\u03b9\u03ba\u03ae\u03c2<\/em> <em>\u03c5\u03b3\u03b5\u03af\u03b1\u03c2<\/em> <em>\u03ba\u03b1\u03b9<\/em> <em>\u03c4\u03b7\u03c2<\/em> <em>\u03c3\u03c9\u03c4\u03b7\u03c1\u03af\u03b1\u03c2<\/em> <em>\u03bc\u03b1\u03c2<\/em>. \u201e\u039f\u03c1\u03b8\u03bf\u03b4\u03cc\u03be\u03bf\u03c5 \u03ba\u03c5\u03c8\u03ad\u03bb\u03b7\u03c2\u201c, \u0398\u03b5\u03b1\u03c3\u03c3\u03b1\u03bb\u03bf\u03bd\u03af\u03ba\u03b7 2001, s. 27-31.<\/p>\n<p style=\"text-align: right;\">MD<\/p>\n<p><strong>Dokument o pravoslavn\u00e9m\u00a0Monast\u00fdru sv. Antonia Velik\u00e9ho v americk\u00e9 Arizon\u011b<\/strong><\/p>\n<p>(v angli\u010dtin\u011b)<\/p>\n<blockquote class=\"wp-embedded-content\" data-secret=\"jQ0fpWVaET\"><p><a href=\"http:\/\/greekreporter.com\/desert-monks-the-orthodox-brotherhood-of-st-anthony-in-arizona-full-documentary\/\">Desert Monks: The Orthodox Brotherhood of St. Anthony in Arizona (Full Documentary)<\/a><\/p><\/blockquote>\n<p><iframe loading=\"lazy\" class=\"wp-embedded-content\" sandbox=\"allow-scripts\" security=\"restricted\" style=\"position: absolute; clip: rect(1px, 1px, 1px, 1px);\" src=\"http:\/\/greekreporter.com\/desert-monks-the-orthodox-brotherhood-of-st-anthony-in-arizona-full-documentary\/embed\/#?secret=jQ0fpWVaET\" data-secret=\"jQ0fpWVaET\" width=\"600\" height=\"338\" title=\"&#8220;Desert Monks: The Orthodox Brotherhood of St. Anthony in Arizona (Full Documentary)&#8221; &#8212; GreekReporter.com\" frameborder=\"0\" marginwidth=\"0\" marginheight=\"0\" scrolling=\"no\"><\/iframe><\/p>\n<p><span class=\"embed-youtube\" style=\"text-align:center; display: block;\"><iframe loading=\"lazy\" class=\"youtube-player\" width=\"700\" height=\"394\" src=\"https:\/\/www.youtube.com\/embed\/gTqNx7nXJQI?version=3&#038;rel=1&#038;showsearch=0&#038;showinfo=1&#038;iv_load_policy=1&#038;fs=1&#038;hl=uk&#038;autohide=2&#038;wmode=transparent\" allowfullscreen=\"true\" style=\"border:0;\" sandbox=\"allow-scripts allow-same-origin allow-popups allow-presentation allow-popups-to-escape-sandbox\"><\/iframe><\/span><\/p>\n<p>&nbsp;<\/p>\n<p><strong>Medailon o starci Efremovi Arizonsk\u00e9m<\/strong><\/p>\n<p>(v ru\u0161tin\u011b)<\/p>\n<p><span class=\"embed-youtube\" style=\"text-align:center; display: block;\"><iframe loading=\"lazy\" class=\"youtube-player\" width=\"700\" height=\"394\" src=\"https:\/\/www.youtube.com\/embed\/oR-szRLIBkk?version=3&#038;rel=1&#038;showsearch=0&#038;showinfo=1&#038;iv_load_policy=1&#038;fs=1&#038;hl=uk&#038;autohide=2&#038;wmode=transparent\" allowfullscreen=\"true\" style=\"border:0;\" sandbox=\"allow-scripts allow-same-origin allow-popups allow-presentation allow-popups-to-escape-sandbox\"><\/iframe><\/span><\/p>\n","protected":false},"excerpt":{"rendered":"<p>Podle u\u010den\u00ed starce Efrema Filothejsk\u00e9ho-Arizonsk\u00e9ho Starec Efrem Filothejsk\u00fd-Arizonsk\u00fd, p\u0159i my\u0161lenk\u00e1ch a \u00favah\u00e1ch o svat\u00e9m Pravoslav\u00ed, nutn\u011b konstatuje, \u017ee my pravoslavn\u00ed na\u0161i v\u00edru ve sv\u00e9 podstat\u011b ani dokonale nezn\u00e1me: nezn\u00e1me jej\u00ed v\u00fd\u0161ku, hloubku ani \u0161\u00ed\u0159ku. A proto je t\u0159eba, abychom ji nahl\u00ed\u017eeli prizmatem cel\u00e9 jej\u00ed svatosti, kterou se vyzna\u010duje a kterou sou\u010dasn\u011b vyza\u0159uje. Pravoslav\u00ed je zejm\u00e9na&#8230;<\/p>\n","protected":false},"author":3,"featured_media":0,"comment_status":"open","ping_status":"open","sticky":false,"template":"","format":"standard","meta":{"jetpack_post_was_ever_published":false,"_jetpack_newsletter_access":"","_jetpack_dont_email_post_to_subs":false,"_jetpack_newsletter_tier_id":0,"_jetpack_memberships_contains_paywalled_content":false,"_jetpack_memberships_contains_paid_content":false,"footnotes":"","jetpack_publicize_message":"","jetpack_publicize_feature_enabled":true,"jetpack_social_post_already_shared":true,"jetpack_social_options":{"image_generator_settings":{"template":"highway","default_image_id":0,"font":"","enabled":false},"version":2}},"categories":[4,12],"tags":[],"class_list":["post-1488","post","type-post","status-publish","format-standard","hentry","category-pouceni","category-pravoslavi"],"jetpack_publicize_connections":[],"jetpack_featured_media_url":"","jetpack_sharing_enabled":true,"jetpack_shortlink":"https:\/\/wp.me\/p9GyX2-o0","jetpack-related-posts":[],"_links":{"self":[{"href":"https:\/\/pravoslavnebrno.cz\/uk\/wp-json\/wp\/v2\/posts\/1488","targetHints":{"allow":["GET"]}}],"collection":[{"href":"https:\/\/pravoslavnebrno.cz\/uk\/wp-json\/wp\/v2\/posts"}],"about":[{"href":"https:\/\/pravoslavnebrno.cz\/uk\/wp-json\/wp\/v2\/types\/post"}],"author":[{"embeddable":true,"href":"https:\/\/pravoslavnebrno.cz\/uk\/wp-json\/wp\/v2\/users\/3"}],"replies":[{"embeddable":true,"href":"https:\/\/pravoslavnebrno.cz\/uk\/wp-json\/wp\/v2\/comments?post=1488"}],"version-history":[{"count":9,"href":"https:\/\/pravoslavnebrno.cz\/uk\/wp-json\/wp\/v2\/posts\/1488\/revisions"}],"predecessor-version":[{"id":1490,"href":"https:\/\/pravoslavnebrno.cz\/uk\/wp-json\/wp\/v2\/posts\/1488\/revisions\/1490"}],"wp:attachment":[{"href":"https:\/\/pravoslavnebrno.cz\/uk\/wp-json\/wp\/v2\/media?parent=1488"}],"wp:term":[{"taxonomy":"category","embeddable":true,"href":"https:\/\/pravoslavnebrno.cz\/uk\/wp-json\/wp\/v2\/categories?post=1488"},{"taxonomy":"post_tag","embeddable":true,"href":"https:\/\/pravoslavnebrno.cz\/uk\/wp-json\/wp\/v2\/tags?post=1488"}],"curies":[{"name":"wp","href":"https:\/\/api.w.org\/{rel}","templated":true}]}}