{"id":351,"date":"2018-02-24T14:48:25","date_gmt":"2018-02-24T13:48:25","guid":{"rendered":"http:\/\/pravoslavbrno.cz\/?p=351"},"modified":"2018-02-24T14:49:36","modified_gmt":"2018-02-24T13:49:36","slug":"starec-sofronij-o-svobode-cloveka","status":"publish","type":"post","link":"https:\/\/pravoslavnebrno.cz\/ru\/starec-sofronij-o-svobode-cloveka\/","title":{"rendered":"Starec Sofronij o svobod\u011b \u010dlov\u011bka"},"content":{"rendered":"<p>\u201eSvobodu \u010dlov\u011bka ni\u010d\u00ed ka\u017ed\u00fd, kdo by cht\u011bl zotro\u010dit sv\u00e9ho bratra (bli\u017en\u00edho), by\u0165 by cht\u011bl jeho svobodu t\u0159eba jen omezit, a takov\u00fd \u010dlov\u011bk nevyhnuteln\u011b ni\u010d\u00ed p\u0159edn\u011b svoji vlastn\u00ed svobodu, proto\u017ee ka\u017ed\u00fd takov\u00fd \u00famysl je s\u00e1m o sob\u011b ji\u017e odpadnut\u00edm od bo\u017esk\u00e9ho \u017eivota l\u00e1sky, k n\u00ed\u017e byl \u010dlov\u011bk povol\u00e1n.\u201c<\/p>\n<p style=\"text-align: left;\">Starec Sofronij z Essexu<\/p>\n<p><a href=\"http:\/\/pravoslavbrno.cz\/wp-content\/uploads\/2018\/02\/Essex.jpg\"><img loading=\"lazy\" decoding=\"async\" class=\" wp-image-350 aligncenter\" src=\"http:\/\/pravoslavbrno.cz\/wp-content\/uploads\/2018\/02\/Essex-300x194.jpg\" alt=\"\" width=\"518\" height=\"335\" srcset=\"https:\/\/pravoslavnebrno.cz\/wp-content\/uploads\/2018\/02\/Essex-300x194.jpg 300w, https:\/\/pravoslavnebrno.cz\/wp-content\/uploads\/2018\/02\/Essex.jpg 700w\" sizes=\"auto, (max-width: 518px) 100vw, 518px\" \/><\/a><\/p>\n<p>Zdroj: FB<\/p>\n","protected":false},"excerpt":{"rendered":"<p>\u201eSvobodu \u010dlov\u011bka ni\u010d\u00ed ka\u017ed\u00fd, kdo by cht\u011bl zotro\u010dit sv\u00e9ho bratra (bli\u017en\u00edho), by\u0165 by cht\u011bl jeho svobodu t\u0159eba jen omezit, a takov\u00fd \u010dlov\u011bk nevyhnuteln\u011b ni\u010d\u00ed p\u0159edn\u011b svoji vlastn\u00ed svobodu, proto\u017ee ka\u017ed\u00fd takov\u00fd \u00famysl je s\u00e1m o sob\u011b ji\u017e odpadnut\u00edm od bo\u017esk\u00e9ho \u017eivota l\u00e1sky, k n\u00ed\u017e byl \u010dlov\u011bk povol\u00e1n.\u201c Starec Sofronij z Essexu Zdroj: FB<\/p>\n","protected":false},"author":3,"featured_media":0,"comment_status":"open","ping_status":"open","sticky":false,"template":"","format":"standard","meta":{"jetpack_post_was_ever_published":false,"_jetpack_newsletter_access":"","_jetpack_dont_email_post_to_subs":false,"_jetpack_newsletter_tier_id":0,"_jetpack_memberships_contains_paywalled_content":false,"_jetpack_memberships_contains_paid_content":false,"footnotes":"","jetpack_publicize_message":"","jetpack_publicize_feature_enabled":true,"jetpack_social_post_already_shared":true,"jetpack_social_options":{"image_generator_settings":{"template":"highway","default_image_id":0,"font":"","enabled":false},"version":2}},"categories":[9,4],"tags":[],"class_list":["post-351","post","type-post","status-publish","format-standard","hentry","category-pouceni-svatych-otcu","category-pouceni"],"jetpack_publicize_connections":[],"jetpack_featured_media_url":"","jetpack_sharing_enabled":true,"jetpack_shortlink":"https:\/\/wp.me\/p9GyX2-5F","jetpack-related-posts":[],"_links":{"self":[{"href":"https:\/\/pravoslavnebrno.cz\/ru\/wp-json\/wp\/v2\/posts\/351","targetHints":{"allow":["GET"]}}],"collection":[{"href":"https:\/\/pravoslavnebrno.cz\/ru\/wp-json\/wp\/v2\/posts"}],"about":[{"href":"https:\/\/pravoslavnebrno.cz\/ru\/wp-json\/wp\/v2\/types\/post"}],"author":[{"embeddable":true,"href":"https:\/\/pravoslavnebrno.cz\/ru\/wp-json\/wp\/v2\/users\/3"}],"replies":[{"embeddable":true,"href":"https:\/\/pravoslavnebrno.cz\/ru\/wp-json\/wp\/v2\/comments?post=351"}],"version-history":[{"count":5,"href":"https:\/\/pravoslavnebrno.cz\/ru\/wp-json\/wp\/v2\/posts\/351\/revisions"}],"predecessor-version":[{"id":356,"href":"https:\/\/pravoslavnebrno.cz\/ru\/wp-json\/wp\/v2\/posts\/351\/revisions\/356"}],"wp:attachment":[{"href":"https:\/\/pravoslavnebrno.cz\/ru\/wp-json\/wp\/v2\/media?parent=351"}],"wp:term":[{"taxonomy":"category","embeddable":true,"href":"https:\/\/pravoslavnebrno.cz\/ru\/wp-json\/wp\/v2\/categories?post=351"},{"taxonomy":"post_tag","embeddable":true,"href":"https:\/\/pravoslavnebrno.cz\/ru\/wp-json\/wp\/v2\/tags?post=351"}],"curies":[{"name":"wp","href":"https:\/\/api.w.org\/{rel}","templated":true}]}}