{"id":3211,"date":"2018-09-12T01:09:50","date_gmt":"2018-09-12T00:09:50","guid":{"rendered":"http:\/\/pravoslavbrno.cz\/?p=3211"},"modified":"2018-09-12T05:26:44","modified_gmt":"2018-09-12T04:26:44","slug":"vse-ostatni-je-druhorade-jen-druhorade","status":"publish","type":"post","link":"https:\/\/pravoslavnebrno.cz\/ru\/vse-ostatni-je-druhorade-jen-druhorade\/","title":{"rendered":"V\u0161e ostatn\u00ed je druho\u0159ad\u00e9, jen druho\u0159ad\u00e9"},"content":{"rendered":"<h2 style=\"text-align: center;\"><strong>Starec Efrem Filothejsk\u00fd-Arizonsk\u00fd<\/strong><\/h2>\n<p style=\"text-align: center;\"><a href=\"http:\/\/pravoslavbrno.cz\/wp-content\/uploads\/2018\/08\/38612167_1825466607530908_2535064915585007616_n.jpg\"><img loading=\"lazy\" decoding=\"async\" class=\"alignnone wp-image-2977\" src=\"http:\/\/pravoslavbrno.cz\/wp-content\/uploads\/2018\/08\/38612167_1825466607530908_2535064915585007616_n-201x300.jpg\" alt=\"\" width=\"364\" height=\"543\" srcset=\"https:\/\/pravoslavnebrno.cz\/wp-content\/uploads\/2018\/08\/38612167_1825466607530908_2535064915585007616_n-201x300.jpg 201w, https:\/\/pravoslavnebrno.cz\/wp-content\/uploads\/2018\/08\/38612167_1825466607530908_2535064915585007616_n.jpg 428w\" sizes=\"auto, (max-width: 364px) 100vw, 364px\" \/><\/a><\/p>\n<h2 style=\"text-align: center;\"><strong>V\u0161e ostatn\u00ed je druho\u0159ad\u00e9, jen druho\u0159ad\u00e9&#8230;<\/strong><\/h2>\n<p>V\u0161e ostatn\u00ed je druho\u0159ad\u00e9, jen druho\u0159ad\u00e9.<\/p>\n<p>To, co je nejp\u0159edn\u011bj\u0161\u00ed, je jm\u00e9no na\u0161eho Krista, a j\u00e1 jsem nyn\u00ed, po t\u011bch mnoha pro\u017eit\u00fdch letech, zjistil a p\u0159esv\u011bd\u010dil se, \u017ee jedin\u011b l\u00e1skou m\u016f\u017ee b\u00fdt z\u00edsk\u00e1n n\u011bjak\u00fd \u010dlov\u011bk.<\/p>\n<p>M\u016fj \u017eivot byl pln\u00fd n\u00e1mahy a bolesti, v\u00a0dob\u011b velk\u00e9 chudoby, kdy\u017e zde byli N\u011bmci, pak v\u00a0dob\u011b okupace, kdy byl hlad, ale tak\u00e9 v\u00a0mnoh\u00fdch zkou\u0161k\u00e1ch a poku\u0161en\u00edch a z\u00e1rmutc\u00edch p\u0159i m\u00e9m pobytu v\u00a0monast\u00fdru.<\/p>\n<p>Velk\u00fd z\u00e1pas.<\/p>\n<p>Jedin\u011b s\u00edla jm\u00e9na na\u0161eho Krista a na\u0161\u00ed Panagie mne udr\u017eela nad vodou.<\/p>\n<p>Kdo neopakuje ka\u017ed\u00fd den Kristovo jm\u00e9no a jm\u00e9no na\u0161\u00ed Panagie, nen\u00ed k\u0159es\u0165an.<\/p>\n<p>Zdroj: Apanta Orthodoxias<\/p>\n","protected":false},"excerpt":{"rendered":"<p>Starec Efrem Filothejsk\u00fd-Arizonsk\u00fd V\u0161e ostatn\u00ed je druho\u0159ad\u00e9, jen druho\u0159ad\u00e9&#8230; V\u0161e ostatn\u00ed je druho\u0159ad\u00e9, jen druho\u0159ad\u00e9. To, co je nejp\u0159edn\u011bj\u0161\u00ed, je jm\u00e9no na\u0161eho Krista, a j\u00e1 jsem nyn\u00ed, po t\u011bch mnoha pro\u017eit\u00fdch letech, zjistil a p\u0159esv\u011bd\u010dil se, \u017ee jedin\u011b l\u00e1skou m\u016f\u017ee b\u00fdt z\u00edsk\u00e1n n\u011bjak\u00fd \u010dlov\u011bk. M\u016fj \u017eivot byl pln\u00fd n\u00e1mahy a bolesti, v\u00a0dob\u011b velk\u00e9 chudoby, kdy\u017e&#8230;<\/p>\n","protected":false},"author":3,"featured_media":0,"comment_status":"open","ping_status":"open","sticky":false,"template":"","format":"standard","meta":{"jetpack_post_was_ever_published":false,"_jetpack_newsletter_access":"","_jetpack_dont_email_post_to_subs":false,"_jetpack_newsletter_tier_id":0,"_jetpack_memberships_contains_paywalled_content":false,"_jetpack_memberships_contains_paid_content":false,"footnotes":"","jetpack_publicize_message":"","jetpack_publicize_feature_enabled":true,"jetpack_social_post_already_shared":true,"jetpack_social_options":{"image_generator_settings":{"template":"highway","default_image_id":0,"font":"","enabled":false},"version":2}},"categories":[10,4],"tags":[],"class_list":["post-3211","post","type-post","status-publish","format-standard","hentry","category-pouceni-z-pateriku","category-pouceni"],"jetpack_publicize_connections":[],"jetpack_featured_media_url":"","jetpack_sharing_enabled":true,"jetpack_shortlink":"https:\/\/wp.me\/p9GyX2-PN","jetpack-related-posts":[],"_links":{"self":[{"href":"https:\/\/pravoslavnebrno.cz\/ru\/wp-json\/wp\/v2\/posts\/3211","targetHints":{"allow":["GET"]}}],"collection":[{"href":"https:\/\/pravoslavnebrno.cz\/ru\/wp-json\/wp\/v2\/posts"}],"about":[{"href":"https:\/\/pravoslavnebrno.cz\/ru\/wp-json\/wp\/v2\/types\/post"}],"author":[{"embeddable":true,"href":"https:\/\/pravoslavnebrno.cz\/ru\/wp-json\/wp\/v2\/users\/3"}],"replies":[{"embeddable":true,"href":"https:\/\/pravoslavnebrno.cz\/ru\/wp-json\/wp\/v2\/comments?post=3211"}],"version-history":[{"count":4,"href":"https:\/\/pravoslavnebrno.cz\/ru\/wp-json\/wp\/v2\/posts\/3211\/revisions"}],"predecessor-version":[{"id":3529,"href":"https:\/\/pravoslavnebrno.cz\/ru\/wp-json\/wp\/v2\/posts\/3211\/revisions\/3529"}],"wp:attachment":[{"href":"https:\/\/pravoslavnebrno.cz\/ru\/wp-json\/wp\/v2\/media?parent=3211"}],"wp:term":[{"taxonomy":"category","embeddable":true,"href":"https:\/\/pravoslavnebrno.cz\/ru\/wp-json\/wp\/v2\/categories?post=3211"},{"taxonomy":"post_tag","embeddable":true,"href":"https:\/\/pravoslavnebrno.cz\/ru\/wp-json\/wp\/v2\/tags?post=3211"}],"curies":[{"name":"wp","href":"https:\/\/api.w.org\/{rel}","templated":true}]}}