{"id":3072,"date":"2018-08-11T21:22:23","date_gmt":"2018-08-11T20:22:23","guid":{"rendered":"http:\/\/pravoslavbrno.cz\/?p=3072"},"modified":"2018-08-11T21:26:55","modified_gmt":"2018-08-11T20:26:55","slug":"uprava-programu-bohosluzeb-doplnena-svata-bozska-liturgie-na-14-1-srpna","status":"publish","type":"post","link":"https:\/\/pravoslavnebrno.cz\/ru\/uprava-programu-bohosluzeb-doplnena-svata-bozska-liturgie-na-14-1-srpna\/","title":{"rendered":"\u00daprava programu bohoslu\u017eeb: dopln\u011bna svat\u00e1 bo\u017esk\u00e1 liturgie na 14. (1.) srpna"},"content":{"rendered":"<p style=\"text-align: center;\"><strong>DOPLN\u011aN\u00cd<\/strong><\/p>\n<h3 style=\"text-align: center;\"><strong>14. 8. (1. 8.) \u00dater\u00fd<\/strong><br \/>\n<strong>SV. LITURGIE \u2013 8.00; VE\u010cERN\u00cd \u2013 19.00<\/strong><\/h3>\n<h3 style=\"text-align: center;\"><strong>VYN\u00c1\u0160EN\u00cd DRAHOCENN\u00c9HO A \u017dIVOTOD\u00c1RN\u00c9HO<br \/>\nK\u0158\u00cd\u017dE P\u00c1N\u011a<\/strong><br \/>\n<strong>SV. MU\u010cEDN\u00cdK\u016e MAKABEJSK\u00ddCH<\/strong><\/h3>\n<h3 style=\"text-align: center;\"><strong>PO SV. LITURGII SV\u011aCEN\u00cd VODY, MEDU A M\u00c1KU<\/strong><\/h3>\n<h3 style=\"text-align: center;\"><strong>ZA\u010c\u00c1TEK \u201eUSPENSK\u00c9HO\u201c P\u016eSTU KE SV\u00c1TKU ZESNUT\u00cd P\u0158ESV. BOHORODICE<\/strong><\/h3>\n<blockquote class=\"wp-embedded-content\" data-secret=\"wNXtQz6WpV\"><p><a href=\"http:\/\/pravoslavbrno.cz\/bohosluzby\/\">Bohoslu\u017eby<\/a><\/p><\/blockquote>\n<p><iframe loading=\"lazy\" class=\"wp-embedded-content\" sandbox=\"allow-scripts\" security=\"restricted\" style=\"position: absolute; clip: rect(1px, 1px, 1px, 1px);\" src=\"http:\/\/pravoslavbrno.cz\/bohosluzby\/embed\/#?secret=wNXtQz6WpV\" data-secret=\"wNXtQz6WpV\" width=\"600\" height=\"338\" title=\"&#8222;Bohoslu\u017eby&#8220; &#8212; Pravoslavn\u00e1 c\u00edrkevn\u00ed obec p\u0159i chr\u00e1mu svat\u00e9ho V\u00e1clava v Brn\u011b\" frameborder=\"0\" marginwidth=\"0\" marginheight=\"0\" scrolling=\"no\"><\/iframe><\/p>\n<p><strong>Odkaz na \u00faplnou zpr\u00e1vu<\/strong> s podrobn\u00fdm \u010dten\u00edm ke sv\u00e1tku &#171;Vyn\u00e1\u0161en\u00ed drahocenn\u00e9ho a \u017eivotod\u00e1rn\u00e9ho K\u0159\u00ed\u017ee P\u00e1n\u011b&#187; a &#171;Mu\u010dedn\u00edk\u016f Makabejsk\u00fdch&#187;, kdy bude tak\u00e9 slou\u017eena svat\u00e1 liturgie spojen\u00e1 po jej\u00edm z\u00e1v\u011bru se sv\u011bcen\u00edm pokrm\u016f (vody, medu a m\u00e1ku), je k dispozici na <strong>FB PCO Brno<\/strong>:<\/p>\n<div class=\"fb-post\" data-href=\"https:\/\/www.facebook.com\/SvatyVaclavBrno\/posts\/1832388630172039\" data-width=\"552\" style=\"background-color: #fff; display: inline-block;\"><\/div>\n","protected":false},"excerpt":{"rendered":"<p>DOPLN\u011aN\u00cd 14. 8. (1. 8.) \u00dater\u00fd SV. LITURGIE \u2013 8.00; VE\u010cERN\u00cd \u2013 19.00 VYN\u00c1\u0160EN\u00cd DRAHOCENN\u00c9HO A \u017dIVOTOD\u00c1RN\u00c9HO K\u0158\u00cd\u017dE P\u00c1N\u011a SV. MU\u010cEDN\u00cdK\u016e MAKABEJSK\u00ddCH PO SV. LITURGII SV\u011aCEN\u00cd VODY, MEDU A M\u00c1KU ZA\u010c\u00c1TEK \u201eUSPENSK\u00c9HO\u201c P\u016eSTU KE SV\u00c1TKU ZESNUT\u00cd P\u0158ESV. BOHORODICE Bohoslu\u017eby Odkaz na \u00faplnou zpr\u00e1vu s podrobn\u00fdm \u010dten\u00edm ke sv\u00e1tku &#171;Vyn\u00e1\u0161en\u00ed drahocenn\u00e9ho a \u017eivotod\u00e1rn\u00e9ho K\u0159\u00ed\u017ee P\u00e1n\u011b&#187; a&#8230;<\/p>\n","protected":false},"author":3,"featured_media":0,"comment_status":"open","ping_status":"open","sticky":false,"template":"","format":"standard","meta":{"jetpack_post_was_ever_published":false,"_jetpack_newsletter_access":"","_jetpack_dont_email_post_to_subs":false,"_jetpack_newsletter_tier_id":0,"_jetpack_memberships_contains_paywalled_content":false,"_jetpack_memberships_contains_paid_content":false,"footnotes":"","jetpack_publicize_message":"","jetpack_publicize_feature_enabled":true,"jetpack_social_post_already_shared":true,"jetpack_social_options":{"image_generator_settings":{"template":"highway","default_image_id":0,"font":"","enabled":false},"version":2}},"categories":[],"tags":[],"class_list":["post-3072","post","type-post","status-publish","format-standard","hentry"],"jetpack_publicize_connections":[],"jetpack_featured_media_url":"","jetpack_sharing_enabled":true,"jetpack_shortlink":"https:\/\/wp.me\/p9GyX2-Ny","jetpack-related-posts":[],"_links":{"self":[{"href":"https:\/\/pravoslavnebrno.cz\/ru\/wp-json\/wp\/v2\/posts\/3072","targetHints":{"allow":["GET"]}}],"collection":[{"href":"https:\/\/pravoslavnebrno.cz\/ru\/wp-json\/wp\/v2\/posts"}],"about":[{"href":"https:\/\/pravoslavnebrno.cz\/ru\/wp-json\/wp\/v2\/types\/post"}],"author":[{"embeddable":true,"href":"https:\/\/pravoslavnebrno.cz\/ru\/wp-json\/wp\/v2\/users\/3"}],"replies":[{"embeddable":true,"href":"https:\/\/pravoslavnebrno.cz\/ru\/wp-json\/wp\/v2\/comments?post=3072"}],"version-history":[{"count":6,"href":"https:\/\/pravoslavnebrno.cz\/ru\/wp-json\/wp\/v2\/posts\/3072\/revisions"}],"predecessor-version":[{"id":3079,"href":"https:\/\/pravoslavnebrno.cz\/ru\/wp-json\/wp\/v2\/posts\/3072\/revisions\/3079"}],"wp:attachment":[{"href":"https:\/\/pravoslavnebrno.cz\/ru\/wp-json\/wp\/v2\/media?parent=3072"}],"wp:term":[{"taxonomy":"category","embeddable":true,"href":"https:\/\/pravoslavnebrno.cz\/ru\/wp-json\/wp\/v2\/categories?post=3072"},{"taxonomy":"post_tag","embeddable":true,"href":"https:\/\/pravoslavnebrno.cz\/ru\/wp-json\/wp\/v2\/tags?post=3072"}],"curies":[{"name":"wp","href":"https:\/\/api.w.org\/{rel}","templated":true}]}}