{"id":233,"date":"2018-02-19T12:36:12","date_gmt":"2018-02-19T11:36:12","guid":{"rendered":"http:\/\/pravoslavbrno.cz\/?p=233"},"modified":"2018-02-19T12:36:26","modified_gmt":"2018-02-19T11:36:26","slug":"co-chybi-dnesnimu-postmodernimu-cloveku","status":"publish","type":"post","link":"https:\/\/pravoslavnebrno.cz\/ru\/co-chybi-dnesnimu-postmodernimu-cloveku\/","title":{"rendered":"Co chyb\u00ed dne\u0161n\u00edmu postmodern\u00edmu \u010dlov\u011bku"},"content":{"rendered":"<p>Dne\u0161n\u00ed frustrace, existen\u010dn\u00ed pr\u00e1zdnota, osam\u011blost poci\u0165ovan\u00e1 postmodern\u00edm \u010dlov\u011bkem je zp\u016fsobena p\u0159edev\u0161\u00edm skute\u010dnost\u00ed, \u017ee se neum\u00ed modlit; neum\u00ed v\u011bnovat n\u011bjak\u00fd \u010das b\u011bhem dne nebo v noci modlitb\u011b. Modern\u00ed \u010dlov\u011bk ne\u017eije se vzpom\u00ednkou na Boha, pova\u017euje ve sv\u00e9m \u017eivot\u011b Boha za t\u0159et\u00ed osobu, n\u011bkoho ciz\u00edho, a zapomn\u011bl na to, \u017ee on s\u00e1m je p\u0159itom Bohu podobn\u00fd (stvo\u0159en podle Bo\u017e\u00edho obrazu a podoby).<\/p>\n<p style=\"text-align: center;\"><a href=\"http:\/\/pravoslavbrno.cz\/wp-content\/uploads\/2018\/02\/efrem151208_0.jpg\"><img loading=\"lazy\" decoding=\"async\" class=\"alignnone wp-image-227\" src=\"http:\/\/pravoslavbrno.cz\/wp-content\/uploads\/2018\/02\/efrem151208_0-300x225.jpg\" alt=\"\" width=\"376\" height=\"282\" srcset=\"https:\/\/pravoslavnebrno.cz\/wp-content\/uploads\/2018\/02\/efrem151208_0-300x225.jpg 300w, https:\/\/pravoslavnebrno.cz\/wp-content\/uploads\/2018\/02\/efrem151208_0-80x60.jpg 80w, https:\/\/pravoslavnebrno.cz\/wp-content\/uploads\/2018\/02\/efrem151208_0.jpg 600w\" sizes=\"auto, (max-width: 376px) 100vw, 376px\" \/><\/a><\/p>\n<p>Starec Efrem<\/p>\n<p>p\u0159edstaven\u00fd monast\u00fdru Vatopedi, Svat\u00e1 Hora Athos<\/p>\n<p>Zdroj: FB<\/p>\n","protected":false},"excerpt":{"rendered":"<p>Dne\u0161n\u00ed frustrace, existen\u010dn\u00ed pr\u00e1zdnota, osam\u011blost poci\u0165ovan\u00e1 postmodern\u00edm \u010dlov\u011bkem je zp\u016fsobena p\u0159edev\u0161\u00edm skute\u010dnost\u00ed, \u017ee se neum\u00ed modlit; neum\u00ed v\u011bnovat n\u011bjak\u00fd \u010das b\u011bhem dne nebo v noci modlitb\u011b. Modern\u00ed \u010dlov\u011bk ne\u017eije se vzpom\u00ednkou na Boha, pova\u017euje ve sv\u00e9m \u017eivot\u011b Boha za t\u0159et\u00ed osobu, n\u011bkoho ciz\u00edho, a zapomn\u011bl na to, \u017ee on s\u00e1m je p\u0159itom Bohu podobn\u00fd (stvo\u0159en&#8230;<\/p>\n","protected":false},"author":3,"featured_media":0,"comment_status":"open","ping_status":"open","sticky":false,"template":"","format":"standard","meta":{"jetpack_post_was_ever_published":false,"_jetpack_newsletter_access":"","_jetpack_dont_email_post_to_subs":false,"_jetpack_newsletter_tier_id":0,"_jetpack_memberships_contains_paywalled_content":false,"_jetpack_memberships_contains_paid_content":false,"footnotes":"","jetpack_publicize_message":"","jetpack_publicize_feature_enabled":true,"jetpack_social_post_already_shared":false,"jetpack_social_options":{"image_generator_settings":{"template":"highway","default_image_id":0,"font":"","enabled":false},"version":2}},"categories":[11],"tags":[],"class_list":["post-233","post","type-post","status-publish","format-standard","hentry","category-homilie"],"jetpack_publicize_connections":[],"jetpack_featured_media_url":"","jetpack_sharing_enabled":true,"jetpack_shortlink":"https:\/\/wp.me\/p9GyX2-3L","jetpack-related-posts":[],"_links":{"self":[{"href":"https:\/\/pravoslavnebrno.cz\/ru\/wp-json\/wp\/v2\/posts\/233","targetHints":{"allow":["GET"]}}],"collection":[{"href":"https:\/\/pravoslavnebrno.cz\/ru\/wp-json\/wp\/v2\/posts"}],"about":[{"href":"https:\/\/pravoslavnebrno.cz\/ru\/wp-json\/wp\/v2\/types\/post"}],"author":[{"embeddable":true,"href":"https:\/\/pravoslavnebrno.cz\/ru\/wp-json\/wp\/v2\/users\/3"}],"replies":[{"embeddable":true,"href":"https:\/\/pravoslavnebrno.cz\/ru\/wp-json\/wp\/v2\/comments?post=233"}],"version-history":[{"count":2,"href":"https:\/\/pravoslavnebrno.cz\/ru\/wp-json\/wp\/v2\/posts\/233\/revisions"}],"predecessor-version":[{"id":235,"href":"https:\/\/pravoslavnebrno.cz\/ru\/wp-json\/wp\/v2\/posts\/233\/revisions\/235"}],"wp:attachment":[{"href":"https:\/\/pravoslavnebrno.cz\/ru\/wp-json\/wp\/v2\/media?parent=233"}],"wp:term":[{"taxonomy":"category","embeddable":true,"href":"https:\/\/pravoslavnebrno.cz\/ru\/wp-json\/wp\/v2\/categories?post=233"},{"taxonomy":"post_tag","embeddable":true,"href":"https:\/\/pravoslavnebrno.cz\/ru\/wp-json\/wp\/v2\/tags?post=233"}],"curies":[{"name":"wp","href":"https:\/\/api.w.org\/{rel}","templated":true}]}}