{"id":1850,"date":"2018-05-24T01:28:34","date_gmt":"2018-05-24T00:28:34","guid":{"rendered":"http:\/\/pravoslavbrno.cz\/?p=1850"},"modified":"2018-05-20T19:33:13","modified_gmt":"2018-05-20T18:33:13","slug":"svatek-svatych-a-apostolum-rovnych-cyrila-a-metodeje","status":"publish","type":"post","link":"https:\/\/pravoslavnebrno.cz\/ru\/svatek-svatych-a-apostolum-rovnych-cyrila-a-metodeje\/","title":{"rendered":"Sv\u00e1tek svat\u00fdch a apo\u0161tol\u016fm rovn\u00fdch Cyrila a Metod\u011bje"},"content":{"rendered":"<h2 style=\"text-align: center;\"><strong>Oslavme, brat\u0159i, pam\u00e1tku svat\u00fdch v\u011brozv\u011bst\u016f<br \/>\na na\u0161ich u\u010ditel\u016f v Bohu moudr\u00fdch<\/strong><br \/>\n<strong> Cyrila a Metod\u011bje<\/strong><\/h2>\n<h3 style=\"text-align: center;\"><strong>(11.\/24.5.)<\/strong><\/h3>\n<p style=\"text-align: center;\"><a href=\"http:\/\/pravoslavbrno.cz\/wp-content\/uploads\/2018\/05\/\u03b1\u0301\u03b3\u03b9\u03bf\u03b920\u039a\u03c5\u0301\u03c1\u03b9\u03bb\u03bb\u03bf\u03c220\u039c\u03b5\u03b8_20\u03bc\u03b520\u039a\u03c5\u03c1\u03b9\u0301\u03bb\u03bb\u03b5\u03b9\u03bf__.png\"><img loading=\"lazy\" decoding=\"async\" class=\"alignnone wp-image-1851\" src=\"http:\/\/pravoslavbrno.cz\/wp-content\/uploads\/2018\/05\/\u03b1\u0301\u03b3\u03b9\u03bf\u03b920\u039a\u03c5\u0301\u03c1\u03b9\u03bb\u03bb\u03bf\u03c220\u039c\u03b5\u03b8_20\u03bc\u03b520\u039a\u03c5\u03c1\u03b9\u0301\u03bb\u03bb\u03b5\u03b9\u03bf__-300x225.png\" alt=\"\" width=\"580\" height=\"435\" srcset=\"https:\/\/pravoslavnebrno.cz\/wp-content\/uploads\/2018\/05\/\u03b1\u0301\u03b3\u03b9\u03bf\u03b920\u039a\u03c5\u0301\u03c1\u03b9\u03bb\u03bb\u03bf\u03c220\u039c\u03b5\u03b8_20\u03bc\u03b520\u039a\u03c5\u03c1\u03b9\u0301\u03bb\u03bb\u03b5\u03b9\u03bf__-300x225.png 300w, https:\/\/pravoslavnebrno.cz\/wp-content\/uploads\/2018\/05\/\u03b1\u0301\u03b3\u03b9\u03bf\u03b920\u039a\u03c5\u0301\u03c1\u03b9\u03bb\u03bb\u03bf\u03c220\u039c\u03b5\u03b8_20\u03bc\u03b520\u039a\u03c5\u03c1\u03b9\u0301\u03bb\u03bb\u03b5\u03b9\u03bf__-80x60.png 80w, https:\/\/pravoslavnebrno.cz\/wp-content\/uploads\/2018\/05\/\u03b1\u0301\u03b3\u03b9\u03bf\u03b920\u039a\u03c5\u0301\u03c1\u03b9\u03bb\u03bb\u03bf\u03c220\u039c\u03b5\u03b8_20\u03bc\u03b520\u039a\u03c5\u03c1\u03b9\u0301\u03bb\u03bb\u03b5\u03b9\u03bf__.png 460w\" sizes=\"auto, (max-width: 580px) 100vw, 580px\" \/><\/a><\/p>\n<p>&nbsp;<\/p>\n<h3 style=\"text-align: center;\"><strong>Tropar:<br \/>\nApo\u0161tol\u016fm rovn\u00ed a\u00a0slovansk\u00fdch zem\u00ed u\u010ditel\u00e9, Cyrile a\u00a0Metod\u011bji, v\u00a0Bohu moud\u0159\u00ed, Vl\u00e1dce v\u0161ech proste, aby v\u0161ecky n\u00e1rody slovansk\u00e9 utvrdil v\u00a0pravoslav\u00ed a\u00a0jednomyslnosti, sv\u011btu pokoj daroval a\u00a0spasil du\u0161e na\u0161e.<br \/>\n<\/strong> (hlas 4.)<\/h3>\n<h3 style=\"text-align: center;\"><b>Kondak:<br \/>\nUct\u011bme posv\u00e1tnou dvojici na\u0161ich osv\u011btitel\u016f, kte\u0159\u00ed n\u00e1m p\u0159elo\u017een\u00edm Bo\u017esk\u00fdch P\u00edsem otev\u0159eli pramen bohopozn\u00e1n\u00ed, z\u00a0n\u011bho\u017e a\u017e do dne\u0161ka hojn\u011b \u010derp\u00e1me a\u00a0blahoslav\u00edme v\u00e1s, Cyrile a\u00a0Metod\u011bji, kte\u0159\u00ed stoj\u00edte p\u0159ed tr\u016fnem Nejvy\u0161\u0161\u00edho a\u00a0vroucn\u011b se modl\u00edte za du\u0161e na\u0161e.<\/b><br \/>\n(hlas 3.)<\/h3>\n","protected":false},"excerpt":{"rendered":"<p>Oslavme, brat\u0159i, pam\u00e1tku svat\u00fdch v\u011brozv\u011bst\u016f a na\u0161ich u\u010ditel\u016f v Bohu moudr\u00fdch Cyrila a Metod\u011bje (11.\/24.5.) &nbsp; Tropar: Apo\u0161tol\u016fm rovn\u00ed a\u00a0slovansk\u00fdch zem\u00ed u\u010ditel\u00e9, Cyrile a\u00a0Metod\u011bji, v\u00a0Bohu moud\u0159\u00ed, Vl\u00e1dce v\u0161ech proste, aby v\u0161ecky n\u00e1rody slovansk\u00e9 utvrdil v\u00a0pravoslav\u00ed a\u00a0jednomyslnosti, sv\u011btu pokoj daroval a\u00a0spasil du\u0161e na\u0161e. (hlas 4.) Kondak: Uct\u011bme posv\u00e1tnou dvojici na\u0161ich osv\u011btitel\u016f, kte\u0159\u00ed n\u00e1m p\u0159elo\u017een\u00edm Bo\u017esk\u00fdch P\u00edsem&#8230;<\/p>\n","protected":false},"author":3,"featured_media":0,"comment_status":"open","ping_status":"open","sticky":false,"template":"","format":"standard","meta":{"jetpack_post_was_ever_published":false,"_jetpack_newsletter_access":"","_jetpack_dont_email_post_to_subs":false,"_jetpack_newsletter_tier_id":0,"_jetpack_memberships_contains_paywalled_content":false,"_jetpack_memberships_contains_paid_content":false,"footnotes":"","jetpack_publicize_message":"","jetpack_publicize_feature_enabled":true,"jetpack_social_post_already_shared":true,"jetpack_social_options":{"image_generator_settings":{"template":"highway","default_image_id":0,"font":"","enabled":false},"version":2}},"categories":[14],"tags":[],"class_list":["post-1850","post","type-post","status-publish","format-standard","hentry","category-dejiny-pravoslavi"],"jetpack_publicize_connections":[],"jetpack_featured_media_url":"","jetpack_sharing_enabled":true,"jetpack_shortlink":"https:\/\/wp.me\/p9GyX2-tQ","jetpack-related-posts":[],"_links":{"self":[{"href":"https:\/\/pravoslavnebrno.cz\/ru\/wp-json\/wp\/v2\/posts\/1850","targetHints":{"allow":["GET"]}}],"collection":[{"href":"https:\/\/pravoslavnebrno.cz\/ru\/wp-json\/wp\/v2\/posts"}],"about":[{"href":"https:\/\/pravoslavnebrno.cz\/ru\/wp-json\/wp\/v2\/types\/post"}],"author":[{"embeddable":true,"href":"https:\/\/pravoslavnebrno.cz\/ru\/wp-json\/wp\/v2\/users\/3"}],"replies":[{"embeddable":true,"href":"https:\/\/pravoslavnebrno.cz\/ru\/wp-json\/wp\/v2\/comments?post=1850"}],"version-history":[{"count":1,"href":"https:\/\/pravoslavnebrno.cz\/ru\/wp-json\/wp\/v2\/posts\/1850\/revisions"}],"predecessor-version":[{"id":1852,"href":"https:\/\/pravoslavnebrno.cz\/ru\/wp-json\/wp\/v2\/posts\/1850\/revisions\/1852"}],"wp:attachment":[{"href":"https:\/\/pravoslavnebrno.cz\/ru\/wp-json\/wp\/v2\/media?parent=1850"}],"wp:term":[{"taxonomy":"category","embeddable":true,"href":"https:\/\/pravoslavnebrno.cz\/ru\/wp-json\/wp\/v2\/categories?post=1850"},{"taxonomy":"post_tag","embeddable":true,"href":"https:\/\/pravoslavnebrno.cz\/ru\/wp-json\/wp\/v2\/tags?post=1850"}],"curies":[{"name":"wp","href":"https:\/\/api.w.org\/{rel}","templated":true}]}}