{"id":1834,"date":"2018-05-21T01:09:45","date_gmt":"2018-05-21T00:09:45","guid":{"rendered":"http:\/\/pravoslavbrno.cz\/?p=1834"},"modified":"2018-05-20T19:28:00","modified_gmt":"2018-05-20T18:28:00","slug":"svaty-apostol-a-evangelista-jan-theolog-8-21-5","status":"publish","type":"post","link":"https:\/\/pravoslavnebrno.cz\/ru\/svaty-apostol-a-evangelista-jan-theolog-8-21-5\/","title":{"rendered":"Svat\u00fd apo\u0161tol a evangelista Jan Theolog (8.\/21.5.)"},"content":{"rendered":"<h2 style=\"text-align: center;\"><strong>Slova svat\u00e9ho Jana Theologa a Mil\u00e1\u010dka P\u00e1n\u011b<\/strong><\/h2>\n<p style=\"text-align: center;\"><a href=\"http:\/\/pravoslavbrno.cz\/wp-content\/uploads\/2018\/05\/ceb1ceb3ceb9cebfcf82-ceb9cf89ceaccebdcebdceb7cf82-ceb8ceb5cebfcebbcebfceb3cebfcf82-cf80cf81cebfcf83cf80ceafcf80cf84cebfcebdcf84ceb1.jpg\"><img loading=\"lazy\" decoding=\"async\" class=\"alignnone wp-image-1835\" src=\"http:\/\/pravoslavbrno.cz\/wp-content\/uploads\/2018\/05\/ceb1ceb3ceb9cebfcf82-ceb9cf89ceaccebdcebdceb7cf82-ceb8ceb5cebfcebbcebfceb3cebfcf82-cf80cf81cebfcf83cf80ceafcf80cf84cebfcebdcf84ceb1-228x300.jpg\" alt=\"\" width=\"407\" height=\"536\" srcset=\"https:\/\/pravoslavnebrno.cz\/wp-content\/uploads\/2018\/05\/ceb1ceb3ceb9cebfcf82-ceb9cf89ceaccebdcebdceb7cf82-ceb8ceb5cebfcebbcebfceb3cebfcf82-cf80cf81cebfcf83cf80ceafcf80cf84cebfcebdcf84ceb1-228x300.jpg 228w, https:\/\/pravoslavnebrno.cz\/wp-content\/uploads\/2018\/05\/ceb1ceb3ceb9cebfcf82-ceb9cf89ceaccebdcebdceb7cf82-ceb8ceb5cebfcebbcebfceb3cebfcf82-cf80cf81cebfcf83cf80ceafcf80cf84cebfcebdcf84ceb1.jpg 400w\" sizes=\"auto, (max-width: 407px) 100vw, 407px\" \/><\/a><\/p>\n<h3 style=\"text-align: center;\"><strong>(1 Jn 1-7)<\/strong><\/h3>\n<ol>\n<li>Co bylo od po\u010d\u00e1tku, co jsme sly\u0161eli, co jsme sv\u00fdma o\u010dima vid\u011bli, co jsme spat\u0159ili a \u010deho se na\u0161e ruce dot\u00fdkaly: o Slovu \u017eivota.<\/li>\n<li>Ten \u017eivot byl zjeven a my jsme vid\u011bli a sv\u011bd\u010d\u00edme a oznamujeme v\u00e1m ten v\u011b\u010dn\u00fd \u017eivot, kter\u00fd byl u Otce a byl n\u00e1m zjeven.<\/li>\n<li>Co jsme vid\u011bli a sly\u0161eli, to v\u00e1m oznamujeme, abyste i vy m\u011bli spole\u010denstv\u00ed s n\u00e1mi; a na\u0161e spole\u010denstv\u00ed je s Otcem i s jeho Synem Je\u017e\u00ed\u0161em Kristem.<\/li>\n<li>A toto v\u00e1m p\u00ed\u0161eme, aby va\u0161e radost byla \u00fapln\u00e1.<\/li>\n<li>To je pak to poselstv\u00ed, kter\u00e9 jsme sly\u0161eli od n\u011bho a oznamujeme v\u00e1m, \u017ee B\u016fh je sv\u011btlo a nen\u00ed v n\u011bm \u017e\u00e1dn\u00e1 tma.<\/li>\n<li>\u0158ekneme-li, \u017ee s n\u00edm m\u00e1me spole\u010denstv\u00ed, a chod\u00edme ve tm\u011b, l\u017eeme a ne\u010din\u00edme pravdu.<\/li>\n<li>Chod\u00edme-li v\u0161ak ve sv\u011btle, jako on je ve sv\u011btle, m\u00e1me spole\u010denstv\u00ed mezi sebou a krev Je\u017e\u00ed\u0161e Krista, jeho Syna, n\u00e1s o\u010di\u0161\u0165uje od ve\u0161ker\u00e9ho h\u0159\u00edchu.<\/li>\n<\/ol>\n","protected":false},"excerpt":{"rendered":"<p>Slova svat\u00e9ho Jana Theologa a Mil\u00e1\u010dka P\u00e1n\u011b (1 Jn 1-7) Co bylo od po\u010d\u00e1tku, co jsme sly\u0161eli, co jsme sv\u00fdma o\u010dima vid\u011bli, co jsme spat\u0159ili a \u010deho se na\u0161e ruce dot\u00fdkaly: o Slovu \u017eivota. Ten \u017eivot byl zjeven a my jsme vid\u011bli a sv\u011bd\u010d\u00edme a oznamujeme v\u00e1m ten v\u011b\u010dn\u00fd \u017eivot, kter\u00fd byl u Otce a&#8230;<\/p>\n","protected":false},"author":3,"featured_media":0,"comment_status":"open","ping_status":"open","sticky":false,"template":"","format":"standard","meta":{"jetpack_post_was_ever_published":false,"_jetpack_newsletter_access":"","_jetpack_dont_email_post_to_subs":false,"_jetpack_newsletter_tier_id":0,"_jetpack_memberships_contains_paywalled_content":false,"_jetpack_memberships_contains_paid_content":false,"footnotes":"","jetpack_publicize_message":"","jetpack_publicize_feature_enabled":true,"jetpack_social_post_already_shared":true,"jetpack_social_options":{"image_generator_settings":{"template":"highway","default_image_id":0,"font":"","enabled":false},"version":2}},"categories":[4],"tags":[],"class_list":["post-1834","post","type-post","status-publish","format-standard","hentry","category-pouceni"],"jetpack_publicize_connections":[],"jetpack_featured_media_url":"","jetpack_sharing_enabled":true,"jetpack_shortlink":"https:\/\/wp.me\/p9GyX2-tA","jetpack-related-posts":[],"_links":{"self":[{"href":"https:\/\/pravoslavnebrno.cz\/ru\/wp-json\/wp\/v2\/posts\/1834","targetHints":{"allow":["GET"]}}],"collection":[{"href":"https:\/\/pravoslavnebrno.cz\/ru\/wp-json\/wp\/v2\/posts"}],"about":[{"href":"https:\/\/pravoslavnebrno.cz\/ru\/wp-json\/wp\/v2\/types\/post"}],"author":[{"embeddable":true,"href":"https:\/\/pravoslavnebrno.cz\/ru\/wp-json\/wp\/v2\/users\/3"}],"replies":[{"embeddable":true,"href":"https:\/\/pravoslavnebrno.cz\/ru\/wp-json\/wp\/v2\/comments?post=1834"}],"version-history":[{"count":3,"href":"https:\/\/pravoslavnebrno.cz\/ru\/wp-json\/wp\/v2\/posts\/1834\/revisions"}],"predecessor-version":[{"id":1839,"href":"https:\/\/pravoslavnebrno.cz\/ru\/wp-json\/wp\/v2\/posts\/1834\/revisions\/1839"}],"wp:attachment":[{"href":"https:\/\/pravoslavnebrno.cz\/ru\/wp-json\/wp\/v2\/media?parent=1834"}],"wp:term":[{"taxonomy":"category","embeddable":true,"href":"https:\/\/pravoslavnebrno.cz\/ru\/wp-json\/wp\/v2\/categories?post=1834"},{"taxonomy":"post_tag","embeddable":true,"href":"https:\/\/pravoslavnebrno.cz\/ru\/wp-json\/wp\/v2\/tags?post=1834"}],"curies":[{"name":"wp","href":"https:\/\/api.w.org\/{rel}","templated":true}]}}