{"id":1724,"date":"2018-05-16T01:03:56","date_gmt":"2018-05-16T00:03:56","guid":{"rendered":"http:\/\/pravoslavbrno.cz\/?p=1724"},"modified":"2018-05-16T05:31:25","modified_gmt":"2018-05-16T04:31:25","slug":"upadnuti-to-zvyku-jest-nejvetsim-nebezpecim-v-duchovnim-zivote","status":"publish","type":"post","link":"https:\/\/pravoslavnebrno.cz\/ru\/upadnuti-to-zvyku-jest-nejvetsim-nebezpecim-v-duchovnim-zivote\/","title":{"rendered":"Upadnut\u00ed to stereotypu a bezduch\u00e9ho n\u00e1vyku jest nejv\u011bt\u0161\u00edm nebezpe\u010d\u00edm v duchovn\u00edm \u017eivot\u011b"},"content":{"rendered":"<h2 style=\"text-align: center;\"><strong>Starec Eusebios Giannakakis<\/strong><\/h2>\n<p style=\"text-align: center;\"><a href=\"http:\/\/pravoslavbrno.cz\/wp-content\/uploads\/2018\/05\/a6a9e6672cb9d319b8b5063be789010b.jpg\"><img loading=\"lazy\" decoding=\"async\" class=\"alignnone wp-image-1725\" src=\"http:\/\/pravoslavbrno.cz\/wp-content\/uploads\/2018\/05\/a6a9e6672cb9d319b8b5063be789010b-300x158.jpg\" alt=\"\" width=\"602\" height=\"317\" srcset=\"https:\/\/pravoslavnebrno.cz\/wp-content\/uploads\/2018\/05\/a6a9e6672cb9d319b8b5063be789010b-300x158.jpg 300w, https:\/\/pravoslavnebrno.cz\/wp-content\/uploads\/2018\/05\/a6a9e6672cb9d319b8b5063be789010b.jpg 472w\" sizes=\"auto, (max-width: 602px) 100vw, 602px\" \/><\/a><\/p>\n<p>Jedna v\u011bc p\u0159edstavuje skute\u010dn\u011b velk\u00e9 nebezpe\u010d\u00ed pro n\u00e1\u0161 duchovn\u00ed \u017eivot. Je j\u00edm n\u00e1vyk, stra\u0161n\u00fd a nebezpe\u010dn\u00fd n\u00e1vyk a upadnut\u00ed do stereotypu.<\/p>\n<p>Nedovolme, abychom si <em>navykli<\/em> ani na svatou liturgii, ani na \u010dten\u00ed \u017ealm\u016f, ale ani na Kalich \u017eivota&#8230;<\/p>\n<p>Sna\u017eme se poci\u0165ovat \u00factu a b\u00e1ze\u0148 v\u017edy, kdy\u017e se kon\u00e1 svat\u00e1 liturgie. S\u00a0velkou odevzdanost\u00ed, citlivost\u00ed a vd\u011b\u010dnost\u00ed Bohu. Bu\u010fme tehdy velmi opatrn\u00ed.<\/p>\n<p>Je n\u011bco takov\u00e9ho v\u016fbec mo\u017en\u00e9?<\/p>\n<p>Mo\u017en\u00e9 to je, nicm\u00e9n\u011b n\u00e1vyk a jist\u00fd stereotyp v\u00a0modlitb\u011b a p\u0159i kon\u00e1n\u00ed svat\u00e9 liturgie je velk\u00fdm nebezpe\u010d\u00edm.<\/p>\n<p>Kdy\u017e se ale \u010dlov\u011bk sna\u017e\u00ed c\u00edtit P\u00e1na ve sv\u00e9 bl\u00edzkosti a \u017eije pro sv\u016fj duchovn\u00ed ide\u00e1l, nikdy se mu tato aktivita nestane pouh\u00fdm n\u00e1vykem.<!--more--><\/p>\n<p>A kdy\u017e\u00a0n\u011bkdo napl\u0148uje nap\u0159\u00edklad sv\u00e9 modlitebn\u00ed pravidlo, a by\u0165 by to bylo jen ne\u00fapln\u011b, pokud to v\u0161ak \u010din\u00ed s\u00a0hlubok\u00fdm uv\u011bdom\u011bn\u00edm, z\u00e1palem, ale sou\u010dasn\u011b s citlivost\u00ed, v\u00e1\u017enost\u00ed a \u010distotou, B\u016fh jeho duchovn\u00ed pr\u00e1ci p\u0159ijme jako deset dlouh\u00fdch\u00a0modlitebn\u00edch pravidel.<\/p>\n<p>Jen m\u011bjme neust\u00e1le na\u0161i mysl a my\u0161lenky obr\u00e1cen\u00e9 k\u00a0Bohu, sna\u017eme se Ho c\u00edtit na bl\u00edzku.<\/p>\n<p>Pak Hospodin na\u0161i duchovn\u00ed pr\u00e1ci po\u017eehn\u00e1 a posv\u011bt\u00ed.<\/p>\n<p><a href=\"http:\/\/pravoslavbrno.cz\/wp-content\/uploads\/2018\/05\/20xronia.jpg\"><img loading=\"lazy\" decoding=\"async\" class=\" wp-image-1726 aligncenter\" src=\"http:\/\/pravoslavbrno.cz\/wp-content\/uploads\/2018\/05\/20xronia-210x300.jpg\" alt=\"\" width=\"361\" height=\"516\" srcset=\"https:\/\/pravoslavnebrno.cz\/wp-content\/uploads\/2018\/05\/20xronia-210x300.jpg 210w, https:\/\/pravoslavnebrno.cz\/wp-content\/uploads\/2018\/05\/20xronia.jpg 384w\" sizes=\"auto, (max-width: 361px) 100vw, 361px\" \/><\/a>Usilujme, aby na\u0161e \u017eivotn\u00ed cesta a ide\u00e1l vedly mimo slabosti a \u00fastupky, mimo jak\u00e9koli kompromisy ve v\u011bcech duchovn\u00edch. Hledejme \u017eivot \u010dist\u00fd a tajemn\u00fd.<\/p>\n<p>A\u0165 se n\u00e1\u0161 \u017eivot provon\u00ed po duchu modlitby, \u00facty a slu\u017eby Bohu, po duchovn\u00edm z\u00e1pasu, kter\u00fd bude Bohu mil\u00fd.<\/p>\n<p>Nech\u0165 n\u00e1s toto v\u0161echno ujist\u00ed o tom,\u00a0\u017ee jsme v\u00a0na\u0161em duchovn\u00edm povol\u00e1n\u00ed vytrval\u00ed a \u017ee zachov\u00e1v\u00e1me onu svatou <em>z\u00e1v\u011b\u0165<\/em>, kterou n\u00e1m P\u00e1n zanechal.<\/p>\n<p style=\"text-align: right;\">p\u0159ipravil a p\u0159elo\u017eil MD<\/p>\n<p><strong>Zdroj:<\/strong> Diakonima.gr a Romfea.gr<\/p>\n","protected":false},"excerpt":{"rendered":"<p>Starec Eusebios Giannakakis Jedna v\u011bc p\u0159edstavuje skute\u010dn\u011b velk\u00e9 nebezpe\u010d\u00ed pro n\u00e1\u0161 duchovn\u00ed \u017eivot. Je j\u00edm n\u00e1vyk, stra\u0161n\u00fd a nebezpe\u010dn\u00fd n\u00e1vyk a upadnut\u00ed do stereotypu. Nedovolme, abychom si navykli ani na svatou liturgii, ani na \u010dten\u00ed \u017ealm\u016f, ale ani na Kalich \u017eivota&#8230; Sna\u017eme se poci\u0165ovat \u00factu a b\u00e1ze\u0148 v\u017edy, kdy\u017e se kon\u00e1 svat\u00e1 liturgie. S\u00a0velkou odevzdanost\u00ed,&#8230;<\/p>\n","protected":false},"author":3,"featured_media":0,"comment_status":"open","ping_status":"open","sticky":false,"template":"","format":"standard","meta":{"jetpack_post_was_ever_published":false,"_jetpack_newsletter_access":"","_jetpack_dont_email_post_to_subs":false,"_jetpack_newsletter_tier_id":0,"_jetpack_memberships_contains_paywalled_content":false,"_jetpack_memberships_contains_paid_content":false,"footnotes":"","jetpack_publicize_message":"","jetpack_publicize_feature_enabled":true,"jetpack_social_post_already_shared":true,"jetpack_social_options":{"image_generator_settings":{"template":"highway","default_image_id":0,"font":"","enabled":false},"version":2}},"categories":[10],"tags":[],"class_list":["post-1724","post","type-post","status-publish","format-standard","hentry","category-pouceni-z-pateriku"],"jetpack_publicize_connections":[],"jetpack_featured_media_url":"","jetpack_sharing_enabled":true,"jetpack_shortlink":"https:\/\/wp.me\/p9GyX2-rO","jetpack-related-posts":[],"_links":{"self":[{"href":"https:\/\/pravoslavnebrno.cz\/ru\/wp-json\/wp\/v2\/posts\/1724","targetHints":{"allow":["GET"]}}],"collection":[{"href":"https:\/\/pravoslavnebrno.cz\/ru\/wp-json\/wp\/v2\/posts"}],"about":[{"href":"https:\/\/pravoslavnebrno.cz\/ru\/wp-json\/wp\/v2\/types\/post"}],"author":[{"embeddable":true,"href":"https:\/\/pravoslavnebrno.cz\/ru\/wp-json\/wp\/v2\/users\/3"}],"replies":[{"embeddable":true,"href":"https:\/\/pravoslavnebrno.cz\/ru\/wp-json\/wp\/v2\/comments?post=1724"}],"version-history":[{"count":9,"href":"https:\/\/pravoslavnebrno.cz\/ru\/wp-json\/wp\/v2\/posts\/1724\/revisions"}],"predecessor-version":[{"id":1787,"href":"https:\/\/pravoslavnebrno.cz\/ru\/wp-json\/wp\/v2\/posts\/1724\/revisions\/1787"}],"wp:attachment":[{"href":"https:\/\/pravoslavnebrno.cz\/ru\/wp-json\/wp\/v2\/media?parent=1724"}],"wp:term":[{"taxonomy":"category","embeddable":true,"href":"https:\/\/pravoslavnebrno.cz\/ru\/wp-json\/wp\/v2\/categories?post=1724"},{"taxonomy":"post_tag","embeddable":true,"href":"https:\/\/pravoslavnebrno.cz\/ru\/wp-json\/wp\/v2\/tags?post=1724"}],"curies":[{"name":"wp","href":"https:\/\/api.w.org\/{rel}","templated":true}]}}