{"id":1667,"date":"2018-05-06T21:18:50","date_gmt":"2018-05-06T20:18:50","guid":{"rendered":"http:\/\/pravoslavbrno.cz\/?p=1667"},"modified":"2018-05-06T21:33:46","modified_gmt":"2018-05-06T20:33:46","slug":"kdyz-ke-svetci-prichazeji-nejen-krestane-ale-take-muslimove","status":"publish","type":"post","link":"https:\/\/pravoslavnebrno.cz\/ru\/kdyz-ke-svetci-prichazeji-nejen-krestane-ale-take-muslimove\/","title":{"rendered":"Kdy\u017e ke sv\u011btci p\u0159ich\u00e1zej\u00ed nejen k\u0159es\u0165an\u00e9, ale tak\u00e9 muslimov\u00e9&#8230;"},"content":{"rendered":"<h2 style=\"text-align: center;\"><strong>Svat\u00fd Georgios \u201eKudunas\u201c \u2013 Ji\u0159\u00ed Zvonkov\u00fd<\/strong><\/h2>\n<p style=\"text-align: center;\"><a href=\"http:\/\/pravoslavbrno.cz\/wp-content\/uploads\/2018\/05\/cms-image-000006270.jpg\"><img loading=\"lazy\" decoding=\"async\" class=\"alignnone wp-image-1669\" src=\"http:\/\/pravoslavbrno.cz\/wp-content\/uploads\/2018\/05\/cms-image-000006270-225x300.jpg\" alt=\"\" width=\"438\" height=\"584\" srcset=\"https:\/\/pravoslavnebrno.cz\/wp-content\/uploads\/2018\/05\/cms-image-000006270-225x300.jpg 225w, https:\/\/pravoslavnebrno.cz\/wp-content\/uploads\/2018\/05\/cms-image-000006270.jpg 450w\" sizes=\"auto, (max-width: 438px) 100vw, 438px\" \/><\/a><\/p>\n<h4><\/h4>\n<h4 style=\"text-align: center;\"><em>\u201e\u0391\u03ca \u2013 Georgie (\u010dili svat\u00fd Ji\u0159\u00ed), uzdrav pros\u00edm m\u00e9ho otce\u201c, \u201e\u0391\u03ca \u2013 Georgie, pomoz, aby se moji rodi\u010de op\u011bt sm\u00ed\u0159ili a m\u011bli se r\u00e1di\u201c, \u201e\u0391\u03ca \u2013 Georgie, pomoz mi usp\u011bt a dostat se na univerzitu\u201c, \u201e\u0391\u03ca \u2013 Georgie, pomoz mi naj\u00edt si pr\u00e1ci<br \/>\na vr\u00e1tit se dom\u016f&#8230;\u201c<\/em><\/h4>\n<p>&nbsp;<\/p>\n<p style=\"text-align: center;\"><a href=\"http:\/\/pravoslavbrno.cz\/wp-content\/uploads\/2018\/05\/7cbe3b62-cd4d-4457-ba0e-6a8f47085473.jpg\"><img loading=\"lazy\" decoding=\"async\" class=\"alignnone wp-image-1668\" src=\"http:\/\/pravoslavbrno.cz\/wp-content\/uploads\/2018\/05\/7cbe3b62-cd4d-4457-ba0e-6a8f47085473-300x224.jpg\" alt=\"\" width=\"553\" height=\"413\" srcset=\"https:\/\/pravoslavnebrno.cz\/wp-content\/uploads\/2018\/05\/7cbe3b62-cd4d-4457-ba0e-6a8f47085473-300x224.jpg 300w, https:\/\/pravoslavnebrno.cz\/wp-content\/uploads\/2018\/05\/7cbe3b62-cd4d-4457-ba0e-6a8f47085473-80x60.jpg 80w, https:\/\/pravoslavnebrno.cz\/wp-content\/uploads\/2018\/05\/7cbe3b62-cd4d-4457-ba0e-6a8f47085473.jpg 690w\" sizes=\"auto, (max-width: 553px) 100vw, 553px\" \/><\/a><\/p>\n<p>To jsou jen n\u011bkter\u00e9 z tis\u00edc\u016f \u017e\u00e1dost\u00ed v kl\u00e1\u0161te\u0159e sv. Ji\u0159\u00ed \u201eKudunase\u201c \u010dili \u201eZvonkov\u00e9ho\u201c na jednom z\u00a0Princov\u00fdch ostrov\u016f pobl\u00ed\u017e Konstantinopole, kde poutn\u00edky tvo\u0159\u00ed z\u00e1stupci v\u0161ech etnick\u00fdch skupin a n\u00e1bo\u017eenstv\u00ed. Ale p\u0159ev\u00e1\u017en\u011b jsou mezi nimi Turci, muslimov\u00e9.<a href=\"http:\/\/pravoslavbrno.cz\/wp-content\/uploads\/2018\/05\/V\u00fdst\u0159i\u017eek.png\"><img loading=\"lazy\" decoding=\"async\" class=\" wp-image-1657 aligncenter\" src=\"http:\/\/pravoslavbrno.cz\/wp-content\/uploads\/2018\/05\/V\u00fdst\u0159i\u017eek-300x213.png\" alt=\"\" width=\"510\" height=\"362\" srcset=\"https:\/\/pravoslavnebrno.cz\/wp-content\/uploads\/2018\/05\/V\u00fdst\u0159i\u017eek-300x213.png 300w, https:\/\/pravoslavnebrno.cz\/wp-content\/uploads\/2018\/05\/V\u00fdst\u0159i\u017eek-768x546.png 768w, https:\/\/pravoslavnebrno.cz\/wp-content\/uploads\/2018\/05\/V\u00fdst\u0159i\u017eek-700x497.png 700w, https:\/\/pravoslavnebrno.cz\/wp-content\/uploads\/2018\/05\/V\u00fdst\u0159i\u017eek-800x569.png 800w, https:\/\/pravoslavnebrno.cz\/wp-content\/uploads\/2018\/05\/V\u00fdst\u0159i\u017eek.png 1030w\" sizes=\"auto, (max-width: 510px) 100vw, 510px\" \/><\/a>Tento \u0159eck\u00fd kl\u00e1\u0161ter se nach\u00e1z\u00ed na jednom z 9 Princov\u00fdch ostrov\u016f (turecky: Prens Adalar\u0131) v\u00a0Marmarsk\u00e9m mo\u0159i, je\u017e jsou samostatn\u00fdm spr\u00e1vn\u00edm celkem n\u00e1le\u017e\u00edc\u00edm k\u00a0Istanbulu.<\/p>\n<p>Jde o ostrov s\u00a0tureck\u00fdm n\u00e1zvem \u201eB\u00fcy\u00fckada\u201c (\u0159ecky: \u03a0\u03c1\u03af\u03b3\u03ba\u03b7\u03c0\u03bf\u03c2 &#8212; Prinkipos; \u010desky: Velk\u00fd ostrov) s rozlohou 5.46 km\u00b2.<\/p>\n<p style=\"text-align: center;\"><a href=\"http:\/\/pravoslavbrno.cz\/wp-content\/uploads\/2018\/05\/P1010011.jpg\"><img loading=\"lazy\" decoding=\"async\" class=\"alignnone wp-image-1662\" src=\"http:\/\/pravoslavbrno.cz\/wp-content\/uploads\/2018\/05\/P1010011-224x300.jpg\" alt=\"\" width=\"388\" height=\"520\" srcset=\"https:\/\/pravoslavnebrno.cz\/wp-content\/uploads\/2018\/05\/P1010011-224x300.jpg 224w, https:\/\/pravoslavnebrno.cz\/wp-content\/uploads\/2018\/05\/P1010011-768x1027.jpg 768w, https:\/\/pravoslavnebrno.cz\/wp-content\/uploads\/2018\/05\/P1010011-700x936.jpg 700w, https:\/\/pravoslavnebrno.cz\/wp-content\/uploads\/2018\/05\/P1010011.jpg 1197w\" sizes=\"auto, (max-width: 388px) 100vw, 388px\" \/><\/a><\/p>\n<p style=\"text-align: left;\"><!--more-->Tento kl\u00e1\u0161ter dominuje vrcholu ji\u017en\u00edho kopce Princova ostrova, nejv\u011bt\u0161\u00edho a nejhez\u010d\u00edho ze v\u0161ech Princov\u00fdch ostrov\u016f v Marmarsk\u00e9m mo\u0159i. Poutn\u00edci, kte\u0159\u00ed p\u0159ich\u00e1zej\u00ed na sv\u00e1tek hlavn\u00edho patrona kl\u00e1\u0161tera, sv. Ji\u0159\u00ed Kudunase, tou\u017e\u00ed uct\u00edt ikonu sv\u011btce a po\u017e\u00e1dat ho o vysly\u0161en\u00ed sv\u00fdch proseb, kter\u00e9 zanech\u00e1vaj\u00ed vepsan\u00e9 na mal\u00fdch pap\u00edrov\u00fdch \u00fast\u0159i\u017ec\u00edch.<\/p>\n<p style=\"text-align: center;\"><a href=\"http:\/\/pravoslavbrno.cz\/wp-content\/uploads\/2018\/05\/44ae7c28-c566-4042-a34a-a691ced3a8c7.jpg\"><img loading=\"lazy\" decoding=\"async\" class=\"alignnone wp-image-1663\" src=\"http:\/\/pravoslavbrno.cz\/wp-content\/uploads\/2018\/05\/44ae7c28-c566-4042-a34a-a691ced3a8c7-300x201.jpg\" alt=\"\" width=\"570\" height=\"382\" srcset=\"https:\/\/pravoslavnebrno.cz\/wp-content\/uploads\/2018\/05\/44ae7c28-c566-4042-a34a-a691ced3a8c7-300x201.jpg 300w, https:\/\/pravoslavnebrno.cz\/wp-content\/uploads\/2018\/05\/44ae7c28-c566-4042-a34a-a691ced3a8c7.jpg 690w\" sizes=\"auto, (max-width: 570px) 100vw, 570px\" \/><\/a><\/p>\n<p>Traduje se, \u017ee tento kl\u00e1\u0161ter byl postaven v\u00a0roce 963 b\u011bhem vl\u00e1dy byzantsk\u00e9ho c\u00edsa\u0159e Nikifora Fokase a z\u00e1zra\u010dn\u00e1 ikona svat\u00e9ho Ji\u0159\u00ed byla v\u011bnov\u00e1na kl\u00e1\u0161teru ath\u00e9nsk\u00fdm kl\u00e1\u0161terem sv. Iriny. Tato starobyl\u00e1 ikona z\u016fstala bez jak\u00e9hokoli poru\u0161en\u00ed skryt\u00e1 v zemi, dokud nebyla na Princov\u011b ostrov\u011b nalezena jedn\u00edm past\u00fd\u0159em.<\/p>\n<p>Podle legendy uz\u0159el tento past\u00fd\u0159 ve sp\u00e1nku and\u011bla, kter\u00fd mu nazna\u010dil, aby vystoupal na vrchol hory, kde ikonu\u00a0najde. \u0158ekl mu, aby kopal tam, kde usly\u0161\u00ed zvon\u011bn\u00ed zvonk\u016f. Tak se i stalo. Past\u00fd\u0159 zjeven\u00ed n\u00e1sledoval a vyplnil v\u0161echny instrukce, kter\u00e9 mu dal and\u011bl. Nakonec se mu poda\u0159ilo naj\u00edt ikonu, kter\u00e1 byla pokryta svazkem zvonk\u016f. A proto ji nazval ikonou sv. Ji\u0159\u00ed \u201eZvonkov\u00e9ho\u201c (\u0159ec. Koudounas). Pot\u00e9 obnovil kl\u00e1\u0161ter na po\u010dest tohoto sv\u011btce. Od t\u00e9 doby dostalo mal\u00fd zvone\u010dek tis\u00edce a tis\u00edce poutn\u00edk\u016f jako po\u017eehn\u00e1n\u00ed svat\u00e9ho Ji\u0159\u00edho, a tyto zvone\u010dky podle tradice \u010din\u00ed z\u00e1zraky. V\u00a0souladu s\u00a0m\u00edstn\u00edm pod\u00e1n\u00edm a zvyklost\u00ed dost\u00e1vaj\u00ed ti, kte\u0159\u00ed u\u010din\u00ed n\u011bjak\u00fd \u201eslib\u201c, mal\u00fd zvone\u010dek na pam\u00e1tku, a kdy\u017e se jejich slib vypln\u00ed, p\u0159ich\u00e1zej\u00ed zp\u011bt, aby zvone\u010dek vr\u00e1tili, a spolu s\u00a0n\u00edm p\u0159in\u00e1\u0161ej\u00ed tak\u00e9 n\u011bjak\u00e9 dary: nap\u0159. olej, pen\u00edze \u010di dal\u0161\u00ed drobnosti pro pot\u0159eby kl\u00e1\u0161tera.<\/p>\n<p style=\"text-align: center;\"><a href=\"http:\/\/pravoslavbrno.cz\/wp-content\/uploads\/2018\/05\/0df37264-1da9-4c57-8fd1-7f6bdaf596e6.jpg\"><img loading=\"lazy\" decoding=\"async\" class=\"alignnone wp-image-1666\" src=\"http:\/\/pravoslavbrno.cz\/wp-content\/uploads\/2018\/05\/0df37264-1da9-4c57-8fd1-7f6bdaf596e6-300x227.jpg\" alt=\"\" width=\"579\" height=\"438\" srcset=\"https:\/\/pravoslavnebrno.cz\/wp-content\/uploads\/2018\/05\/0df37264-1da9-4c57-8fd1-7f6bdaf596e6-300x227.jpg 300w, https:\/\/pravoslavnebrno.cz\/wp-content\/uploads\/2018\/05\/0df37264-1da9-4c57-8fd1-7f6bdaf596e6-80x60.jpg 80w, https:\/\/pravoslavnebrno.cz\/wp-content\/uploads\/2018\/05\/0df37264-1da9-4c57-8fd1-7f6bdaf596e6.jpg 690w\" sizes=\"auto, (max-width: 579px) 100vw, 579px\" \/><\/a><\/p>\n<p>Ve skute\u010dnosti ka\u017ed\u00fd rok nav\u0161t\u00edv\u00ed m\u00edstn\u00ed kl\u00e1\u0161ter a\u017e 250 000 lid\u00ed, hlavn\u011b Turk\u016f, \u017een, mu\u017e\u016f a d\u011bt\u00ed, kte\u0159\u00ed\u00a0v rukou\u00a0dr\u017e\u00ed c\u00edvku s\u00a0navinutou nit\u00ed. Odv\u00edj\u00ed tuto nit a\u017e k\u00a0vrcholu kopce, kde stoj\u00ed kl\u00e1\u0161ter. B\u011bhem sv\u00e9 pout\u011b nesm\u00ed promluvit. Promluvit mohou naopak a\u017e p\u0159i zp\u00e1te\u010dn\u00ed cest\u011b pot\u00e9, co p\u0159edali svou prosbu svat\u00e9mu v\u00a0jeho chr\u00e1mu. Pouze takto je svat\u00fd usly\u0161\u00ed a vypln\u00ed jejich p\u0159\u00e1n\u00ed. Ka\u017ed\u00fd poutn\u00edk\u00a0toto p\u0159\u00e1n\u00ed, chcete-li prosbu, nap\u00ed\u0161e na kousek pap\u00edru a zanech\u00e1\u00a0je u sv\u011btcovy ikony. Mnoz\u00ed z\u00a0t\u011bchto poutn\u00edk\u016f se\u00a0za svat\u00fdm Ji\u0159\u00edm vracej\u00ed brzy znovu, kdy\u017e je jejich modlitba vysly\u0161ena anebo jejich probl\u00e9m vy\u0159e\u0161en.<\/p>\n<p style=\"text-align: center;\"><a href=\"http:\/\/pravoslavbrno.cz\/wp-content\/uploads\/2018\/05\/93716d71-733e-4853-b64c-384ade4a8153.jpg\"><img loading=\"lazy\" decoding=\"async\" class=\"alignnone wp-image-1664\" src=\"http:\/\/pravoslavbrno.cz\/wp-content\/uploads\/2018\/05\/93716d71-733e-4853-b64c-384ade4a8153-300x267.jpg\" alt=\"\" width=\"518\" height=\"461\" srcset=\"https:\/\/pravoslavnebrno.cz\/wp-content\/uploads\/2018\/05\/93716d71-733e-4853-b64c-384ade4a8153-300x267.jpg 300w, https:\/\/pravoslavnebrno.cz\/wp-content\/uploads\/2018\/05\/93716d71-733e-4853-b64c-384ade4a8153.jpg 690w\" sizes=\"auto, (max-width: 518px) 100vw, 518px\" \/><\/a><\/p>\n<p>Kl\u00e1\u0161ter slav\u00ed sv\u016fj sv\u00e1tek dvakr\u00e1t do roka, jednou na sv\u00e1tek sv. Ji\u0159\u00ed a jednou na sv\u00e1tek sv. Thekly v\u00a0z\u00e1\u0159\u00ed, kdy se kl\u00e1\u0161ter op\u011bt zapln\u00ed velk\u00fdm mno\u017estv\u00ed poutn\u00edk\u016f.<\/p>\n<p style=\"text-align: right;\"><em>p\u0159ipravil MD<\/em><\/p>\n<p style=\"text-align: left;\"><strong>\u010cerp\u00e1no podle n\u00ed\u017ee uveden\u00fdch pramen\u016f:<\/strong><\/p>\n<p style=\"text-align: left;\"><a href=\"http:\/\/nkv.antenna.gr\/news\/World\/article\/442580\/agios-georgios-o-koydoynas-to-monastiri-poy-enonei-xristianoys-kai-moysoylmanoys\">http:\/\/nkv.antenna.gr\/news\/World\/article\/442580\/agios-georgios-o-koydoynas-to-monastiri-poy-enonei-xristianoys-kai-moysoylmanoys<\/a><\/p>\n<p><a href=\"http:\/\/www.stagonnews.gr\/agios-georgios-o-koudounas-prigkipou\/\">http:\/\/www.stagonnews.gr\/agios-georgios-o-koudounas-prigkipou\/<\/a><\/p>\n<p><a href=\"http:\/\/saintgeorgekoudounas.blogspot.cz\/\">http:\/\/saintgeorgekoudounas.blogspot.cz\/<\/a><\/p>\n<p><a href=\"https:\/\/www.vimaorthodoxias.gr\/monastiria-tou-kosmou...\">https:\/\/www.vimaorthodoxias.gr\/monastiria-tou-kosmou&#8230;<\/a><\/p>\n<p><strong>Kr\u00e1tk\u00e9 dokumenty o kl\u00e1\u0161te\u0159e Sv. Ji\u0159\u00ed Kudunase:<\/strong><\/p>\n<p><span class=\"embed-youtube\" style=\"text-align:center; display: block;\"><iframe loading=\"lazy\" class=\"youtube-player\" width=\"700\" height=\"394\" src=\"https:\/\/www.youtube.com\/embed\/1w8ud-S2s7I?version=3&#038;rel=1&#038;showsearch=0&#038;showinfo=1&#038;iv_load_policy=1&#038;fs=1&#038;hl=ru-RU&#038;autohide=2&#038;wmode=transparent\" allowfullscreen=\"true\" style=\"border:0;\" sandbox=\"allow-scripts allow-same-origin allow-popups allow-presentation allow-popups-to-escape-sandbox\"><\/iframe><\/span><\/p>\n<p><span class=\"embed-youtube\" style=\"text-align:center; display: block;\"><iframe loading=\"lazy\" class=\"youtube-player\" width=\"700\" height=\"394\" src=\"https:\/\/www.youtube.com\/embed\/d8CbV7jN-hA?version=3&#038;rel=1&#038;showsearch=0&#038;showinfo=1&#038;iv_load_policy=1&#038;fs=1&#038;hl=ru-RU&#038;autohide=2&#038;wmode=transparent\" allowfullscreen=\"true\" style=\"border:0;\" sandbox=\"allow-scripts allow-same-origin allow-popups allow-presentation allow-popups-to-escape-sandbox\"><\/iframe><\/span><\/p>\n<p>&nbsp;<\/p>\n","protected":false},"excerpt":{"rendered":"<p>Svat\u00fd Georgios \u201eKudunas\u201c \u2013 Ji\u0159\u00ed Zvonkov\u00fd \u201e\u0391\u03ca \u2013 Georgie (\u010dili svat\u00fd Ji\u0159\u00ed), uzdrav pros\u00edm m\u00e9ho otce\u201c, \u201e\u0391\u03ca \u2013 Georgie, pomoz, aby se moji rodi\u010de op\u011bt sm\u00ed\u0159ili a m\u011bli se r\u00e1di\u201c, \u201e\u0391\u03ca \u2013 Georgie, pomoz mi usp\u011bt a dostat se na univerzitu\u201c, \u201e\u0391\u03ca \u2013 Georgie, pomoz mi naj\u00edt si pr\u00e1ci a vr\u00e1tit se dom\u016f&#8230;\u201c &nbsp; To&#8230;<\/p>\n","protected":false},"author":3,"featured_media":0,"comment_status":"open","ping_status":"open","sticky":false,"template":"","format":"standard","meta":{"jetpack_post_was_ever_published":false,"_jetpack_newsletter_access":"","_jetpack_dont_email_post_to_subs":false,"_jetpack_newsletter_tier_id":0,"_jetpack_memberships_contains_paywalled_content":false,"_jetpack_memberships_contains_paid_content":false,"footnotes":"","jetpack_publicize_message":"","jetpack_publicize_feature_enabled":true,"jetpack_social_post_already_shared":true,"jetpack_social_options":{"image_generator_settings":{"template":"highway","default_image_id":0,"font":"","enabled":false},"version":2}},"categories":[14,17],"tags":[],"class_list":["post-1667","post","type-post","status-publish","format-standard","hentry","category-dejiny-pravoslavi","category-zivoty-svatych"],"jetpack_publicize_connections":[],"jetpack_featured_media_url":"","jetpack_sharing_enabled":true,"jetpack_shortlink":"https:\/\/wp.me\/p9GyX2-qT","jetpack-related-posts":[],"_links":{"self":[{"href":"https:\/\/pravoslavnebrno.cz\/ru\/wp-json\/wp\/v2\/posts\/1667","targetHints":{"allow":["GET"]}}],"collection":[{"href":"https:\/\/pravoslavnebrno.cz\/ru\/wp-json\/wp\/v2\/posts"}],"about":[{"href":"https:\/\/pravoslavnebrno.cz\/ru\/wp-json\/wp\/v2\/types\/post"}],"author":[{"embeddable":true,"href":"https:\/\/pravoslavnebrno.cz\/ru\/wp-json\/wp\/v2\/users\/3"}],"replies":[{"embeddable":true,"href":"https:\/\/pravoslavnebrno.cz\/ru\/wp-json\/wp\/v2\/comments?post=1667"}],"version-history":[{"count":10,"href":"https:\/\/pravoslavnebrno.cz\/ru\/wp-json\/wp\/v2\/posts\/1667\/revisions"}],"predecessor-version":[{"id":1679,"href":"https:\/\/pravoslavnebrno.cz\/ru\/wp-json\/wp\/v2\/posts\/1667\/revisions\/1679"}],"wp:attachment":[{"href":"https:\/\/pravoslavnebrno.cz\/ru\/wp-json\/wp\/v2\/media?parent=1667"}],"wp:term":[{"taxonomy":"category","embeddable":true,"href":"https:\/\/pravoslavnebrno.cz\/ru\/wp-json\/wp\/v2\/categories?post=1667"},{"taxonomy":"post_tag","embeddable":true,"href":"https:\/\/pravoslavnebrno.cz\/ru\/wp-json\/wp\/v2\/tags?post=1667"}],"curies":[{"name":"wp","href":"https:\/\/api.w.org\/{rel}","templated":true}]}}