{"id":1651,"date":"2018-05-06T07:14:45","date_gmt":"2018-05-06T06:14:45","guid":{"rendered":"http:\/\/pravoslavbrno.cz\/?p=1651"},"modified":"2018-05-06T07:21:21","modified_gmt":"2018-05-06T06:21:21","slug":"nepripojujte-se-k-tomu-co-je-pozemske-ale-hledejte-to-co-je-vecne","status":"publish","type":"post","link":"https:\/\/pravoslavnebrno.cz\/ru\/nepripojujte-se-k-tomu-co-je-pozemske-ale-hledejte-to-co-je-vecne\/","title":{"rendered":"Nep\u0159ipojujte se k tomu, co je pozemsk\u00e9, ale hledejte to, co je v\u011b\u010dn\u00e9."},"content":{"rendered":"<h2 style=\"text-align: center;\"><strong>Svat\u00fd velkomu\u010dedn\u00edk Georgios (Ji\u0159\u00ed) &#8212;<br \/>\n<\/strong><strong>Velk\u00fd dobrodince v\u0161ech k\u0159es\u0165an\u016f<\/strong><\/h2>\n<p>Svat\u00fd Georgios Velkov\u00edt\u011bzn\u00fd b\u011b\u017e\u00ed dodnes jako vzorn\u00fd atlet a sv\u011bdek \u2013 martyr Krist\u016fv, nebo\u0165 c\u00edt\u00ed bolest nad t\u011bmi z\u00a0n\u00e1s, kte\u0159\u00ed sami pro\u017e\u00edv\u00e1me bolest, tr\u00e1pen\u00ed, kte\u0159\u00ed pot\u0159ebujeme jeho nebesk\u00e9 p\u0159\u00edmluvy a p\u0159isp\u011bn\u00ed v\u00a0na\u0161ich nesn\u00e1z\u00edch.<\/p>\n<p>Svat\u00fd Georgios si tolik zamiloval sv\u00e9ho P\u00e1na Je\u017e\u00ed\u0161e Krista, kter\u00fd ho proto obda\u0159il tak velkou milost\u00ed sh\u016fry, aby mohl pom\u00e1hat v\u0161em, kte\u0159\u00ed se k\u00a0n\u011bmu obracej\u00ed o pomoc, zejm\u00e9na pravoslavn\u00fdm k\u0159es\u0165an\u016fm, kte\u0159\u00ed zachovali pravou v\u00edru v\u00a0na\u0161eho Spasitele.<\/p>\n<p style=\"text-align: center;\"><a href=\"http:\/\/pravoslavbrno.cz\/wp-content\/uploads\/2018\/05\/stgeorge.jpg\"><img loading=\"lazy\" decoding=\"async\" class=\"alignnone wp-image-1648\" src=\"http:\/\/pravoslavbrno.cz\/wp-content\/uploads\/2018\/05\/stgeorge-300x181.jpg\" alt=\"\" width=\"636\" height=\"384\" srcset=\"https:\/\/pravoslavnebrno.cz\/wp-content\/uploads\/2018\/05\/stgeorge-300x181.jpg 300w, https:\/\/pravoslavnebrno.cz\/wp-content\/uploads\/2018\/05\/stgeorge-768x462.jpg 768w, https:\/\/pravoslavnebrno.cz\/wp-content\/uploads\/2018\/05\/stgeorge-700x421.jpg 700w, https:\/\/pravoslavnebrno.cz\/wp-content\/uploads\/2018\/05\/stgeorge-800x482.jpg 800w, https:\/\/pravoslavnebrno.cz\/wp-content\/uploads\/2018\/05\/stgeorge.jpg 1048w\" sizes=\"auto, (max-width: 636px) 100vw, 636px\" \/><\/a><\/p>\n<p>Jak n\u00e1s u\u010d\u00ed svat\u00ed Otcov\u00e9, na\u0161i svat\u00ed se st\u00e1vaj\u00ed na\u0161imi skute\u010dn\u00fdmi a jedin\u00fdmi dobrodinci, nebo\u0165 n\u00e1m ukazuj\u00ed cestu, kterou m\u00e1me ve sv\u00e9m \u017eivot\u011b n\u00e1sledovat. D\u011bje se tak proto, jak n\u00e1s u\u010d\u00ed starec Georgios, \u201enebo\u0165 my lid\u00e9 \u010dasto sch\u00e1z\u00edme z\u00a0prav\u00e9 cesty, nech\u00e1v\u00e1me se zl\u00e1kat sv\u011btsk\u00fdm duchem a uva\u017eov\u00e1n\u00edm, a zapom\u00edn\u00e1me tak na to, kter\u00e1 je spr\u00e1vn\u00e1 cesta na\u0161eho \u017eivota\u201c.<\/p>\n<p>Na\u0161i svat\u00ed, stejn\u011b jako svat\u00fd Georgios, jsou na\u0161imi dobrodinci tak\u00e9 proto, \u017ee krom\u011b prav\u00e9 cesty n\u00e1m d\u00edky sv\u00e9 milosti dod\u00e1vaj\u00ed odvahu a uji\u0161\u0165uj\u00ed n\u00e1s, \u017ee na\u0161e v\u00edra je prav\u00e1 a \u017ee ji m\u00e1me ve sv\u00e9m \u017eivot\u011b zachovat. B\u016fh pak d\u00e1v\u00e1 sv\u00e9mu v\u011brn\u00e9mu lidu svoji milost, aby tuto pravou v\u00edru zachoval i v\u00a0dob\u00e1ch t\u011b\u017ek\u00fdch zkou\u0161ek a pron\u00e1sledov\u00e1n\u00ed.<\/p>\n<p>Stejn\u011b tak se stalo i v\u00a0p\u0159\u00edpad\u011b sv. Georgia.<!--more--><\/p>\n<p>Dal\u0161\u00edm velk\u00fdm p\u0159\u00ednosem svat\u00fdch, a plat\u00ed to obzvl\u00e1\u0161t\u011b v p\u0159\u00edpad\u011b svat\u00e9ho Georgia, je jejich siln\u00e1 p\u0159\u00edmluva u Boha. A jeliko\u017e se b\u011bhem sv\u00e9ho \u017eivota, \u010dasto kr\u00e1tk\u00e9ho (jen pohle\u010fme na ml\u00e1d\u00ed svat\u00fdch Georgia, Dimitria a dal\u0161\u00edch), posv\u011btili a naplnili Bo\u017e\u00ed milost\u00ed, a proto\u017ee byli oslaveni v\u00a0nebesk\u00e9m Kr\u00e1lovstv\u00ed, mohou se nyn\u00ed za n\u00e1s p\u0159imlouvat. \u201eMohou n\u00e1m pom\u00e1hat v\u00a0t\u011b\u017ek\u00fdch chv\u00edl\u00edch na\u0161eho \u017eivota, v\u00a0dob\u00e1ch zkou\u0161ek a poku\u0161en\u00ed, ve chv\u00edl\u00edch na\u0161ich nemoc\u00ed.\u201c Mohou k\u00a0n\u00e1m sp\u011bchat&#8230; \u201eSvat\u00fd Georgios je jedn\u00edm z\u00a0t\u011bch, kte\u0159\u00ed od Boha z\u00edskali velk\u00e9 dary \u2013 milost a charisma, aby k n\u00e1m, k\u0159es\u0165an\u016fm, doslova ut\u00edkali, a to ve chv\u00edli, kdy je budeme vz\u00fdvat,\u201c \u0159\u00edk\u00e1 starec Georgios.<\/p>\n<p>Svat\u00fd Georgios je t\u00edm, kdo k\u00a0n\u00e1m i dnes promlouv\u00e1 a \u0159\u00edk\u00e1: \u201eNep\u0159ipojujte se k tomu, co je pozemsk\u00e9, ale hledejte to, co je v\u011b\u010dn\u00e9. Nep\u0159ipojujte se k\u00a0po\u017eitk\u016fm a rozko\u0161\u00edm tohoto sv\u011bta a nezapom\u00ednejte na prav\u00fd a v\u011b\u010dn\u00fd \u017eivot v\u00a0bl\u00edzkosti Krista. Zamilujte si ze v\u0161eho nejv\u00edce ve sv\u00e9m \u017eivot\u011b samotn\u00e9ho Je\u017e\u00ed\u0161e Krista, nebo\u0165 On se za v\u00e1s ob\u011btoval. On je v\u00e1\u0161 skute\u010dn\u00fd a jedin\u00fd Spasitel, nebo\u0165 On je prav\u00fd B\u016fh, On je v\u00e1\u0161 v\u011b\u010dn\u00fd \u017eivot.\u201c<\/p>\n<p>Amen a Bohu sl\u00e1va!<\/p>\n<p style=\"text-align: right;\"><em>Podle homilie archim. Georgia ke sv\u00e1tku sv. velkomu\u010dedn\u00edka Georgia<br \/>\n(\u0395\u03b9\u03c2<\/em> <em>\u03c4\u03b7\u03bd<\/em> <em>\u03b1\u03bd\u03b1\u03ba\u03bf\u03bc\u03b9\u03b4\u03ae\u03bd<\/em> <em>\u03c4\u03c9\u03bd<\/em> <em>\u03b9\u03b5\u03c1\u03ce\u03bd<\/em> <em>\u03bb\u03b5\u03b9\u03c8\u03ac\u03bd\u03c9\u03bd<\/em> <em>\u03c4\u03bf\u03c5<\/em> <em>\u0391\u03b3\u03af\u03bf\u03c5<\/em> <em>\u039c\u03b5\u03b3\u03b1\u03bb\u03bf\u03bc\u03ac\u03c1\u03c4\u03c5\u03c1\u03bf\u03c2<\/em><em><br \/>\n<\/em><em>\u0393\u03b5\u03c9\u03c1\u03b3\u03af\u03bf\u03c5<\/em> <em>\u03c4\u03bf\u03c5<\/em> <em>\u03a4\u03c1\u03bf\u03c0\u03b1\u03b9\u03bf\u03c6\u03cc\u03c1\u03bf\u03c5<\/em><em>, 1986)<br \/>\nvybral a p\u0159elo\u017eil MD<\/em><\/p>\n<p>\u00a0(+) \u0391\u03c1\u03c7\u03b9\u03bc. \u0393\u03b5\u03ce\u03c1\u03b3\u03b9\u03bf\u03c2 (\u039a\u03b1\u03c8\u03ac\u03bd\u03b7\u03c2), \u039a\u03b1\u03b8\u03b7\u03b3\u03bf\u03cd\u03bc\u03b5\u03bd\u03bf\u03c2 \u03c4\u03b7\u03c2 \u0399\u03b5\u03c1\u03ac\u03c2 \u039c\u03bf\u03bd\u03ae\u03c2 \u039f\u03c3\u03af\u03bf\u03c5 \u0393\u03c1\u03b7\u03b3\u03bf\u03c1\u03af\u03bf\u03c5, \u0386\u03b3\u03b9\u03bf\u03bd \u038c\u03c1\u03bf\u03c2. \u0395\u03b9\u03c2 \u03c4\u03b7\u03bd \u03b1\u03bd\u03b1\u03ba\u03bf\u03bc\u03b9\u03b4\u03ae\u03bd \u03c4\u03c9\u03bd \u03b9\u03b5\u03c1\u03ce\u03bd \u03bb\u03b5\u03b9\u03c8\u03ac\u03bd\u03c9\u03bd \u03c4\u03bf\u03c5 \u0391\u03b3\u03af\u03bf\u03c5 \u039c\u03b5\u03b3\u03b1\u03bb\u03bf\u03bc\u03ac\u03c1\u03c4\u03c5\u03c1\u03bf\u03c2 \u0393\u03b5\u03c9\u03c1\u03b3\u03af\u03bf\u03c5 \u03c4\u03bf\u03c5 \u03a4\u03c1\u03bf\u03c0\u03b1\u03b9\u03bf\u03c6\u03cc\u03c1\u03bf\u03c5, 1986. \u0399n: \u039f\u03bc\u03b9\u03bb\u03af\u03b5\u03c2 \u03c3\u03b5 \u03b5\u03bf\u03c1\u03c4\u03ad\u03c2 \u03b1\u03b3\u03af\u03c9\u03bd (\u03c4\u03c9\u03bd \u03b5\u03c4\u03ce\u03bd 1981-1991) \u0392\u2019. \u0388\u03ba\u03b4\u03bf\u03c3\u03b9\u03c2 \u0399\u03b5\u03c1\u03ac\u03c2 \u039c\u03bf\u03bd\u03ae\u03c2 \u039f\u03c3\u03af\u03bf\u03c5 \u0393\u03c1\u03b7\u03b3\u03bf\u03c1\u03af\u03bf\u03c5, \u0386\u03b3\u03b9\u03bf\u03bd \u038c\u03c1\u03bf\u03c2 2018, s. 47-53. ISBN: 978-960-7553-35-5.<\/p>\n","protected":false},"excerpt":{"rendered":"<p>Svat\u00fd velkomu\u010dedn\u00edk Georgios (Ji\u0159\u00ed) &#8212; Velk\u00fd dobrodince v\u0161ech k\u0159es\u0165an\u016f Svat\u00fd Georgios Velkov\u00edt\u011bzn\u00fd b\u011b\u017e\u00ed dodnes jako vzorn\u00fd atlet a sv\u011bdek \u2013 martyr Krist\u016fv, nebo\u0165 c\u00edt\u00ed bolest nad t\u011bmi z\u00a0n\u00e1s, kte\u0159\u00ed sami pro\u017e\u00edv\u00e1me bolest, tr\u00e1pen\u00ed, kte\u0159\u00ed pot\u0159ebujeme jeho nebesk\u00e9 p\u0159\u00edmluvy a p\u0159isp\u011bn\u00ed v\u00a0na\u0161ich nesn\u00e1z\u00edch. Svat\u00fd Georgios si tolik zamiloval sv\u00e9ho P\u00e1na Je\u017e\u00ed\u0161e Krista, kter\u00fd ho proto obda\u0159il&#8230;<\/p>\n","protected":false},"author":3,"featured_media":0,"comment_status":"open","ping_status":"open","sticky":false,"template":"","format":"standard","meta":{"jetpack_post_was_ever_published":false,"_jetpack_newsletter_access":"","_jetpack_dont_email_post_to_subs":false,"_jetpack_newsletter_tier_id":0,"_jetpack_memberships_contains_paywalled_content":false,"_jetpack_memberships_contains_paid_content":false,"footnotes":"","jetpack_publicize_message":"","jetpack_publicize_feature_enabled":true,"jetpack_social_post_already_shared":true,"jetpack_social_options":{"image_generator_settings":{"template":"highway","default_image_id":0,"font":"","enabled":false},"version":2}},"categories":[4,17],"tags":[],"class_list":["post-1651","post","type-post","status-publish","format-standard","hentry","category-pouceni","category-zivoty-svatych"],"jetpack_publicize_connections":[],"jetpack_featured_media_url":"","jetpack_sharing_enabled":true,"jetpack_shortlink":"https:\/\/wp.me\/p9GyX2-qD","jetpack-related-posts":[],"_links":{"self":[{"href":"https:\/\/pravoslavnebrno.cz\/ru\/wp-json\/wp\/v2\/posts\/1651","targetHints":{"allow":["GET"]}}],"collection":[{"href":"https:\/\/pravoslavnebrno.cz\/ru\/wp-json\/wp\/v2\/posts"}],"about":[{"href":"https:\/\/pravoslavnebrno.cz\/ru\/wp-json\/wp\/v2\/types\/post"}],"author":[{"embeddable":true,"href":"https:\/\/pravoslavnebrno.cz\/ru\/wp-json\/wp\/v2\/users\/3"}],"replies":[{"embeddable":true,"href":"https:\/\/pravoslavnebrno.cz\/ru\/wp-json\/wp\/v2\/comments?post=1651"}],"version-history":[{"count":5,"href":"https:\/\/pravoslavnebrno.cz\/ru\/wp-json\/wp\/v2\/posts\/1651\/revisions"}],"predecessor-version":[{"id":1656,"href":"https:\/\/pravoslavnebrno.cz\/ru\/wp-json\/wp\/v2\/posts\/1651\/revisions\/1656"}],"wp:attachment":[{"href":"https:\/\/pravoslavnebrno.cz\/ru\/wp-json\/wp\/v2\/media?parent=1651"}],"wp:term":[{"taxonomy":"category","embeddable":true,"href":"https:\/\/pravoslavnebrno.cz\/ru\/wp-json\/wp\/v2\/categories?post=1651"},{"taxonomy":"post_tag","embeddable":true,"href":"https:\/\/pravoslavnebrno.cz\/ru\/wp-json\/wp\/v2\/tags?post=1651"}],"curies":[{"name":"wp","href":"https:\/\/api.w.org\/{rel}","templated":true}]}}