{"id":1224,"date":"2018-04-06T04:53:09","date_gmt":"2018-04-06T03:53:09","guid":{"rendered":"http:\/\/pravoslavbrno.cz\/?p=1224"},"modified":"2018-04-06T04:55:57","modified_gmt":"2018-04-06T03:55:57","slug":"eli-eli-lama-sabachtani","status":"publish","type":"post","link":"https:\/\/pravoslavnebrno.cz\/ru\/eli-eli-lama-sabachtani\/","title":{"rendered":"\u201eEli, Eli, lama sabachtani?\u201c"},"content":{"rendered":"<h3 style=\"text-align: center;\"><strong>\u201eEli, Eli, lama sabachtani?\u201c to je:<br \/>\n\u201eBo\u017ee m\u016fj, Bo\u017ee m\u016fj, pro\u010d jsi m\u011b opustil?\u201c<\/strong><\/h3>\n<h3 style=\"text-align: center;\"><strong>Vol\u00e1n\u00ed Je\u017e\u00ed\u0161e k\u00a0Bohu Otci je tak\u00e9 na\u0161\u00edm vlastn\u00edm vol\u00e1n\u00edm&#8230;<\/strong><\/h3>\n<p style=\"text-align: center;\"><a href=\"http:\/\/pravoslavbrno.cz\/wp-content\/uploads\/2018\/04\/29694848_1635049769936628_1451374671722184704_n.jpg\"><img loading=\"lazy\" decoding=\"async\" class=\"alignnone wp-image-1225\" src=\"http:\/\/pravoslavbrno.cz\/wp-content\/uploads\/2018\/04\/29694848_1635049769936628_1451374671722184704_n-212x300.jpg\" alt=\"\" width=\"409\" height=\"579\" srcset=\"https:\/\/pravoslavnebrno.cz\/wp-content\/uploads\/2018\/04\/29694848_1635049769936628_1451374671722184704_n-212x300.jpg 212w, https:\/\/pravoslavnebrno.cz\/wp-content\/uploads\/2018\/04\/29694848_1635049769936628_1451374671722184704_n.jpg 453w\" sizes=\"auto, (max-width: 409px) 100vw, 409px\" \/><\/a><\/p>\n<p>Od \u0161est\u00e9 hodiny pak nastala po cel\u00e9 zemi tma a\u017e do dev\u00e1t\u00e9 hodiny. Kolem dev\u00e1t\u00e9 hodiny pak Je\u017e\u00ed\u0161 hlasit\u011b vyk\u0159ikl: &#171;Eli, Eli, lama sabachtani?&#187; to je: &#171;Bo\u017ee m\u016fj, Bo\u017ee m\u016fj, pro\u010d jsi m\u011b opustil?&#187;<\/p>\n<p>A kdy\u017e to usly\u0161eli n\u011bkte\u0159\u00ed z kolemstoj\u00edc\u00edch, \u0159\u00edkali: &#171;Ten <em>\u010dlov\u011bk<\/em> vol\u00e1 Eli\u00e1\u0161e!&#187; Jeden z nich hned odb\u011bhl, vzal houbu, a kdy\u017e ji naplnil octem, dal ji na v\u011btev a d\u00e1val mu nap\u00edt. Ale ostatn\u00ed \u0159\u00edkali: &#171;Nech <em>ho<\/em>, uvid\u00edme, jestli p\u0159ijde Eli\u00e1\u0161, aby ho zachr\u00e1nil!&#187;<\/p>\n<p>Je\u017e\u00ed\u0161 pak op\u011bt hlasit\u011b vyk\u0159ikl a vypustil ducha. A hle, chr\u00e1mov\u00e1 opona se roztrhla na dva <em>kusy<\/em> odshora a\u017e dol\u016f a zem\u011b se ot\u0159\u00e1sla a sk\u00e1ly popraskaly. Otev\u0159ely se hroby a vstala mnoh\u00e1 t\u011bla zesnul\u00fdch svat\u00fdch,\u00a0kte\u0159\u00ed po jeho vzk\u0159\u00ed\u0161en\u00ed vy\u0161li z hrob\u016f, p\u0159i\u0161li do svat\u00e9ho m\u011bsta a uk\u00e1zali se mnoha <em>lidem<\/em>.<\/p>\n<p>Kdy\u017e pak setn\u00edk a ti, kdo s n\u00edm hl\u00eddali Je\u017e\u00ed\u0161e, uvid\u011bli zem\u011bt\u0159esen\u00ed a to, co se d\u011blo, velmi se vyd\u011bsili a \u0159\u00edkali: &#171;To byl opravdu Bo\u017e\u00ed Syn!&#187; Bylo tam tak\u00e9 mnoho \u017een p\u0159ihl\u00ed\u017eej\u00edc\u00edch zpovzd\u00e1l\u00ed, kter\u00e9 doprov\u00e1zely Je\u017e\u00ed\u0161e z Galileje a slou\u017eily mu. Byla mezi nimi Marie Magdal\u00e9na a Marie, matka Jakuba a Jozese, a matka Zebedeov\u00fdch syn\u016f.<!--more--><\/p>\n<p>A kdy\u017e nastal ve\u010der, p\u0159i\u0161el bohat\u00fd \u010dlov\u011bk z Arimatie, jm\u00e9nem Josef, kter\u00fd byl tak\u00e9 Je\u017e\u00ed\u0161\u016fv u\u010dedn\u00edk. Ten p\u0159i\u0161el k Pil\u00e1tovi a po\u017e\u00e1dal o Je\u017e\u00ed\u0161ovo t\u011blo. Tehdy Pil\u00e1t na\u0159\u00eddil, aby t\u011blo bylo vyd\u00e1no.<\/p>\n<p>Josef vzal t\u011blo, zavinul ho do \u010dist\u00e9ho pl\u00e1tna a pochoval ho do sv\u00e9ho nov\u00e9ho hrobu, kter\u00fd si vytesal ve sk\u00e1le. Potom p\u0159ivalil ke dve\u0159\u00edm hrobu velk\u00fd k\u00e1men a ode\u0161el. A byla tam Marie Magdal\u00e9na a druh\u00e1 Marie, sed\u00edc\u00ed naproti hrobu. Naz\u00edt\u0159\u00ed, po <em>dni<\/em> p\u0159ipravov\u00e1n\u00ed, se pak velekn\u011b\u017e\u00ed a farizeov\u00e9 se\u0161li k Pil\u00e1tovi a \u0159ekli <em>mu<\/em>: &#171;Pane, vzpomn\u011bli jsme si, \u017ee kdy\u017e ten bluda\u0159 je\u0161t\u011b \u017eil, \u0159ekl: &#8216;Po t\u0159ech dnech vstanu.&#8217;<\/p>\n<p>Proto na\u0159i\u010f, a\u0165 je hrob hl\u00edd\u00e1n a\u017e do t\u0159et\u00edho dne, aby snad nep\u0159i\u0161li jeho u\u010dedn\u00edci, neukradli ho a ne\u0159ekli lidu: &#8216;Byl vzk\u0159\u00ed\u0161en z mrtv\u00fdch!&#8217; Tak bude posledn\u00ed blud hor\u0161\u00ed ne\u017e ten prvn\u00ed!&#187; Pil\u00e1t jim \u0159ekl: &#171;M\u00e1te str\u00e1\u017e, jd\u011bte a hl\u00eddejte, jak um\u00edte.&#187; A tak \u0161li, a kdy\u017e zape\u010detili k\u00e1men, obsadili hrob str\u00e1\u017en\u00fdmi.<\/p>\n<p style=\"text-align: center;\">(Mat 27, 45-66)<\/p>\n<p><span class=\"embed-youtube\" style=\"text-align:center; display: block;\"><iframe loading=\"lazy\" class=\"youtube-player\" width=\"700\" height=\"394\" src=\"https:\/\/www.youtube.com\/embed\/98YlYFKDz98?version=3&#038;rel=1&#038;showsearch=0&#038;showinfo=1&#038;iv_load_policy=1&#038;fs=1&#038;hl=ru-RU&#038;autohide=2&#038;wmode=transparent\" allowfullscreen=\"true\" style=\"border:0;\" sandbox=\"allow-scripts allow-same-origin allow-popups allow-presentation allow-popups-to-escape-sandbox\"><\/iframe><\/span><\/p>\n","protected":false},"excerpt":{"rendered":"<p>\u201eEli, Eli, lama sabachtani?\u201c to je: \u201eBo\u017ee m\u016fj, Bo\u017ee m\u016fj, pro\u010d jsi m\u011b opustil?\u201c Vol\u00e1n\u00ed Je\u017e\u00ed\u0161e k\u00a0Bohu Otci je tak\u00e9 na\u0161\u00edm vlastn\u00edm vol\u00e1n\u00edm&#8230; Od \u0161est\u00e9 hodiny pak nastala po cel\u00e9 zemi tma a\u017e do dev\u00e1t\u00e9 hodiny. Kolem dev\u00e1t\u00e9 hodiny pak Je\u017e\u00ed\u0161 hlasit\u011b vyk\u0159ikl: &#171;Eli, Eli, lama sabachtani?&#187; to je: &#171;Bo\u017ee m\u016fj, Bo\u017ee m\u016fj, pro\u010d jsi&#8230;<\/p>\n","protected":false},"author":3,"featured_media":0,"comment_status":"open","ping_status":"open","sticky":false,"template":"","format":"standard","meta":{"jetpack_post_was_ever_published":false,"_jetpack_newsletter_access":"","_jetpack_dont_email_post_to_subs":false,"_jetpack_newsletter_tier_id":0,"_jetpack_memberships_contains_paywalled_content":false,"_jetpack_memberships_contains_paid_content":false,"footnotes":"","jetpack_publicize_message":"","jetpack_publicize_feature_enabled":true,"jetpack_social_post_already_shared":true,"jetpack_social_options":{"image_generator_settings":{"template":"highway","default_image_id":0,"font":"","enabled":false},"version":2}},"categories":[4],"tags":[],"class_list":["post-1224","post","type-post","status-publish","format-standard","hentry","category-pouceni"],"jetpack_publicize_connections":[],"jetpack_featured_media_url":"","jetpack_sharing_enabled":true,"jetpack_shortlink":"https:\/\/wp.me\/p9GyX2-jK","jetpack-related-posts":[],"_links":{"self":[{"href":"https:\/\/pravoslavnebrno.cz\/ru\/wp-json\/wp\/v2\/posts\/1224","targetHints":{"allow":["GET"]}}],"collection":[{"href":"https:\/\/pravoslavnebrno.cz\/ru\/wp-json\/wp\/v2\/posts"}],"about":[{"href":"https:\/\/pravoslavnebrno.cz\/ru\/wp-json\/wp\/v2\/types\/post"}],"author":[{"embeddable":true,"href":"https:\/\/pravoslavnebrno.cz\/ru\/wp-json\/wp\/v2\/users\/3"}],"replies":[{"embeddable":true,"href":"https:\/\/pravoslavnebrno.cz\/ru\/wp-json\/wp\/v2\/comments?post=1224"}],"version-history":[{"count":6,"href":"https:\/\/pravoslavnebrno.cz\/ru\/wp-json\/wp\/v2\/posts\/1224\/revisions"}],"predecessor-version":[{"id":1232,"href":"https:\/\/pravoslavnebrno.cz\/ru\/wp-json\/wp\/v2\/posts\/1224\/revisions\/1232"}],"wp:attachment":[{"href":"https:\/\/pravoslavnebrno.cz\/ru\/wp-json\/wp\/v2\/media?parent=1224"}],"wp:term":[{"taxonomy":"category","embeddable":true,"href":"https:\/\/pravoslavnebrno.cz\/ru\/wp-json\/wp\/v2\/categories?post=1224"},{"taxonomy":"post_tag","embeddable":true,"href":"https:\/\/pravoslavnebrno.cz\/ru\/wp-json\/wp\/v2\/tags?post=1224"}],"curies":[{"name":"wp","href":"https:\/\/api.w.org\/{rel}","templated":true}]}}