{"id":916,"date":"2018-03-29T02:02:47","date_gmt":"2018-03-29T01:02:47","guid":{"rendered":"http:\/\/pravoslavbrno.cz\/?p=916"},"modified":"2018-03-29T05:09:04","modified_gmt":"2018-03-29T04:09:04","slug":"40-zastaveni-se-starcem-paisijem-6","status":"publish","type":"post","link":"https:\/\/pravoslavnebrno.cz\/en\/40-zastaveni-se-starcem-paisijem-6\/","title":{"rendered":"40 zastaven\u00ed se starcem Paisijem"},"content":{"rendered":"<p style=\"text-align: center;\"><strong>Na cest\u011b ke sv\u00e1tku Vzk\u0159\u00ed\u0161en\u00ed<\/strong><\/p>\n<p style=\"text-align: center;\"><strong>(39.)<\/strong><\/p>\n<p style=\"text-align: center;\"><a href=\"http:\/\/pravoslavbrno.cz\/wp-content\/uploads\/2018\/03\/\u0391\u03b3\u03b9\u03bf\u03c2-\u03a0\u03b1\u03b9\u03c3\u03b9\u03bf\u03c2-5.jpg\"><img loading=\"lazy\" decoding=\"async\" class=\"alignnone wp-image-944\" src=\"http:\/\/pravoslavbrno.cz\/wp-content\/uploads\/2018\/03\/\u0391\u03b3\u03b9\u03bf\u03c2-\u03a0\u03b1\u03b9\u03c3\u03b9\u03bf\u03c2-5-300x169.jpg\" alt=\"\" width=\"566\" height=\"319\" srcset=\"https:\/\/pravoslavnebrno.cz\/wp-content\/uploads\/2018\/03\/\u0391\u03b3\u03b9\u03bf\u03c2-\u03a0\u03b1\u03b9\u03c3\u03b9\u03bf\u03c2-5-300x169.jpg 300w, https:\/\/pravoslavnebrno.cz\/wp-content\/uploads\/2018\/03\/\u0391\u03b3\u03b9\u03bf\u03c2-\u03a0\u03b1\u03b9\u03c3\u03b9\u03bf\u03c2-5-768x432.jpg 768w, https:\/\/pravoslavnebrno.cz\/wp-content\/uploads\/2018\/03\/\u0391\u03b3\u03b9\u03bf\u03c2-\u03a0\u03b1\u03b9\u03c3\u03b9\u03bf\u03c2-5-700x394.jpg 700w, https:\/\/pravoslavnebrno.cz\/wp-content\/uploads\/2018\/03\/\u0391\u03b3\u03b9\u03bf\u03c2-\u03a0\u03b1\u03b9\u03c3\u03b9\u03bf\u03c2-5-800x450.jpg 800w, https:\/\/pravoslavnebrno.cz\/wp-content\/uploads\/2018\/03\/\u0391\u03b3\u03b9\u03bf\u03c2-\u03a0\u03b1\u03b9\u03c3\u03b9\u03bf\u03c2-5.jpg 1280w\" sizes=\"auto, (max-width: 566px) 100vw, 566px\" \/><\/a><\/p>\n<p>\u201e\u010c\u00edm v\u00edce se nam\u00e1h\u00e1\u0161, t\u00edm v\u011bt\u0161\u00ed radost a v\u011bt\u0161\u00ed blahoda\u0165 od Boha z\u00edsk\u00e1v\u00e1\u0161.\u201c<\/p>\n<p>\u03a1\u03ae\u03c3\u03b5\u03b9\u03c2 \u03ba\u03b1\u03b9 \u03b4\u03b9\u03b7\u03b3\u03ae\u03c3\u03b5\u03b9\u03c2 \u0393\u03ad\u03c1\u03bf\u03bd\u03c4\u03bf\u03c2 \u03a0\u03b1\u03ca\u03c3\u03b9\u03bf\u03c5. In: \u0391\u03c0\u03bf \u03c4\u03b7\u03bd \u03b1\u03c3\u03ba\u03b7\u03c4\u03b9\u03ba\u03ae \u03ba\u03b1\u03b9 \u03b7\u03c3\u03c5\u03c7\u03b1\u03c3\u03c4\u03b9\u03ba\u03ae \u03b1\u03b3\u03b9\u03bf\u03c1\u03b5\u03b9\u03c4\u03b9\u03ba\u03ae \u03c0\u03b1\u03c1\u03ac\u03b4\u03bf\u03c3\u03b7. \u03a4\u03b5\u03c4\u03ac\u03c1\u03c4\u03bf \u03bc\u03ad\u03c1\u03bf\u03c2, \u0386\u03b3\u03b9\u03bf\u03bd \u038c\u03c1\u03bf\u03c2 2011, s. 712.<\/p>\n","protected":false},"excerpt":{"rendered":"<p>Na cest\u011b ke sv\u00e1tku Vzk\u0159\u00ed\u0161en\u00ed (39.) \u201e\u010c\u00edm v\u00edce se nam\u00e1h\u00e1\u0161, t\u00edm v\u011bt\u0161\u00ed radost a v\u011bt\u0161\u00ed blahoda\u0165 od Boha z\u00edsk\u00e1v\u00e1\u0161.\u201c \u03a1\u03ae\u03c3\u03b5\u03b9\u03c2 \u03ba\u03b1\u03b9 \u03b4\u03b9\u03b7\u03b3\u03ae\u03c3\u03b5\u03b9\u03c2 \u0393\u03ad\u03c1\u03bf\u03bd\u03c4\u03bf\u03c2 \u03a0\u03b1\u03ca\u03c3\u03b9\u03bf\u03c5. In: \u0391\u03c0\u03bf \u03c4\u03b7\u03bd \u03b1\u03c3\u03ba\u03b7\u03c4\u03b9\u03ba\u03ae \u03ba\u03b1\u03b9 \u03b7\u03c3\u03c5\u03c7\u03b1\u03c3\u03c4\u03b9\u03ba\u03ae \u03b1\u03b3\u03b9\u03bf\u03c1\u03b5\u03b9\u03c4\u03b9\u03ba\u03ae \u03c0\u03b1\u03c1\u03ac\u03b4\u03bf\u03c3\u03b7. \u03a4\u03b5\u03c4\u03ac\u03c1\u03c4\u03bf \u03bc\u03ad\u03c1\u03bf\u03c2, \u0386\u03b3\u03b9\u03bf\u03bd \u038c\u03c1\u03bf\u03c2 2011, s. 712.<\/p>\n","protected":false},"author":3,"featured_media":0,"comment_status":"open","ping_status":"open","sticky":false,"template":"","format":"standard","meta":{"jetpack_post_was_ever_published":false,"_jetpack_newsletter_access":"","_jetpack_dont_email_post_to_subs":false,"_jetpack_newsletter_tier_id":0,"_jetpack_memberships_contains_paywalled_content":false,"_jetpack_memberships_contains_paid_content":false,"footnotes":"","jetpack_publicize_message":"","jetpack_publicize_feature_enabled":true,"jetpack_social_post_already_shared":true,"jetpack_social_options":{"image_generator_settings":{"template":"highway","default_image_id":0,"font":"","enabled":false},"version":2}},"categories":[10,4],"tags":[],"class_list":["post-916","post","type-post","status-publish","format-standard","hentry","category-pouceni-z-pateriku","category-pouceni"],"jetpack_publicize_connections":[],"jetpack_featured_media_url":"","jetpack_sharing_enabled":true,"jetpack_shortlink":"https:\/\/wp.me\/p9GyX2-eM","jetpack-related-posts":[],"_links":{"self":[{"href":"https:\/\/pravoslavnebrno.cz\/en\/wp-json\/wp\/v2\/posts\/916","targetHints":{"allow":["GET"]}}],"collection":[{"href":"https:\/\/pravoslavnebrno.cz\/en\/wp-json\/wp\/v2\/posts"}],"about":[{"href":"https:\/\/pravoslavnebrno.cz\/en\/wp-json\/wp\/v2\/types\/post"}],"author":[{"embeddable":true,"href":"https:\/\/pravoslavnebrno.cz\/en\/wp-json\/wp\/v2\/users\/3"}],"replies":[{"embeddable":true,"href":"https:\/\/pravoslavnebrno.cz\/en\/wp-json\/wp\/v2\/comments?post=916"}],"version-history":[{"count":2,"href":"https:\/\/pravoslavnebrno.cz\/en\/wp-json\/wp\/v2\/posts\/916\/revisions"}],"predecessor-version":[{"id":945,"href":"https:\/\/pravoslavnebrno.cz\/en\/wp-json\/wp\/v2\/posts\/916\/revisions\/945"}],"wp:attachment":[{"href":"https:\/\/pravoslavnebrno.cz\/en\/wp-json\/wp\/v2\/media?parent=916"}],"wp:term":[{"taxonomy":"category","embeddable":true,"href":"https:\/\/pravoslavnebrno.cz\/en\/wp-json\/wp\/v2\/categories?post=916"},{"taxonomy":"post_tag","embeddable":true,"href":"https:\/\/pravoslavnebrno.cz\/en\/wp-json\/wp\/v2\/tags?post=916"}],"curies":[{"name":"wp","href":"https:\/\/api.w.org\/{rel}","templated":true}]}}