{"id":834,"date":"2018-03-22T02:41:43","date_gmt":"2018-03-22T01:41:43","guid":{"rendered":"http:\/\/pravoslavbrno.cz\/?p=834"},"modified":"2018-03-21T06:51:07","modified_gmt":"2018-03-21T05:51:07","slug":"40-kratkych-zastaveni-se-starcem-paisijem-26","status":"publish","type":"post","link":"https:\/\/pravoslavnebrno.cz\/en\/40-kratkych-zastaveni-se-starcem-paisijem-26\/","title":{"rendered":"40 kr\u00e1tk\u00fdch zastaven\u00ed se starcem Paisijem"},"content":{"rendered":"<p style=\"text-align: center;\"><strong>Na cest\u011b ke sv\u00e1tku Vzk\u0159\u00ed\u0161en\u00ed<\/strong><\/p>\n<p style=\"text-align: center;\"><strong>(32.)<\/strong><\/p>\n<p style=\"text-align: center;\"><a href=\"http:\/\/pravoslavbrno.cz\/wp-content\/uploads\/2018\/03\/Starec-Paisij.jpg\"><img loading=\"lazy\" decoding=\"async\" class=\"alignnone wp-image-873\" src=\"http:\/\/pravoslavbrno.cz\/wp-content\/uploads\/2018\/03\/Starec-Paisij-179x300.jpg\" alt=\"\" width=\"401\" height=\"672\" srcset=\"https:\/\/pravoslavnebrno.cz\/wp-content\/uploads\/2018\/03\/Starec-Paisij-179x300.jpg 179w, https:\/\/pravoslavnebrno.cz\/wp-content\/uploads\/2018\/03\/Starec-Paisij.jpg 238w\" sizes=\"auto, (max-width: 401px) 100vw, 401px\" \/><\/a><\/p>\n<p>\u201e\u017dalt\u00e1\u0159 je Bohem vdechnut\u00e1 kniha, napln\u011bna duchovn\u00edm dojet\u00edm.\u00a0A\u00a0(prorok) David se podob\u00e1 n\u011bjak\u00e9mu architektovi, kter\u00fd, ani\u017e by byl s\u00e1m stavitelem, u\u010dinil mistrovsk\u00fd (architektonick\u00fd) kousek, kter\u00fd ostatn\u00ed obdivuj\u00ed.\u201c<\/p>\n<p>\u03a1\u03ae\u03c3\u03b5\u03b9\u03c2 \u03ba\u03b1\u03b9 \u03b4\u03b9\u03b7\u03b3\u03ae\u03c3\u03b5\u03b9\u03c2 \u0393\u03ad\u03c1\u03bf\u03bd\u03c4\u03bf\u03c2 \u03a0\u03b1\u03ca\u03c3\u03b9\u03bf\u03c5. In: \u0391\u03c0\u03bf \u03c4\u03b7\u03bd \u03b1\u03c3\u03ba\u03b7\u03c4\u03b9\u03ba\u03ae \u03ba\u03b1\u03b9 \u03b7\u03c3\u03c5\u03c7\u03b1\u03c3\u03c4\u03b9\u03ba\u03ae \u03b1\u03b3\u03b9\u03bf\u03c1\u03b5\u03b9\u03c4\u03b9\u03ba\u03ae \u03c0\u03b1\u03c1\u03ac\u03b4\u03bf\u03c3\u03b7. \u03a4\u03b5\u03c4\u03ac\u03c1\u03c4\u03bf \u03bc\u03ad\u03c1\u03bf\u03c2, \u0386\u03b3\u03b9\u03bf\u03bd \u038c\u03c1\u03bf\u03c2 2011, s. 708.<\/p>\n","protected":false},"excerpt":{"rendered":"<p>Na cest\u011b ke sv\u00e1tku Vzk\u0159\u00ed\u0161en\u00ed (32.) \u201e\u017dalt\u00e1\u0159 je Bohem vdechnut\u00e1 kniha, napln\u011bna duchovn\u00edm dojet\u00edm.\u00a0A\u00a0(prorok) David se podob\u00e1 n\u011bjak\u00e9mu architektovi, kter\u00fd, ani\u017e by byl s\u00e1m stavitelem, u\u010dinil mistrovsk\u00fd (architektonick\u00fd) kousek, kter\u00fd ostatn\u00ed obdivuj\u00ed.\u201c \u03a1\u03ae\u03c3\u03b5\u03b9\u03c2 \u03ba\u03b1\u03b9 \u03b4\u03b9\u03b7\u03b3\u03ae\u03c3\u03b5\u03b9\u03c2 \u0393\u03ad\u03c1\u03bf\u03bd\u03c4\u03bf\u03c2 \u03a0\u03b1\u03ca\u03c3\u03b9\u03bf\u03c5. In: \u0391\u03c0\u03bf \u03c4\u03b7\u03bd \u03b1\u03c3\u03ba\u03b7\u03c4\u03b9\u03ba\u03ae \u03ba\u03b1\u03b9 \u03b7\u03c3\u03c5\u03c7\u03b1\u03c3\u03c4\u03b9\u03ba\u03ae \u03b1\u03b3\u03b9\u03bf\u03c1\u03b5\u03b9\u03c4\u03b9\u03ba\u03ae \u03c0\u03b1\u03c1\u03ac\u03b4\u03bf\u03c3\u03b7. \u03a4\u03b5\u03c4\u03ac\u03c1\u03c4\u03bf \u03bc\u03ad\u03c1\u03bf\u03c2, \u0386\u03b3\u03b9\u03bf\u03bd \u038c\u03c1\u03bf\u03c2 2011, s. 708.<\/p>\n","protected":false},"author":3,"featured_media":0,"comment_status":"open","ping_status":"open","sticky":false,"template":"","format":"standard","meta":{"jetpack_post_was_ever_published":false,"_jetpack_newsletter_access":"","_jetpack_dont_email_post_to_subs":false,"_jetpack_newsletter_tier_id":0,"_jetpack_memberships_contains_paywalled_content":false,"_jetpack_memberships_contains_paid_content":false,"footnotes":"","jetpack_publicize_message":"","jetpack_publicize_feature_enabled":true,"jetpack_social_post_already_shared":true,"jetpack_social_options":{"image_generator_settings":{"template":"highway","default_image_id":0,"font":"","enabled":false},"version":2}},"categories":[10,4],"tags":[],"class_list":["post-834","post","type-post","status-publish","format-standard","hentry","category-pouceni-z-pateriku","category-pouceni"],"jetpack_publicize_connections":[],"jetpack_featured_media_url":"","jetpack_sharing_enabled":true,"jetpack_shortlink":"https:\/\/wp.me\/p9GyX2-ds","jetpack-related-posts":[],"_links":{"self":[{"href":"https:\/\/pravoslavnebrno.cz\/en\/wp-json\/wp\/v2\/posts\/834","targetHints":{"allow":["GET"]}}],"collection":[{"href":"https:\/\/pravoslavnebrno.cz\/en\/wp-json\/wp\/v2\/posts"}],"about":[{"href":"https:\/\/pravoslavnebrno.cz\/en\/wp-json\/wp\/v2\/types\/post"}],"author":[{"embeddable":true,"href":"https:\/\/pravoslavnebrno.cz\/en\/wp-json\/wp\/v2\/users\/3"}],"replies":[{"embeddable":true,"href":"https:\/\/pravoslavnebrno.cz\/en\/wp-json\/wp\/v2\/comments?post=834"}],"version-history":[{"count":2,"href":"https:\/\/pravoslavnebrno.cz\/en\/wp-json\/wp\/v2\/posts\/834\/revisions"}],"predecessor-version":[{"id":874,"href":"https:\/\/pravoslavnebrno.cz\/en\/wp-json\/wp\/v2\/posts\/834\/revisions\/874"}],"wp:attachment":[{"href":"https:\/\/pravoslavnebrno.cz\/en\/wp-json\/wp\/v2\/media?parent=834"}],"wp:term":[{"taxonomy":"category","embeddable":true,"href":"https:\/\/pravoslavnebrno.cz\/en\/wp-json\/wp\/v2\/categories?post=834"},{"taxonomy":"post_tag","embeddable":true,"href":"https:\/\/pravoslavnebrno.cz\/en\/wp-json\/wp\/v2\/tags?post=834"}],"curies":[{"name":"wp","href":"https:\/\/api.w.org\/{rel}","templated":true}]}}