{"id":5105,"date":"2019-04-26T05:12:28","date_gmt":"2019-04-26T04:12:28","guid":{"rendered":"http:\/\/pravoslavbrno.cz\/?p=5105"},"modified":"2019-04-26T05:12:28","modified_gmt":"2019-04-26T04:12:28","slug":"pan-ceka-na-nase-srdce","status":"publish","type":"post","link":"https:\/\/pravoslavnebrno.cz\/en\/pan-ceka-na-nase-srdce\/","title":{"rendered":"P\u00e1n \u010dek\u00e1 na na\u0161e srdce&#8230;"},"content":{"rendered":"<h2 style=\"text-align: center;\"><strong>P\u0159ed pl\u00e1\u0161t\u011bnic\u00ed<\/strong><\/h2>\n<p style=\"text-align: center;\"><a href=\"http:\/\/pravoslavbrno.cz\/wp-content\/uploads\/2019\/04\/1200px-Theodosia_Poulopos_-_Epitaphios_-_1599.jpg\"><img loading=\"lazy\" decoding=\"async\" class=\"alignnone wp-image-5108\" src=\"http:\/\/pravoslavbrno.cz\/wp-content\/uploads\/2019\/04\/1200px-Theodosia_Poulopos_-_Epitaphios_-_1599-300x236.jpg\" alt=\"\" width=\"508\" height=\"400\" srcset=\"https:\/\/pravoslavnebrno.cz\/wp-content\/uploads\/2019\/04\/1200px-Theodosia_Poulopos_-_Epitaphios_-_1599-300x236.jpg 300w, https:\/\/pravoslavnebrno.cz\/wp-content\/uploads\/2019\/04\/1200px-Theodosia_Poulopos_-_Epitaphios_-_1599-768x603.jpg 768w, https:\/\/pravoslavnebrno.cz\/wp-content\/uploads\/2019\/04\/1200px-Theodosia_Poulopos_-_Epitaphios_-_1599-700x550.jpg 700w, https:\/\/pravoslavnebrno.cz\/wp-content\/uploads\/2019\/04\/1200px-Theodosia_Poulopos_-_Epitaphios_-_1599-800x628.jpg 800w, https:\/\/pravoslavnebrno.cz\/wp-content\/uploads\/2019\/04\/1200px-Theodosia_Poulopos_-_Epitaphios_-_1599.jpg 1200w\" sizes=\"auto, (max-width: 508px) 100vw, 508px\" \/><\/a><\/p>\n<h3 style=\"text-align: center;\"><strong>Sv\u011btitel a divotvorce Jan \u0160anghajsk\u00fd a San Francisk\u00fd<\/strong><\/h3>\n<p>Truchliv\u00e9 to setk\u00e1n\u00ed a smutn\u00fd to pohled!<\/p>\n<p>P\u0159ed na\u0161imi zraky je mrtv\u00fd, kter\u00fd je podivuhodn\u00fd a neoby\u010dejn\u00fd.<\/p>\n<p>Le\u017e\u00ed p\u0159ed n\u00e1mi Kr\u00e1l nebe i zem\u011b, Stvo\u0159itel v\u0161ehom\u00edra.<\/p>\n<p>On za n\u00e1s zem\u0159el.<\/p>\n<p>My jsme zh\u0159e\u0161ili, a On str\u00e1dal.<\/p>\n<p>Lid\u00e9 poru\u0161ili Bo\u017e\u00ed p\u0159ik\u00e1z\u00e1n\u00ed, odstoupili od Boha. A B\u016fh, kter\u00fd si p\u0159\u00e1l p\u0159iv\u00e9st je op\u011bt k\u00a0sob\u011b svou l\u00e1skou, je mu\u010den a um\u00edr\u00e1 za n\u011b.<!--more--><\/p>\n<p>B\u016fh nemohl str\u00e1dat a um\u0159\u00edt sv\u00fdm bo\u017estv\u00edm, a proto se vt\u011blil a svoj\u00ed lidskou podstatou str\u00e1d\u00e1 a um\u00edr\u00e1, a\u010dkoli nikdy nep\u0159estal b\u00fdt Bohem. V\u0161echno to u\u010dinil (B\u016fh) pro n\u00e1s, aby n\u00e1m zjevil svou l\u00e1sku k\u00a0n\u00e1m.<\/p>\n<p>Jakou vd\u011b\u010dnost\u00ed k\u00a0N\u011bmu mus\u00ed b\u00fdt na\u0161e srdce napln\u011bna!<\/p>\n<p>A jak mu m\u016f\u017eeme d\u016fstojn\u011b pod\u011bkovat?<\/p>\n<p>K\u00a0Jeho hrobu jsou p\u0159ineseny kv\u011btiny, vedle N\u011bj jsou zap\u00e1leny sv\u00edce.<\/p>\n<p>P\u00e1n nikterak neodm\u00edt\u00e1 tyto ob\u011bti ani tyto dary, od n\u00e1s v\u0161ak chce n\u011bco jin\u00e9ho, a teprve pot\u00e9 je p\u0159ipraven p\u0159ijmout tak\u00e9 na\u0161e ob\u011bti. <em>M\u016fj synu, dej mi sv\u00e9 srdce\u2026(P\u0159<\/em> 23, 26)<\/p>\n<p>Tato slova pronesl B\u016fh je\u0161t\u011b skrze Svat\u00e9 p\u00edsmo Star\u00e9ho z\u00e1kona. P\u00e1n \u010dek\u00e1 na na\u0161e srdce, to je to, co mu mus\u00edme darovat. Milovat p\u0159ik\u00e1z\u00e1n\u00ed, Jeho u\u010den\u00ed a plnit je, to je vd\u011b\u010dnost v\u016f\u010di Tomu, Kdo za n\u00e1s str\u00e1dal; vd\u011b\u010dnost, kter\u00e1 je Mu\u00a0p\u0159\u00edjemn\u00e1 a mil\u00e1.<\/p>\n<p>Kdy\u017e dnes p\u0159ich\u00e1z\u00edme pol\u00edbit obraz a vyobrazen\u00ed Spasitele le\u017e\u00edc\u00edho bez dechu a bez \u017eivota, u\u010di\u0148me pevn\u00e9 rozhodnut\u00ed n\u00e1sledovat Jeho cestu, kterou n\u00e1m\u00a0uk\u00e1zal. A kdy\u017e se n\u00e1hodou stane a my budeme na t\u00e9to cest\u011b trp\u011bt nesn\u00e1ze a sou\u017een\u00ed, zakou\u0161et rozli\u010dn\u00e9 t\u011b\u017ekosti, pomocn\u00edkem nech\u0165 n\u00e1m bude op\u011bt s\u00e1m Kristus, Kter\u00fd ty, kte\u0159\u00ed s\u00a0N\u00edm str\u00e1daj\u00ed, tak\u00e9 spolu se sebou vzk\u0159\u00eds\u00ed a d\u00e1 jim nekon\u010d\u00edc\u00ed blaha ve sv\u00e9m nebesk\u00e9m Kr\u00e1lovstv\u00ed, jich\u017e se sta\u0148me hodni i my.<\/p>\n<p>Amen.<\/p>\n<p style=\"text-align: right;\">p\u0159i p\u0159\u00edle\u017eitosti Velk\u00e9ho p\u00e1tku v roce 2019 p\u0159ipravil<strong> o. Marek Mal\u00edk<\/strong><\/p>\n<p><strong>Pozn\u00e1mka:<\/strong><\/p>\n<p>Pl\u00e1\u0161t\u011bnice je ikona zobrazuj\u00edc\u00ed Krista s\u0148at\u00e9ho z K\u0159\u00ed\u017ee a ulo\u017een\u00e9ho do Hrobu. Tato ikona se vyn\u00e1\u0161\u00ed doprost\u0159ed chr\u00e1mu na Velk\u00fd P\u00e1tek a pot\u00e9, p\u0159ed jit\u0159n\u00ed v den svat\u00e9 Paschy, se zan\u00e1\u0161\u00ed zp\u011bt do olt\u00e1\u0159e a ukl\u00e1d\u00e1 se na prestol, kde z\u016fst\u00e1v\u00e1 a\u017e do ukon\u010den\u00ed sv\u00e1tku Paschy.<\/p>\n<p><span class=\"embed-youtube\" style=\"text-align:center; display: block;\"><iframe loading=\"lazy\" class=\"youtube-player\" width=\"700\" height=\"394\" src=\"https:\/\/www.youtube.com\/embed\/oY3OzPW4mQM?version=3&#038;rel=1&#038;showsearch=0&#038;showinfo=1&#038;iv_load_policy=1&#038;fs=1&#038;hl=en-US&#038;autohide=2&#038;wmode=transparent\" allowfullscreen=\"true\" style=\"border:0;\" sandbox=\"allow-scripts allow-same-origin allow-popups allow-presentation allow-popups-to-escape-sandbox\"><\/iframe><\/span><\/p>\n","protected":false},"excerpt":{"rendered":"<p>P\u0159ed pl\u00e1\u0161t\u011bnic\u00ed Sv\u011btitel a divotvorce Jan \u0160anghajsk\u00fd a San Francisk\u00fd Truchliv\u00e9 to setk\u00e1n\u00ed a smutn\u00fd to pohled! P\u0159ed na\u0161imi zraky je mrtv\u00fd, kter\u00fd je podivuhodn\u00fd a neoby\u010dejn\u00fd. Le\u017e\u00ed p\u0159ed n\u00e1mi Kr\u00e1l nebe i zem\u011b, Stvo\u0159itel v\u0161ehom\u00edra. On za n\u00e1s zem\u0159el. My jsme zh\u0159e\u0161ili, a On str\u00e1dal. Lid\u00e9 poru\u0161ili Bo\u017e\u00ed p\u0159ik\u00e1z\u00e1n\u00ed, odstoupili od Boha. A B\u016fh,&#8230;<\/p>\n","protected":false},"author":3,"featured_media":0,"comment_status":"open","ping_status":"open","sticky":false,"template":"","format":"standard","meta":{"jetpack_post_was_ever_published":false,"_jetpack_newsletter_access":"","_jetpack_dont_email_post_to_subs":false,"_jetpack_newsletter_tier_id":0,"_jetpack_memberships_contains_paywalled_content":false,"_jetpack_memberships_contains_paid_content":false,"footnotes":"","jetpack_publicize_message":"","jetpack_publicize_feature_enabled":true,"jetpack_social_post_already_shared":true,"jetpack_social_options":{"image_generator_settings":{"template":"highway","default_image_id":0,"font":"","enabled":false},"version":2}},"categories":[4],"tags":[],"class_list":["post-5105","post","type-post","status-publish","format-standard","hentry","category-pouceni"],"jetpack_publicize_connections":[],"jetpack_featured_media_url":"","jetpack_sharing_enabled":true,"jetpack_shortlink":"https:\/\/wp.me\/p9GyX2-1kl","jetpack-related-posts":[],"_links":{"self":[{"href":"https:\/\/pravoslavnebrno.cz\/en\/wp-json\/wp\/v2\/posts\/5105","targetHints":{"allow":["GET"]}}],"collection":[{"href":"https:\/\/pravoslavnebrno.cz\/en\/wp-json\/wp\/v2\/posts"}],"about":[{"href":"https:\/\/pravoslavnebrno.cz\/en\/wp-json\/wp\/v2\/types\/post"}],"author":[{"embeddable":true,"href":"https:\/\/pravoslavnebrno.cz\/en\/wp-json\/wp\/v2\/users\/3"}],"replies":[{"embeddable":true,"href":"https:\/\/pravoslavnebrno.cz\/en\/wp-json\/wp\/v2\/comments?post=5105"}],"version-history":[{"count":1,"href":"https:\/\/pravoslavnebrno.cz\/en\/wp-json\/wp\/v2\/posts\/5105\/revisions"}],"predecessor-version":[{"id":5111,"href":"https:\/\/pravoslavnebrno.cz\/en\/wp-json\/wp\/v2\/posts\/5105\/revisions\/5111"}],"wp:attachment":[{"href":"https:\/\/pravoslavnebrno.cz\/en\/wp-json\/wp\/v2\/media?parent=5105"}],"wp:term":[{"taxonomy":"category","embeddable":true,"href":"https:\/\/pravoslavnebrno.cz\/en\/wp-json\/wp\/v2\/categories?post=5105"},{"taxonomy":"post_tag","embeddable":true,"href":"https:\/\/pravoslavnebrno.cz\/en\/wp-json\/wp\/v2\/tags?post=5105"}],"curies":[{"name":"wp","href":"https:\/\/api.w.org\/{rel}","templated":true}]}}