{"id":291,"date":"2018-02-22T15:53:32","date_gmt":"2018-02-22T14:53:32","guid":{"rendered":"http:\/\/pravoslavbrno.cz\/?p=291"},"modified":"2018-03-16T11:45:16","modified_gmt":"2018-03-16T10:45:16","slug":"pozvanka-na-cyklus-prednasek-pro-dobu-velkopostni","status":"publish","type":"post","link":"https:\/\/pravoslavnebrno.cz\/en\/pozvanka-na-cyklus-prednasek-pro-dobu-velkopostni\/","title":{"rendered":"Pozv\u00e1nka na cyklus p\u0159edn\u00e1\u0161ek pro dobu velkopostn\u00ed"},"content":{"rendered":"<p style=\"text-align: center;\"><strong>Pravoslavn\u00e1 c\u00edrkevn\u00ed obec v\u00a0Brn\u011b<\/strong><\/p>\n<p style=\"text-align: center;\"><strong>p\u0159i chr\u00e1mu sv. V\u00e1clava, kn\u00ed\u017eete \u010desk\u00e9ho,<\/strong><\/p>\n<p style=\"text-align: center;\"><strong>si V\u00e1s dovoluje pozvat na cyklus p\u0159edn\u00e1\u0161ek na t\u00e9ma<\/strong><\/p>\n<p style=\"text-align: center;\"><strong>\u201eVelkopostn\u00ed besedy a \u010dten\u00ed\u201c<\/strong><\/p>\n<p style=\"text-align: center;\"><strong>Uveden\u00ed do duchovn\u00edho \u017eivota \u2013 Teoretick\u00e9 a praktick\u00e9 p\u0159\u00edklady svatosti<\/strong><\/p>\n<p style=\"text-align: center;\"><a href=\"http:\/\/pravoslavbrno.cz\/wp-content\/uploads\/2018\/02\/Euaggelisths_Iwannhs_kai_Proxoros_03.jpg\"><img loading=\"lazy\" decoding=\"async\" class=\"alignnone wp-image-298\" src=\"http:\/\/pravoslavbrno.cz\/wp-content\/uploads\/2018\/02\/Euaggelisths_Iwannhs_kai_Proxoros_03-229x300.jpg\" alt=\"\" width=\"369\" height=\"483\" srcset=\"https:\/\/pravoslavnebrno.cz\/wp-content\/uploads\/2018\/02\/Euaggelisths_Iwannhs_kai_Proxoros_03-229x300.jpg 229w, https:\/\/pravoslavnebrno.cz\/wp-content\/uploads\/2018\/02\/Euaggelisths_Iwannhs_kai_Proxoros_03.jpg 490w\" sizes=\"auto, (max-width: 369px) 100vw, 369px\" \/><\/a><\/p>\n<p><strong>T\u00e9mata jednotliv\u00fdch p\u0159edn\u00e1\u0161ek:<\/strong><\/p>\n<p><strong>1. Na<\/strong><b><strong>podobov\u00e1n\u00ed, je\u017e vede k podobnosti <\/strong>(<strong>3. b\u0159ezna<\/strong>)<\/b><\/p>\n<ul>\n<li>Z\u00e1kladn\u00ed p\u0159edpoklady \u017eivota podle svat\u00e9ho Evangelia<\/li>\n<li>And\u011blsk\u00fd \u017eivot jako vzor k\u0159es\u0165ansk\u00e9 dokonalosti<\/li>\n<\/ul>\n<p><b><strong>\u00a0\u00a0 2. T\u0159i sv\u011btitel\u00e9 o um\u011bn\u00ed mni\u0161sk\u00e9ho \u017eivota <\/strong>(<strong>10. b\u0159ezna<\/strong>)<\/b><\/p>\n<ul>\n<li>Pravoslavn\u00e1 kinovia \u2013 vzor dokonal\u00e9 l\u00e1sky mezi lidmi<\/li>\n<\/ul>\n<p><strong>\u00a0\u00a0 3. Bolest a deprese v\u00a0u\u010den\u00ed svat\u00fdch Otc\u016f<\/strong> (<strong>17. b\u0159ezna<\/strong>)<br \/>\n(<strong>o. Marek Mal\u00edk<\/strong>)<\/p>\n<ul>\n<li>Evangelium jako l\u00e9k na bolesti sou\u010dasn\u00e9ho \u010dlov\u011bka<\/li>\n<\/ul>\n<p><strong>\u00a0\u00a0 4. Filokalie, \u0159e\u010dt\u00ed osv\u011btitel\u00e9 a sv. Nekt\u00e1rios Eginsk\u00fd<\/strong> (<strong>24. b\u0159ezna<\/strong>)<\/p>\n<ul>\n<li>Obnova tradi\u010dn\u00edho ide\u00e1lu \u017eensk\u00e9ho mni\u0161stv\u00ed v\u00a0\u0158ecku na p\u0159elomu 19. a 20. stolet\u00ed<\/li>\n<\/ul>\n<p><strong>P\u0159edn\u00e1\u0161ej\u00edc\u00ed: <\/strong>Michal Dvo\u0159\u00e1\u010dek (doktor teologie) a otec Marek Mal\u00edk<\/p>\n<p><strong>Kdy: <\/strong>o sobot\u00e1ch Velik\u00e9ho postu od 16:30<br \/>\n(3.3., 10.3., 17.3. a 24.3. 2018)<\/p>\n<p><strong>Kde: <\/strong>v prostor\u00e1ch Svatov\u00e1clavsk\u00e9 hudebn\u00ed \u0161koly na \u00davozu 62 (Brno)<\/p>\n<p>T\u011b\u0161\u00edme se na Va\u0161i \u00fa\u010dast!<\/p>\n<p style=\"text-align: right;\"><strong>p\u0159edn\u00e1\u0161ej\u00edc\u00ed spolu s\u00a0duchovn\u00edm spr\u00e1vcem farnosti<\/strong><\/p>\n<p style=\"text-align: center;\"><a href=\"http:\/\/pravoslavbrno.cz\/wp-content\/uploads\/2018\/02\/Program-p\u0159edn\u00e1\u0161ek-a-duchovn\u00edho-\u010dten\u00ed_Velkopostn\u00ed-obdob\u00ed_PCO-Brno.pdf\">Program p\u0159edn\u00e1\u0161ek a duchovn\u00edho \u010dten\u00ed_Velkopostn\u00ed obdob\u00ed_PCO Brno<\/a><\/p>\n<p>&nbsp;<\/p>\n<p style=\"text-align: center;\">\u00a0<a href=\"http:\/\/pravoslavbrno.cz\/wp-content\/uploads\/2018\/02\/THE_CRUCIFIXION-web.jpg\"><img loading=\"lazy\" decoding=\"async\" class=\"alignnone wp-image-309\" src=\"http:\/\/pravoslavbrno.cz\/wp-content\/uploads\/2018\/02\/THE_CRUCIFIXION-web-300x215.jpg\" alt=\"\" width=\"542\" height=\"388\" srcset=\"https:\/\/pravoslavnebrno.cz\/wp-content\/uploads\/2018\/02\/THE_CRUCIFIXION-web-300x215.jpg 300w, https:\/\/pravoslavnebrno.cz\/wp-content\/uploads\/2018\/02\/THE_CRUCIFIXION-web-768x551.jpg 768w, https:\/\/pravoslavnebrno.cz\/wp-content\/uploads\/2018\/02\/THE_CRUCIFIXION-web-700x502.jpg 700w, https:\/\/pravoslavnebrno.cz\/wp-content\/uploads\/2018\/02\/THE_CRUCIFIXION-web-800x574.jpg 800w, https:\/\/pravoslavnebrno.cz\/wp-content\/uploads\/2018\/02\/THE_CRUCIFIXION-web.jpg 1000w\" sizes=\"auto, (max-width: 542px) 100vw, 542px\" \/><\/a><\/p>\n","protected":false},"excerpt":{"rendered":"<p>Pravoslavn\u00e1 c\u00edrkevn\u00ed obec v\u00a0Brn\u011b p\u0159i chr\u00e1mu sv. V\u00e1clava, kn\u00ed\u017eete \u010desk\u00e9ho, si V\u00e1s dovoluje pozvat na cyklus p\u0159edn\u00e1\u0161ek na t\u00e9ma \u201eVelkopostn\u00ed besedy a \u010dten\u00ed\u201c Uveden\u00ed do duchovn\u00edho \u017eivota \u2013 Teoretick\u00e9 a praktick\u00e9 p\u0159\u00edklady svatosti T\u00e9mata jednotliv\u00fdch p\u0159edn\u00e1\u0161ek: 1. Napodobov\u00e1n\u00ed, je\u017e vede k podobnosti (3. b\u0159ezna) Z\u00e1kladn\u00ed p\u0159edpoklady \u017eivota podle svat\u00e9ho Evangelia And\u011blsk\u00fd \u017eivot jako vzor k\u0159es\u0165ansk\u00e9&#8230;<\/p>\n","protected":false},"author":3,"featured_media":0,"comment_status":"open","ping_status":"open","sticky":false,"template":"","format":"status","meta":{"jetpack_post_was_ever_published":false,"_jetpack_newsletter_access":"","_jetpack_dont_email_post_to_subs":false,"_jetpack_newsletter_tier_id":0,"_jetpack_memberships_contains_paywalled_content":false,"_jetpack_memberships_contains_paid_content":false,"footnotes":"","jetpack_publicize_message":"","jetpack_publicize_feature_enabled":true,"jetpack_social_post_already_shared":true,"jetpack_social_options":{"image_generator_settings":{"template":"highway","default_image_id":0,"font":"","enabled":false},"version":2}},"categories":[5],"tags":[],"class_list":["post-291","post","type-post","status-publish","format-status","hentry","category-aktuality","post_format-post-format-status"],"jetpack_publicize_connections":[],"jetpack_featured_media_url":"","jetpack_sharing_enabled":true,"jetpack_shortlink":"https:\/\/wp.me\/p9GyX2-4H","jetpack-related-posts":[],"_links":{"self":[{"href":"https:\/\/pravoslavnebrno.cz\/en\/wp-json\/wp\/v2\/posts\/291","targetHints":{"allow":["GET"]}}],"collection":[{"href":"https:\/\/pravoslavnebrno.cz\/en\/wp-json\/wp\/v2\/posts"}],"about":[{"href":"https:\/\/pravoslavnebrno.cz\/en\/wp-json\/wp\/v2\/types\/post"}],"author":[{"embeddable":true,"href":"https:\/\/pravoslavnebrno.cz\/en\/wp-json\/wp\/v2\/users\/3"}],"replies":[{"embeddable":true,"href":"https:\/\/pravoslavnebrno.cz\/en\/wp-json\/wp\/v2\/comments?post=291"}],"version-history":[{"count":5,"href":"https:\/\/pravoslavnebrno.cz\/en\/wp-json\/wp\/v2\/posts\/291\/revisions"}],"predecessor-version":[{"id":310,"href":"https:\/\/pravoslavnebrno.cz\/en\/wp-json\/wp\/v2\/posts\/291\/revisions\/310"}],"wp:attachment":[{"href":"https:\/\/pravoslavnebrno.cz\/en\/wp-json\/wp\/v2\/media?parent=291"}],"wp:term":[{"taxonomy":"category","embeddable":true,"href":"https:\/\/pravoslavnebrno.cz\/en\/wp-json\/wp\/v2\/categories?post=291"},{"taxonomy":"post_tag","embeddable":true,"href":"https:\/\/pravoslavnebrno.cz\/en\/wp-json\/wp\/v2\/tags?post=291"}],"curies":[{"name":"wp","href":"https:\/\/api.w.org\/{rel}","templated":true}]}}