{"id":253,"date":"2018-02-20T12:44:02","date_gmt":"2018-02-20T11:44:02","guid":{"rendered":"http:\/\/pravoslavbrno.cz\/?p=253"},"modified":"2018-02-20T12:44:02","modified_gmt":"2018-02-20T11:44:02","slug":"zamysleni-ke-kajicnemu-kanonu-sv-ondreje-kretskeho","status":"publish","type":"post","link":"https:\/\/pravoslavnebrno.cz\/en\/zamysleni-ke-kajicnemu-kanonu-sv-ondreje-kretskeho\/","title":{"rendered":"Zamy\u0161len\u00ed ke kaj\u00edcn\u00e9mu K\u00e1nonu sv. Ond\u0159eje Kr\u00e9tsk\u00e9ho"},"content":{"rendered":"<p>Vstupujeme nyn\u00ed spole\u010dn\u011b\u00a0do Velk\u00e9ho postu jako n\u011bjak\u00fd nemocn\u00fd \u010dlov\u011bk, zmu\u010den\u00fd svoj\u00ed nemoc\u00ed, kter\u00fd vch\u00e1z\u00ed do ordinace k\u00a0l\u00e9ka\u0159i s nad\u011bj\u00ed na uzdraven\u00ed.<\/p>\n<p>Vstupujeme na cestu Svat\u00e9 \u010dty\u0159ic\u00e1tnice, abychom sebe sama vlo\u017eili do rukou hlavn\u00edho L\u00e9ka\u0159e du\u0161\u00ed i t\u011bl na\u0161ich \u2013\u00a0P\u00e1na Je\u017e\u00ed\u0161e Krista. K tomu je v\u0161ak t\u0159eba pozn\u00e1n\u00ed na\u0161\u00ed nemoci.<\/p>\n<p style=\"text-align: center;\"><a href=\"http:\/\/pravoslavbrno.cz\/wp-content\/uploads\/2018\/02\/Forgiveness.jpg\"><img loading=\"lazy\" decoding=\"async\" class=\" wp-image-255 aligncenter\" src=\"http:\/\/pravoslavbrno.cz\/wp-content\/uploads\/2018\/02\/Forgiveness-273x300.jpg\" alt=\"\" width=\"404\" height=\"444\" srcset=\"https:\/\/pravoslavnebrno.cz\/wp-content\/uploads\/2018\/02\/Forgiveness-273x300.jpg 273w, https:\/\/pravoslavnebrno.cz\/wp-content\/uploads\/2018\/02\/Forgiveness.jpg 319w\" sizes=\"auto, (max-width: 404px) 100vw, 404px\" \/><\/a><em>Vyhn\u00e1n\u00ed z R\u00e1je<\/em><\/p>\n<p>A pr\u00e1v\u011b proto na\u0161e C\u00edrkev nab\u00edz\u00ed lidsk\u00e9 du\u0161i tis\u00edciletou zku\u0161enost pok\u00e1n\u00ed, p\u00e1du, op\u011btovn\u00e9ho se postaven\u00ed, \u017e\u00edzn\u011b, cesty a dosti\u017een\u00ed svatosti, kter\u00e1 spo\u010d\u00edv\u00e1 ve Svat\u00e9m P\u00edsmu, zintenzivn\u011bn\u00e9\u00a0jako v n\u011bjak\u00e9m elix\u00edru v duchovn\u00edm\u00a0 d\u00edle s n\u00e1zvem \u201eVelk\u00fd K\u00e1non ctihodn\u00e9ho Ond\u0159eje Kr\u00e9tsk\u00e9ho\u201c.<\/p>\n<p>Tak\u00e9 z\u00a0toho d\u016fvodu se v prvn\u00edm t\u00fddnu Svat\u00e9 \u010dty\u0159ic\u00e1tnice p\u0159ed\u010d\u00edt\u00e1 na Velk\u00e9m pove\u010de\u0159\u00ed toto podivuhodn\u00e9 d\u00edlo. Je tomu tak proto, aby \u010dlov\u011bk nalezl pomoc p\u0159i nahl\u00e9dnut\u00ed do sv\u00e9ho vlastn\u00edho nitra, aby zde spat\u0159il a nalezl sv\u00e9 vlastn\u00ed h\u0159\u00edchy, poznal jejich \u0161patnost a ohavnost, a aby v sob\u011b nalezl tak\u00e9 dobrou touhu zbavit se jich, tj. vyl\u00e9\u010dit se z\u00a0nich.<\/p>\n<p><a href=\"http:\/\/pravoslavbrno.cz\/wp-content\/uploads\/2018\/02\/the-most-important-fasting-season_1.jpg\"><img loading=\"lazy\" decoding=\"async\" class=\" wp-image-258 aligncenter\" src=\"http:\/\/pravoslavbrno.cz\/wp-content\/uploads\/2018\/02\/the-most-important-fasting-season_1-300x219.jpg\" alt=\"\" width=\"479\" height=\"350\" srcset=\"https:\/\/pravoslavnebrno.cz\/wp-content\/uploads\/2018\/02\/the-most-important-fasting-season_1-300x219.jpg 300w, https:\/\/pravoslavnebrno.cz\/wp-content\/uploads\/2018\/02\/the-most-important-fasting-season_1-768x560.jpg 768w, https:\/\/pravoslavnebrno.cz\/wp-content\/uploads\/2018\/02\/the-most-important-fasting-season_1-700x510.jpg 700w, https:\/\/pravoslavnebrno.cz\/wp-content\/uploads\/2018\/02\/the-most-important-fasting-season_1-800x583.jpg 800w, https:\/\/pravoslavnebrno.cz\/wp-content\/uploads\/2018\/02\/the-most-important-fasting-season_1.jpg 960w\" sizes=\"auto, (max-width: 479px) 100vw, 479px\" \/><\/a><\/p>\n<p style=\"text-align: center;\"><em>Postn\u00ed pokrmy a ingredience k nim<\/em><\/p>\n<p><a href=\"http:\/\/pravoslavbrno.cz\/wp-content\/uploads\/2018\/02\/Kyra-Sarkosti.png\"><img loading=\"lazy\" decoding=\"async\" class=\"alignnone wp-image-256\" src=\"http:\/\/pravoslavbrno.cz\/wp-content\/uploads\/2018\/02\/Kyra-Sarkosti-300x283.png\" alt=\"\" width=\"403\" height=\"380\" srcset=\"https:\/\/pravoslavnebrno.cz\/wp-content\/uploads\/2018\/02\/Kyra-Sarkosti-300x283.png 300w, https:\/\/pravoslavnebrno.cz\/wp-content\/uploads\/2018\/02\/Kyra-Sarkosti.png 333w\" sizes=\"auto, (max-width: 403px) 100vw, 403px\" \/><\/a><a href=\"http:\/\/pravoslavbrno.cz\/wp-content\/uploads\/2018\/02\/Kyra-Sarkosti2.png\"><img loading=\"lazy\" decoding=\"async\" class=\"alignnone wp-image-257\" src=\"http:\/\/pravoslavbrno.cz\/wp-content\/uploads\/2018\/02\/Kyra-Sarkosti2-212x300.png\" alt=\"\" width=\"259\" height=\"366\" srcset=\"https:\/\/pravoslavnebrno.cz\/wp-content\/uploads\/2018\/02\/Kyra-Sarkosti2-212x300.png 212w, https:\/\/pravoslavnebrno.cz\/wp-content\/uploads\/2018\/02\/Kyra-Sarkosti2.png 564w\" sizes=\"auto, (max-width: 259px) 100vw, 259px\" \/><\/a><\/p>\n<p style=\"text-align: center;\">Pan\u00ed \u010dty\u0159ic\u00e1tnice (Kyra Sarakosti)<\/p>\n<ul>\n<li>V\u017edy\u0165 jsem to j\u00e1, Adam, kter\u00fd j\u00ed ze stromu dobra a zla a kter\u00fd p\u0159estupuje Bo\u017e\u00ed p\u0159ik\u00e1z\u00e1n\u00ed ka\u017ed\u00fd den.<\/li>\n<li>V\u017edy\u0165 jsem to j\u00e1, Kain, kter\u00fd zab\u00edj\u00ed, t\u0159eba\u017ee ne skutkem, n\u00fdbr\u017e slovem, t\u011b\u017ek\u00fdm kamenem odsuzov\u00e1n\u00ed, ur\u00e1\u017eek a k\u0159ivd tis\u00edce lid\u00ed za cel\u00fd sv\u016fj \u017eivot.<\/li>\n<li>V\u017edy\u0165 jsem to j\u00e1, Ezau, kter\u00fd prodal duchovn\u00ed dary za tal\u00ed\u0159 \u010do\u010dky.<\/li>\n<li>V\u017edy\u0165\u00a0jsem to j\u00e1, David a \u0160alamoun, kte\u0159\u00ed se vzd\u00e1lili od Nebesk\u00e9ho kr\u00e1lovstv\u00ed pro opojn\u00e9 otupen\u00ed jedovat\u00fdch a siln\u011b smrtonosn\u00fdch t\u011blesn\u00fdch rozko\u0161\u00ed&#8230;<\/li>\n<\/ul>\n<p>A v\u0161e, co mi z\u016fstalo, je volat slovy tohoto K\u00e1nonu:<\/p>\n<p style=\"text-align: center;\">\u201eSmiluj se nade mnou, \u00f3 Bo\u017ee, smiluj se nade mnou.\u201c<\/p>\n<p style=\"text-align: right;\"><em>Z\u00a0port\u00e1lu \u201ePravoslavnaja \u017eiz\u0148\u201c p\u0159evzal a v\u00fdb\u011br p\u0159elo\u017eil o. Marek M.<\/em><\/p>\n<p><strong>Zdroj:<\/strong><\/p>\n<p><a href=\"http:\/\/pravlife.org\/content\/chto-proishodit-vo-vremya-chteniya-velikogo-pokayannogo-kanona-andreya-kritskogo-v-hrame\">http:\/\/pravlife.org\/content\/chto-proishodit-vo-vremya-chteniya-velikogo-pokayannogo-kanona-andreya-kritskogo-v-hrame<\/a><\/p>\n","protected":false},"excerpt":{"rendered":"<p>Vstupujeme nyn\u00ed spole\u010dn\u011b\u00a0do Velk\u00e9ho postu jako n\u011bjak\u00fd nemocn\u00fd \u010dlov\u011bk, zmu\u010den\u00fd svoj\u00ed nemoc\u00ed, kter\u00fd vch\u00e1z\u00ed do ordinace k\u00a0l\u00e9ka\u0159i s nad\u011bj\u00ed na uzdraven\u00ed. Vstupujeme na cestu Svat\u00e9 \u010dty\u0159ic\u00e1tnice, abychom sebe sama vlo\u017eili do rukou hlavn\u00edho L\u00e9ka\u0159e du\u0161\u00ed i t\u011bl na\u0161ich \u2013\u00a0P\u00e1na Je\u017e\u00ed\u0161e Krista. K tomu je v\u0161ak t\u0159eba pozn\u00e1n\u00ed na\u0161\u00ed nemoci. Vyhn\u00e1n\u00ed z R\u00e1je A pr\u00e1v\u011b proto&#8230;<\/p>\n","protected":false},"author":3,"featured_media":0,"comment_status":"open","ping_status":"open","sticky":false,"template":"","format":"standard","meta":{"jetpack_post_was_ever_published":false,"_jetpack_newsletter_access":"","_jetpack_dont_email_post_to_subs":false,"_jetpack_newsletter_tier_id":0,"_jetpack_memberships_contains_paywalled_content":false,"_jetpack_memberships_contains_paid_content":false,"footnotes":"","jetpack_publicize_message":"","jetpack_publicize_feature_enabled":true,"jetpack_social_post_already_shared":false,"jetpack_social_options":{"image_generator_settings":{"template":"highway","default_image_id":0,"font":"","enabled":false},"version":2}},"categories":[4],"tags":[],"class_list":["post-253","post","type-post","status-publish","format-standard","hentry","category-pouceni"],"jetpack_publicize_connections":[],"jetpack_featured_media_url":"","jetpack_sharing_enabled":true,"jetpack_shortlink":"https:\/\/wp.me\/p9GyX2-45","jetpack-related-posts":[],"_links":{"self":[{"href":"https:\/\/pravoslavnebrno.cz\/en\/wp-json\/wp\/v2\/posts\/253","targetHints":{"allow":["GET"]}}],"collection":[{"href":"https:\/\/pravoslavnebrno.cz\/en\/wp-json\/wp\/v2\/posts"}],"about":[{"href":"https:\/\/pravoslavnebrno.cz\/en\/wp-json\/wp\/v2\/types\/post"}],"author":[{"embeddable":true,"href":"https:\/\/pravoslavnebrno.cz\/en\/wp-json\/wp\/v2\/users\/3"}],"replies":[{"embeddable":true,"href":"https:\/\/pravoslavnebrno.cz\/en\/wp-json\/wp\/v2\/comments?post=253"}],"version-history":[{"count":4,"href":"https:\/\/pravoslavnebrno.cz\/en\/wp-json\/wp\/v2\/posts\/253\/revisions"}],"predecessor-version":[{"id":262,"href":"https:\/\/pravoslavnebrno.cz\/en\/wp-json\/wp\/v2\/posts\/253\/revisions\/262"}],"wp:attachment":[{"href":"https:\/\/pravoslavnebrno.cz\/en\/wp-json\/wp\/v2\/media?parent=253"}],"wp:term":[{"taxonomy":"category","embeddable":true,"href":"https:\/\/pravoslavnebrno.cz\/en\/wp-json\/wp\/v2\/categories?post=253"},{"taxonomy":"post_tag","embeddable":true,"href":"https:\/\/pravoslavnebrno.cz\/en\/wp-json\/wp\/v2\/tags?post=253"}],"curies":[{"name":"wp","href":"https:\/\/api.w.org\/{rel}","templated":true}]}}