{"id":2353,"date":"2018-06-23T19:34:35","date_gmt":"2018-06-23T18:34:35","guid":{"rendered":"http:\/\/pravoslavbrno.cz\/?p=2353"},"modified":"2018-06-23T20:29:43","modified_gmt":"2018-06-23T19:29:43","slug":"podivuhodny-je-buh-ve-svych-svatych","status":"publish","type":"post","link":"https:\/\/pravoslavnebrno.cz\/en\/podivuhodny-je-buh-ve-svych-svatych\/","title":{"rendered":"Podivuhodn\u00fd je B\u016fh ve sv\u00fdch svat\u00fdch"},"content":{"rendered":"<h2 style=\"text-align: center;\"><strong>Z\u00e1zra\u010dn\u00e1 neporu\u0161itelnost ucha a ruky svat\u00e9ho Jana Zlato\u00fast\u00e9ho (Chrysostoma)<\/strong><\/h2>\n<p style=\"text-align: center;\"><a href=\"http:\/\/pravoslavbrno.cz\/wp-content\/uploads\/2018\/06\/2.\u03b1\u03b3.\u03b9\u03b1\u03bd.\u03c7\u03c1.jpg\"><img loading=\"lazy\" decoding=\"async\" class=\"alignnone wp-image-2337\" src=\"http:\/\/pravoslavbrno.cz\/wp-content\/uploads\/2018\/06\/2.\u03b1\u03b3.\u03b9\u03b1\u03bd.\u03c7\u03c1-300x216.jpg\" alt=\"\" width=\"633\" height=\"456\" srcset=\"https:\/\/pravoslavnebrno.cz\/wp-content\/uploads\/2018\/06\/2.\u03b1\u03b3.\u03b9\u03b1\u03bd.\u03c7\u03c1-300x216.jpg 300w, https:\/\/pravoslavnebrno.cz\/wp-content\/uploads\/2018\/06\/2.\u03b1\u03b3.\u03b9\u03b1\u03bd.\u03c7\u03c1.jpg 646w\" sizes=\"auto, (max-width: 633px) 100vw, 633px\" \/><\/a><\/p>\n<h3><strong>M\u00edsto \u00favodu<\/strong><\/h3>\n<p>Svat\u00fd Jan Zlato\u00fast\u00fd p\u0159irovn\u00e1v\u00e1 v jednom sv\u00e9m v\u00fdkladu srdce svat\u00e9ho apo\u0161tola Pavla \u201ek nebi a k mo\u0159i\u201c; k nebi pro jeho \u010distotu a k mo\u0159i pro jeho propastnou hlubinu. Pavlovo srdce, p\u0159esn\u011bji \u0159e\u010deno hlubina jeho moudrosti, mohla p\u0159en\u00e9st ka\u017ed\u00e9ho v\u011b\u0159\u00edc\u00edho ze zem\u011b na nebesa. \u201eKdo by plul po tomto mo\u0159i,\u201c zd\u016fraz\u0148uje svat\u00fd Jan Zlato\u00fast\u00fd, \u201eten se vyd\u00e1v\u00e1 na cestu prov\u00e1zenou p\u0159\u00edzniv\u00fdm v\u011btrem; na tomto mo\u0159i je toti\u017e nam\u00edsto mo\u0159sk\u00fdch v\u011btr\u016f s\u00e1m Bo\u017e\u00ed Duch, kter\u00fd prov\u00e1z\u00ed cestuj\u00edc\u00ed du\u0161e.\u201c \u201eKdo by cht\u011bl plavat po tomto mo\u0159i,\u201c jak dod\u00e1v\u00e1 slavn\u00fd ca\u0159ihradsk\u00fd arcibiskup, \u201enepot\u0159ebuje ani vesla, ani olej, ale l\u00e1sku k moudrosti.\u201c<a href=\"http:\/\/pravoslavbrno.cz\/wp-admin\/post-new.php#_ftn1\" name=\"_ftnref1\">[1]<\/a><\/p>\n<h3><strong>Podivuhodn\u00fd je B\u016fh ve sv\u00fdch svat\u00fdch<\/strong><\/h3>\n<p>Kdysi d\u00e1vno v Konstantinopoli si jeden mu\u017e sjednal sch\u016fzku se svat\u00fdm Janem Zlato\u00fast\u00fdm, arcibiskupem tohoto s\u00eddeln\u00edho\u00a0c\u00edsa\u0159sk\u00e9ho m\u011bsta. Kdy\u017e jeho tajemn\u00edk ode\u0161el, aby sv. Janovi ozn\u00e1mil p\u0159\u00edchod t\u00e9to n\u00e1v\u0161t\u011bvy, a pot\u00e9 co otev\u0159el dve\u0159e m\u00edstnosti, v\u00a0n\u00ed\u017e sv. Jan Zlato\u00fast\u00fd pracoval, uvid\u011bl, jak je sv. Jan zanepr\u00e1zdn\u011bn n\u011bjak\u00fdm rozhovorem s\u00a0jin\u00fdm mu\u017eem, kter\u00fd byl naklon\u011bn u ucha sv. Jana Zlato\u00fast\u00e9ho a n\u011bco mu do n\u011bj \u0161eptal. Sv. Jan si zapisoval na pap\u00edr to, co mu tento nezn\u00e1m\u00fd mu\u017e diktoval. Jan\u016fv tajemn\u00edk necht\u011bl sv\u00e9ho p\u00e1na obt\u011b\u017eovat, a proto \u0161el \u0159\u00edci n\u00e1v\u0161t\u011bv\u011b, aby chv\u00edli po\u010dkala. Poka\u017ed\u00e9, kdy\u017e se \u0161el pod\u00edvat, zahl\u00e9dl stejn\u00fd obr\u00e1zek: oba dva mu\u017ee pracuj\u00edc\u00ed u stolu a sv. Jana zapisuj\u00edc\u00edho n\u011bco do sv\u00fdch materi\u00e1l\u016f.<!--more--><\/p>\n<p style=\"text-align: center;\"><img loading=\"lazy\" decoding=\"async\" class=\"alignnone wp-image-2333\" src=\"http:\/\/pravoslavbrno.cz\/wp-content\/uploads\/2018\/06\/ceacceb3ceb9cebfcf82-ceb9cf89ceaccebdcebdceb7cf82-cebf-cf87cf81cf85cf83cf8ccf83cf84cebfcebccebfcf82-239x300.jpg\" alt=\"\" width=\"563\" height=\"707\" srcset=\"https:\/\/pravoslavnebrno.cz\/wp-content\/uploads\/2018\/06\/ceacceb3ceb9cebfcf82-ceb9cf89ceaccebdcebdceb7cf82-cebf-cf87cf81cf85cf83cf8ccf83cf84cebfcebccebfcf82-239x300.jpg 239w, https:\/\/pravoslavnebrno.cz\/wp-content\/uploads\/2018\/06\/ceacceb3ceb9cebfcf82-ceb9cf89ceaccebdcebdceb7cf82-cebf-cf87cf81cf85cf83cf8ccf83cf84cebfcebccebfcf82.jpg 319w\" sizes=\"auto, (max-width: 563px) 100vw, 563px\" \/><\/p>\n<p>Nakonec se n\u00e1v\u0161t\u011bvn\u00edk rozho\u0159\u010dil a ode\u0161el. Kdy\u017e pak Jan\u016fv tajemn\u00edk kone\u010dn\u011b na\u0161el sv\u00e9ho P\u00e1na, jak odpo\u010d\u00edv\u00e1, vypr\u00e1v\u011bl mu o n\u00e1v\u0161t\u011bvn\u00edkovi, kter\u00fd s rozho\u0159\u010den\u00edm ode\u0161el. Svat\u00fd Jan se ho\u00a0zeptal, pro\u010d ho okam\u017eit\u011b nezavolal. Jeho tajemn\u00edk mu vysv\u011btlil, \u017ee ho necht\u011bl ru\u0161it p\u0159i pr\u00e1ci, kdy\u017e byl nav\u00edc zam\u011bstn\u00e1n rozhovorem s\u00a0t\u00edm druh\u00fdm mu\u017eem. Sv. Jan Zlato\u00fast\u00fd odpov\u011bd\u011bl, \u017ee ve sv\u00e9 kancel\u00e1\u0159i byl po\u0159\u00e1d s\u00e1m a \u017ee s\u00a0n\u00edm nikdo nebyl.<\/p>\n<p>\u0158\u00edk\u00e1 se, \u017ee on\u00edm mu\u017eem, diktuj\u00edc\u00edm do ucha sv. Janovi n\u011bjak\u00e1 slova, byl sv. apo\u0161tol Pavel, kter\u00fd se mu v\u00a0tu chv\u00edli zjevil. Radil mu p\u0159i jeho pr\u00e1ci nad v\u00fdklady List\u016f sv. apo\u0161tola Pavla, jimi\u017e se tehdy sv. Jan\u00a0zab\u00fdval. A\u00a0tajemn\u00edkem sv. Jana nebyl nikdo jin\u00fd ne\u017e sv. Prokl, pozd\u011bj\u0161\u00ed patriarcha konstantinopolsk\u00fd (v letech 434-446 po Kr.), kter\u00fd tak\u00e9 sepsal sv\u011btc\u016fv \u017eivotopis.<\/p>\n<p>Na znak pravdivosti tohoto vypr\u00e1v\u011bn\u00ed a ud\u00e1losti, kterou zaznamenali Janovi \u017eivotopisci, se do dne\u0161n\u00edch dn\u00ed dochovalo jedno ucho sv. Jana Zlato\u00fast\u00e9ho neporu\u0161iteln\u00e9. Nach\u00e1z\u00ed se dnes ve zvl\u00e1\u0161tn\u00ed schr\u00e1n\u011b v\u00a0monast\u00fdru Vatoped na Svat\u00e9 Ho\u0159e Athos. V\u0161ichni poutn\u00edci, kte\u0159\u00ed sem p\u0159ich\u00e1zej\u00ed, maj\u00ed mo\u017enost si tyto vz\u00e1cn\u00e9 svat\u00e9 ostatky na vlastn\u00ed o\u010di prohl\u00e9dnout a poklonit se jim.<\/p>\n<p style=\"text-align: center;\"><a href=\"http:\/\/pravoslavbrno.cz\/wp-content\/uploads\/2018\/06\/10845974_809730229087568_1195534342772428531_n.jpg\"><img loading=\"lazy\" decoding=\"async\" class=\"alignnone wp-image-2339\" src=\"http:\/\/pravoslavbrno.cz\/wp-content\/uploads\/2018\/06\/10845974_809730229087568_1195534342772428531_n-300x178.jpg\" alt=\"\" width=\"575\" height=\"341\" srcset=\"https:\/\/pravoslavnebrno.cz\/wp-content\/uploads\/2018\/06\/10845974_809730229087568_1195534342772428531_n-300x178.jpg 300w, https:\/\/pravoslavnebrno.cz\/wp-content\/uploads\/2018\/06\/10845974_809730229087568_1195534342772428531_n.jpg 400w\" sizes=\"auto, (max-width: 575px) 100vw, 575px\" \/><\/a><\/p>\n<p>Krom\u011b ucha se neporu\u0161enou dochovala tak\u00e9 prav\u00e1 ruka tohoto sv\u011btce, ve tvaru \u017eehnaj\u00edc\u00ed pravice. Neporu\u0161itelnost je patrn\u00e1 a o\u010dividn\u00e1 ka\u017ed\u00e9mu, kdo m\u00e1 mo\u017enost si ji prohl\u00e9dnout (viditeln\u00e1 je jak k\u016f\u017ee, tak nervy na ruce). Tyto svat\u00e9 ostatky se nach\u00e1zej\u00ed v\u00a0jin\u00e9m svatohorsk\u00e9m monast\u00fdru, konkr\u00e9tn\u011b v\u00a0kl\u00e1\u0161teru Pantokrator.<\/p>\n<p><a href=\"http:\/\/pravoslavbrno.cz\/wp-admin\/post-new.php#_ftnref1\" name=\"_ftn1\">[1]<\/a> \u0418\u041e\u0410\u041d\u041d \u0417\u041b\u0410\u0422\u041e\u0423\u0421\u0422\u042b\u0419, \u0441\u0432.<em> \u0418\u0437\u0431\u0440\u0430\u043d\u043d\u044b\u0435 \u0442\u0432\u043e\u0440\u0435\u043d\u0438\u044f<\/em>.<em> \u0411\u0435\u0441\u0435\u0434\u044b \u043d\u0430 \u0414\u0435\u044f\u043d\u0438\u044f \u0430\u043f\u043e\u0441\u0442\u043e\u043b\u044c\u0441\u043a\u0438\u0435 \u0441\u0432\u044f\u0442\u0430\u0433\u043e \u043e\u0442\u0446\u0430 \u0418\u043e\u0430\u043d\u043d\u0430 \u0417\u043b\u0430\u0442\u043e\u0443\u0441\u0442\u0430\u0433\u043e<\/em>. \u0418\u0437\u0434\u0430\u0442\u0435\u043b\u0441\u0442\u0432\u043e \u201e\u041f\u043e\u0441\u0430\u0434\u201c, \u041c\u043e\u0441\u043a\u0432\u0430 1994, s. 478-479.<\/p>\n<p>&nbsp;<\/p>\n<h3 style=\"text-align: center;\"><strong>Svat\u00fd Jane Zlato\u00fast\u00fd, kter\u00fd jsi za Krista tolik vytrp\u011bl a do\u010dkal ses po smrti oslavy u na\u0161eho Hospodina, pros Boha za n\u00e1s!<\/strong><\/h3>\n<p><strong>\u00a0<a href=\"http:\/\/pravoslavbrno.cz\/wp-content\/uploads\/2018\/06\/\u0386\u03b3\u03b9\u03bf\u03c2-\u0399\u03c9\u03ac\u03bd\u03bd\u03b7\u03c2-\u03bf-\u03a7\u03c1\u03c5\u03c3\u03cc\u03c3\u03c4\u03bf\u03bc\u03bf\u03c2.jpg\"><img loading=\"lazy\" decoding=\"async\" class=\" wp-image-2334 aligncenter\" src=\"http:\/\/pravoslavbrno.cz\/wp-content\/uploads\/2018\/06\/\u0386\u03b3\u03b9\u03bf\u03c2-\u0399\u03c9\u03ac\u03bd\u03bd\u03b7\u03c2-\u03bf-\u03a7\u03c1\u03c5\u03c3\u03cc\u03c3\u03c4\u03bf\u03bc\u03bf\u03c2-202x300.jpg\" alt=\"\" width=\"364\" height=\"541\" srcset=\"https:\/\/pravoslavnebrno.cz\/wp-content\/uploads\/2018\/06\/\u0386\u03b3\u03b9\u03bf\u03c2-\u0399\u03c9\u03ac\u03bd\u03bd\u03b7\u03c2-\u03bf-\u03a7\u03c1\u03c5\u03c3\u03cc\u03c3\u03c4\u03bf\u03bc\u03bf\u03c2-202x300.jpg 202w, https:\/\/pravoslavnebrno.cz\/wp-content\/uploads\/2018\/06\/\u0386\u03b3\u03b9\u03bf\u03c2-\u0399\u03c9\u03ac\u03bd\u03bd\u03b7\u03c2-\u03bf-\u03a7\u03c1\u03c5\u03c3\u03cc\u03c3\u03c4\u03bf\u03bc\u03bf\u03c2-768x1142.jpg 768w, https:\/\/pravoslavnebrno.cz\/wp-content\/uploads\/2018\/06\/\u0386\u03b3\u03b9\u03bf\u03c2-\u0399\u03c9\u03ac\u03bd\u03bd\u03b7\u03c2-\u03bf-\u03a7\u03c1\u03c5\u03c3\u03cc\u03c3\u03c4\u03bf\u03bc\u03bf\u03c2-700x1041.jpg 700w, https:\/\/pravoslavnebrno.cz\/wp-content\/uploads\/2018\/06\/\u0386\u03b3\u03b9\u03bf\u03c2-\u0399\u03c9\u03ac\u03bd\u03bd\u03b7\u03c2-\u03bf-\u03a7\u03c1\u03c5\u03c3\u03cc\u03c3\u03c4\u03bf\u03bc\u03bf\u03c2-800x1190.jpg 800w, https:\/\/pravoslavnebrno.cz\/wp-content\/uploads\/2018\/06\/\u0386\u03b3\u03b9\u03bf\u03c2-\u0399\u03c9\u03ac\u03bd\u03bd\u03b7\u03c2-\u03bf-\u03a7\u03c1\u03c5\u03c3\u03cc\u03c3\u03c4\u03bf\u03bc\u03bf\u03c2.jpg 1252w\" sizes=\"auto, (max-width: 364px) 100vw, 364px\" \/><\/a><\/strong><\/p>\n<p>&nbsp;<\/p>\n<p><strong>Uk\u00e1zka<\/strong> neporu\u0161en\u00e9ho ucha sv. Jana Zlato\u00fast\u00e9ho p\u0159i v\u00fdkladu igumena Efrema z\u00a0monast\u00fdru Vatoped:<\/p>\n<p><span class=\"embed-youtube\" style=\"text-align:center; display: block;\"><iframe loading=\"lazy\" class=\"youtube-player\" width=\"700\" height=\"394\" src=\"https:\/\/www.youtube.com\/embed\/6uQ9NJRYO5M?version=3&#038;rel=1&#038;showsearch=0&#038;showinfo=1&#038;iv_load_policy=1&#038;fs=1&#038;hl=en-US&#038;autohide=2&#038;wmode=transparent\" allowfullscreen=\"true\" style=\"border:0;\" sandbox=\"allow-scripts allow-same-origin allow-popups allow-presentation allow-popups-to-escape-sandbox\"><\/iframe><\/span><\/p>\n<p><strong>Zdroje: <\/strong><\/p>\n<p>Monast\u00fdr Vatoped na Sv. Ho\u0159e Athos, Talantoblog.gr, Sostis.gr a dal\u0161\u00ed<\/p>\n<p><a href=\"https:\/\/leipsanothiki.blogspot.com\/2014\/03\/288.html\">https:\/\/leipsanothiki.blogspot.com\/2014\/03\/288.html<\/a><\/p>\n<blockquote class=\"wp-embedded-content\" data-secret=\"FTnTVeGgfv\"><p><a href=\"https:\/\/www.vatopedi.gr\/i-moni\/monachikos-vios-i-m-vatopediou\/i-kara-tou-agiou-ioannou-tou-chrisostomou-2\/\">\u0397 \u03ba\u03ac\u03c1\u03b1 \u03c4\u03bf\u03c5 \u03b1\u03b3\u03af\u03bf\u03c5 \u0399\u03c9\u03ac\u03bd\u03bd\u03bf\u03c5 \u03c4\u03bf\u03c5 \u03a7\u03c1\u03c5\u03c3\u03bf\u03c3\u03c4\u03cc\u03bc\u03bf\u03c5<\/a><\/p><\/blockquote>\n<p><iframe loading=\"lazy\" class=\"wp-embedded-content\" sandbox=\"allow-scripts\" security=\"restricted\" style=\"position: absolute; clip: rect(1px, 1px, 1px, 1px);\" src=\"https:\/\/www.vatopedi.gr\/i-moni\/monachikos-vios-i-m-vatopediou\/i-kara-tou-agiou-ioannou-tou-chrisostomou-2\/embed\/#?secret=FTnTVeGgfv\" data-secret=\"FTnTVeGgfv\" width=\"600\" height=\"338\" title=\"&#8220;\u0397 \u03ba\u03ac\u03c1\u03b1 \u03c4\u03bf\u03c5 \u03b1\u03b3\u03af\u03bf\u03c5 \u0399\u03c9\u03ac\u03bd\u03bd\u03bf\u03c5 \u03c4\u03bf\u03c5 \u03a7\u03c1\u03c5\u03c3\u03bf\u03c3\u03c4\u03cc\u03bc\u03bf\u03c5&#8221; &#8212; \u0399\u03b5\u03c1\u03ac \u039c\u03b5\u03b3\u03b9\u03c3\u03c4\u03b7 \u039c\u03bf\u03bd\u03ae \u0392\u03b1\u03c4\u03bf\u03c0\u03b1\u03b9\u03b4\u03af\u03bf\u03c5\" frameborder=\"0\" marginwidth=\"0\" marginheight=\"0\" scrolling=\"no\"><\/iframe><\/p>\n<p>&nbsp;<\/p>\n","protected":false},"excerpt":{"rendered":"<p>Z\u00e1zra\u010dn\u00e1 neporu\u0161itelnost ucha a ruky svat\u00e9ho Jana Zlato\u00fast\u00e9ho (Chrysostoma) M\u00edsto \u00favodu Svat\u00fd Jan Zlato\u00fast\u00fd p\u0159irovn\u00e1v\u00e1 v jednom sv\u00e9m v\u00fdkladu srdce svat\u00e9ho apo\u0161tola Pavla \u201ek nebi a k mo\u0159i\u201c; k nebi pro jeho \u010distotu a k mo\u0159i pro jeho propastnou hlubinu. Pavlovo srdce, p\u0159esn\u011bji \u0159e\u010deno hlubina jeho moudrosti, mohla p\u0159en\u00e9st ka\u017ed\u00e9ho v\u011b\u0159\u00edc\u00edho ze zem\u011b na nebesa&#8230;.<\/p>\n","protected":false},"author":3,"featured_media":0,"comment_status":"open","ping_status":"open","sticky":false,"template":"","format":"standard","meta":{"jetpack_post_was_ever_published":false,"_jetpack_newsletter_access":"","_jetpack_dont_email_post_to_subs":false,"_jetpack_newsletter_tier_id":0,"_jetpack_memberships_contains_paywalled_content":false,"_jetpack_memberships_contains_paid_content":false,"footnotes":"","jetpack_publicize_message":"","jetpack_publicize_feature_enabled":true,"jetpack_social_post_already_shared":true,"jetpack_social_options":{"image_generator_settings":{"template":"highway","default_image_id":0,"font":"","enabled":false},"version":2}},"categories":[14,17],"tags":[],"class_list":["post-2353","post","type-post","status-publish","format-standard","hentry","category-dejiny-pravoslavi","category-zivoty-svatych"],"jetpack_publicize_connections":[],"jetpack_featured_media_url":"","jetpack_sharing_enabled":true,"jetpack_shortlink":"https:\/\/wp.me\/p9GyX2-BX","jetpack-related-posts":[],"_links":{"self":[{"href":"https:\/\/pravoslavnebrno.cz\/en\/wp-json\/wp\/v2\/posts\/2353","targetHints":{"allow":["GET"]}}],"collection":[{"href":"https:\/\/pravoslavnebrno.cz\/en\/wp-json\/wp\/v2\/posts"}],"about":[{"href":"https:\/\/pravoslavnebrno.cz\/en\/wp-json\/wp\/v2\/types\/post"}],"author":[{"embeddable":true,"href":"https:\/\/pravoslavnebrno.cz\/en\/wp-json\/wp\/v2\/users\/3"}],"replies":[{"embeddable":true,"href":"https:\/\/pravoslavnebrno.cz\/en\/wp-json\/wp\/v2\/comments?post=2353"}],"version-history":[{"count":11,"href":"https:\/\/pravoslavnebrno.cz\/en\/wp-json\/wp\/v2\/posts\/2353\/revisions"}],"predecessor-version":[{"id":2364,"href":"https:\/\/pravoslavnebrno.cz\/en\/wp-json\/wp\/v2\/posts\/2353\/revisions\/2364"}],"wp:attachment":[{"href":"https:\/\/pravoslavnebrno.cz\/en\/wp-json\/wp\/v2\/media?parent=2353"}],"wp:term":[{"taxonomy":"category","embeddable":true,"href":"https:\/\/pravoslavnebrno.cz\/en\/wp-json\/wp\/v2\/categories?post=2353"},{"taxonomy":"post_tag","embeddable":true,"href":"https:\/\/pravoslavnebrno.cz\/en\/wp-json\/wp\/v2\/tags?post=2353"}],"curies":[{"name":"wp","href":"https:\/\/api.w.org\/{rel}","templated":true}]}}