{"id":2064,"date":"2018-06-08T18:20:18","date_gmt":"2018-06-08T17:20:18","guid":{"rendered":"http:\/\/pravoslavbrno.cz\/?p=2064"},"modified":"2018-06-09T13:29:58","modified_gmt":"2018-06-09T12:29:58","slug":"otec-georgios-grigoriatsky-vecna-mu-pamatka-4-6-2014","status":"publish","type":"post","link":"https:\/\/pravoslavnebrno.cz\/en\/otec-georgios-grigoriatsky-vecna-mu-pamatka-4-6-2014\/","title":{"rendered":"(\u2020) Otec Georgios Grigoriatsk\u00fd &#8211; V\u011b\u010dn\u00e1 mu pam\u00e1tka! (8.6.2014)"},"content":{"rendered":"<h2 style=\"text-align: center;\"><strong>V\u00a0bla\u017een\u00e9m zesnut\u00ed ode\u0161el v roce 2014 k\u00a0P\u00e1nu<br \/>\notec archim. Georgios (Kapsanis) Grigoriatsk\u00fd,<br \/>\nb\u00fdval\u00fd igumen Monast\u00fdru sv. \u0158eho\u0159e<br \/>\nna Svat\u00e9 Ho\u0159e Athos<\/strong><\/h2>\n<p style=\"text-align: center;\"><a href=\"http:\/\/pravoslavbrno.cz\/wp-content\/uploads\/2018\/06\/moni-gregoriou.jpg\"><img loading=\"lazy\" decoding=\"async\" class=\"alignnone wp-image-2071\" src=\"http:\/\/pravoslavbrno.cz\/wp-content\/uploads\/2018\/06\/moni-gregoriou-300x194.jpg\" alt=\"\" width=\"682\" height=\"441\" srcset=\"https:\/\/pravoslavnebrno.cz\/wp-content\/uploads\/2018\/06\/moni-gregoriou-300x194.jpg 300w, https:\/\/pravoslavnebrno.cz\/wp-content\/uploads\/2018\/06\/moni-gregoriou-768x497.jpg 768w, https:\/\/pravoslavnebrno.cz\/wp-content\/uploads\/2018\/06\/moni-gregoriou-700x453.jpg 700w, https:\/\/pravoslavnebrno.cz\/wp-content\/uploads\/2018\/06\/moni-gregoriou.jpg 800w\" sizes=\"auto, (max-width: 682px) 100vw, 682px\" \/><\/a><\/p>\n<p>Archim. Georgios (Kapsanis), b\u00fdval\u00fd igumen Monast\u00fdru sv. \u0158eho\u0159e na Svat\u00e9 Ho\u0159e Athos, zesnul po dlouhodob\u00fdch zdravotn\u00edch komplikac\u00edch v\u00a0den sv\u00e1tku zrodu novoz\u00e1konn\u00ed C\u00edrkve Kristovy \u010dili v\u00a0den Svat\u00e9 Pades\u00e1tnice.<\/p>\n<p>Stalo se tak mimo Svatou Horu Athos a Zaupokojn\u00e1 liturgie, j\u00ed\u017e p\u0159edsedal metropolita larissk\u00fd, vladyka Ign\u00e1tios, byla slou\u017eena 8. \u010dervna v\u00a0Metochiu monast\u00fdru sv. \u0158eho\u0159e ve \u010dtvrti\u00a0Stavroupoli v Soluni.<\/p>\n<p>Mezi spoluslou\u017e\u00edc\u00edmi byli i dal\u0161\u00ed \u0159e\u010dt\u00ed metropolit\u00e9 a zbo\u017en\u00fd lid. Samotn\u00fd poh\u0159eb a ulo\u017een\u00ed do hrobu prob\u011bhlo na druh\u00fd den (9. \u010dervna) ji\u017e na Svat\u00e9 Ho\u0159e, kam byly ostatky archim. Georgia n\u00e1sledn\u011b p\u0159eneseny. Tam se za n\u00edm p\u0159i\u0161li rozlou\u010dit jak mni\u0161i, tak p\u0159edstaven\u00ed v\u0161ech svatohorsk\u00fdch monast\u00fdr\u016f, ale i \u0159ada poutn\u00edk\u016f. Metropolita larissk\u00fd Ign\u00e1tios, jen\u017e byl duchovn\u00edm d\u00edt\u011btem otce archim. Georgia, s\u00a0dojet\u00edm ve tv\u00e1\u0159i pronesl tato pam\u00e1tn\u00e1 slova: \u201eKam odch\u00e1z\u00ed\u0161, n\u00e1\u0161 star\u010de, Ty, kter\u00fd jsi byl \u00fat\u011bchou pro n\u00e1\u0161 lid, horliv\u00fd zast\u00e1nce na\u0161\u00ed v\u00edry a duchovn\u00edho z\u00e1pasu.\u201c<\/p>\n<p>Mnoz\u00ed, kte\u0159\u00ed jej znali osobn\u011b, spat\u0159uj\u00ed v\u00a0okam\u017eiku jeho odchodu z\u00a0tohoto pozemsk\u00e9ho \u017eivota ud\u00e1lost nikoli n\u00e1hodnou. Jeho duchovn\u00ed, liter\u00e1rn\u00ed a past\u00fd\u0159sk\u00e1 \u010dinnost byla v\u017edy prodchnuta zejm\u00e9na l\u00e1skou ke Svat\u00e9 C\u00edrkvi, k onomu \u201espole\u010denstv\u00ed zbo\u017e\u0161t\u011bn\u00ed\u201c, kter\u00e9 tolik miloval a kter\u00e9mu cel\u00fd sv\u016fj \u017eivot s\u00a0nejv\u011bt\u0161\u00edm sebeob\u011btov\u00e1n\u00edm horliv\u011b slou\u017eil.<\/p>\n<p><strong>Post scriptum:<\/strong><\/p>\n<p>Tento \u010dl\u00e1nek byl seps\u00e1n a zve\u0159ejn\u011bn p\u0159i p\u0159\u00edle\u017eitosti zesnut\u00ed starce Georgia ji\u017e v roce 2014. Nyn\u00ed jej publikujeme znovu ke v\u0161eobecn\u00e9mu\u00a0p\u0159ipomenut\u00ed.<\/p>\n<p><strong>V\u011b\u010dn\u00e1 mu pam\u00e1tka!<\/strong><\/p>\n<p style=\"text-align: right;\">MD<\/p>\n<p><strong>Pokra\u010dov\u00e1n\u00ed a \u00fapln\u00e9 pojedn\u00e1n\u00ed lze st\u00e1hnout pod t\u00edmto odkazem:<\/strong><\/p>\n<p style=\"text-align: center;\"><a href=\"http:\/\/pravoslavbrno.cz\/wp-content\/uploads\/2018\/06\/Archim.-Georgios_Kapsanis.pdf\">Archim. Georgios_Kapsanis<\/a><\/p>\n","protected":false},"excerpt":{"rendered":"<p>V\u00a0bla\u017een\u00e9m zesnut\u00ed ode\u0161el v roce 2014 k\u00a0P\u00e1nu otec archim. Georgios (Kapsanis) Grigoriatsk\u00fd, b\u00fdval\u00fd igumen Monast\u00fdru sv. \u0158eho\u0159e na Svat\u00e9 Ho\u0159e Athos Archim. Georgios (Kapsanis), b\u00fdval\u00fd igumen Monast\u00fdru sv. \u0158eho\u0159e na Svat\u00e9 Ho\u0159e Athos, zesnul po dlouhodob\u00fdch zdravotn\u00edch komplikac\u00edch v\u00a0den sv\u00e1tku zrodu novoz\u00e1konn\u00ed C\u00edrkve Kristovy \u010dili v\u00a0den Svat\u00e9 Pades\u00e1tnice. Stalo se tak mimo Svatou Horu Athos&#8230;<\/p>\n","protected":false},"author":3,"featured_media":0,"comment_status":"open","ping_status":"open","sticky":false,"template":"","format":"standard","meta":{"jetpack_post_was_ever_published":false,"_jetpack_newsletter_access":"","_jetpack_dont_email_post_to_subs":false,"_jetpack_newsletter_tier_id":0,"_jetpack_memberships_contains_paywalled_content":false,"_jetpack_memberships_contains_paid_content":false,"footnotes":"","jetpack_publicize_message":"","jetpack_publicize_feature_enabled":true,"jetpack_social_post_already_shared":true,"jetpack_social_options":{"image_generator_settings":{"template":"highway","default_image_id":0,"font":"","enabled":false},"version":2}},"categories":[5,14,11],"tags":[],"class_list":["post-2064","post","type-post","status-publish","format-standard","hentry","category-aktuality","category-dejiny-pravoslavi","category-homilie"],"jetpack_publicize_connections":[],"jetpack_featured_media_url":"","jetpack_sharing_enabled":true,"jetpack_shortlink":"https:\/\/wp.me\/p9GyX2-xi","jetpack-related-posts":[],"_links":{"self":[{"href":"https:\/\/pravoslavnebrno.cz\/en\/wp-json\/wp\/v2\/posts\/2064","targetHints":{"allow":["GET"]}}],"collection":[{"href":"https:\/\/pravoslavnebrno.cz\/en\/wp-json\/wp\/v2\/posts"}],"about":[{"href":"https:\/\/pravoslavnebrno.cz\/en\/wp-json\/wp\/v2\/types\/post"}],"author":[{"embeddable":true,"href":"https:\/\/pravoslavnebrno.cz\/en\/wp-json\/wp\/v2\/users\/3"}],"replies":[{"embeddable":true,"href":"https:\/\/pravoslavnebrno.cz\/en\/wp-json\/wp\/v2\/comments?post=2064"}],"version-history":[{"count":6,"href":"https:\/\/pravoslavnebrno.cz\/en\/wp-json\/wp\/v2\/posts\/2064\/revisions"}],"predecessor-version":[{"id":2083,"href":"https:\/\/pravoslavnebrno.cz\/en\/wp-json\/wp\/v2\/posts\/2064\/revisions\/2083"}],"wp:attachment":[{"href":"https:\/\/pravoslavnebrno.cz\/en\/wp-json\/wp\/v2\/media?parent=2064"}],"wp:term":[{"taxonomy":"category","embeddable":true,"href":"https:\/\/pravoslavnebrno.cz\/en\/wp-json\/wp\/v2\/categories?post=2064"},{"taxonomy":"post_tag","embeddable":true,"href":"https:\/\/pravoslavnebrno.cz\/en\/wp-json\/wp\/v2\/tags?post=2064"}],"curies":[{"name":"wp","href":"https:\/\/api.w.org\/{rel}","templated":true}]}}