{"id":20548,"date":"2023-04-15T12:05:44","date_gmt":"2023-04-15T11:05:44","guid":{"rendered":"http:\/\/pravoslavnebrno.cz\/?p=20548"},"modified":"2023-04-15T12:05:44","modified_gmt":"2023-04-15T11:05:44","slug":"dnes-na-bilou-sobotu-se-jiz-vsechno-zacalo-oblekat-svetlem-jako-rouchem","status":"publish","type":"post","link":"https:\/\/pravoslavnebrno.cz\/en\/dnes-na-bilou-sobotu-se-jiz-vsechno-zacalo-oblekat-svetlem-jako-rouchem\/","title":{"rendered":"Dnes, na B\u00edlou sobotu, se ji\u017e v\u0161echno za\u010dalo obl\u00e9kat sv\u011btlem jako rouchem&#8230;"},"content":{"rendered":"<h2 style=\"text-align: center;\"><strong>\u201eNelkej nade mnou, \u00f3 Matko, vidouc v hrob\u011b Syna&#8230;\u201c<\/strong><\/h2>\n<p style=\"text-align: center;\"><a href=\"http:\/\/pravoslavnebrno.cz\/wp-content\/uploads\/2023\/04\/Vystrizek-1.png\"><img loading=\"lazy\" decoding=\"async\" class=\"alignnone wp-image-20549 size-full\" src=\"http:\/\/pravoslavnebrno.cz\/wp-content\/uploads\/2023\/04\/Vystrizek-1.png\" alt=\"\" width=\"586\" height=\"832\" srcset=\"https:\/\/pravoslavnebrno.cz\/wp-content\/uploads\/2023\/04\/Vystrizek-1.png 586w, https:\/\/pravoslavnebrno.cz\/wp-content\/uploads\/2023\/04\/Vystrizek-1-211x300.png 211w\" sizes=\"auto, (max-width: 586px) 100vw, 586px\" \/><\/a><\/p>\n<h4 style=\"text-align: center;\"><strong>\u201eNelkej nade mnou, \u00f3 Matko, vidouc v hrob\u011b Syna, jeho\u017e si v l\u016fn\u011b sv\u00e9m bez poru\u0161en\u00ed po\u010dala. Nebo\u0165 vstanu a budu oslaven a povznesu jako B\u016fh ve sl\u00e1v\u011b ty, kdo s v\u00edrou a l\u00e1skou neust\u00e1le tebe veleb\u00ed.\u201c<\/strong><\/h4>\n<p><!--more--><\/p>\n<p style=\"text-align: center;\"><a href=\"http:\/\/pravoslavnebrno.cz\/wp-content\/uploads\/2023\/04\/6-1.jpg\"><img loading=\"lazy\" decoding=\"async\" class=\"alignnone wp-image-20536 size-full\" src=\"http:\/\/pravoslavnebrno.cz\/wp-content\/uploads\/2023\/04\/6-1.jpg\" alt=\"\" width=\"1200\" height=\"1600\" srcset=\"https:\/\/pravoslavnebrno.cz\/wp-content\/uploads\/2023\/04\/6-1.jpg 1200w, https:\/\/pravoslavnebrno.cz\/wp-content\/uploads\/2023\/04\/6-1-225x300.jpg 225w, https:\/\/pravoslavnebrno.cz\/wp-content\/uploads\/2023\/04\/6-1-700x933.jpg 700w, https:\/\/pravoslavnebrno.cz\/wp-content\/uploads\/2023\/04\/6-1-768x1024.jpg 768w, https:\/\/pravoslavnebrno.cz\/wp-content\/uploads\/2023\/04\/6-1-1152x1536.jpg 1152w, https:\/\/pravoslavnebrno.cz\/wp-content\/uploads\/2023\/04\/6-1-800x1067.jpg 800w\" sizes=\"auto, (max-width: 1200px) 100vw, 1200px\" \/><\/a><\/p>\n<h4 style=\"text-align: center;\"><strong>\u201eUmlkn\u011bte smrteln\u00edci a st\u016fjte se strachem a t\u0159esen\u00edm a na nic pozemsk\u00e9ho nepom\u00fd\u0161lejte. Nebo\u0165 Kr\u00e1l kraluj\u00edc\u00edch a P\u00e1n panuj\u00edc\u00edch, p\u0159ich\u00e1z\u00ed, aby se ob\u011btoval a dal za pokrm v\u011b\u0159\u00edc\u00edm.\u201c<\/strong><\/h4>\n<p style=\"text-align: center;\"><a href=\"http:\/\/pravoslavnebrno.cz\/wp-content\/uploads\/2023\/04\/2.jpg\"><img loading=\"lazy\" decoding=\"async\" class=\"alignnone wp-image-20532 size-full\" src=\"http:\/\/pravoslavnebrno.cz\/wp-content\/uploads\/2023\/04\/2.jpg\" alt=\"\" width=\"1200\" height=\"1600\" srcset=\"https:\/\/pravoslavnebrno.cz\/wp-content\/uploads\/2023\/04\/2.jpg 1200w, https:\/\/pravoslavnebrno.cz\/wp-content\/uploads\/2023\/04\/2-225x300.jpg 225w, https:\/\/pravoslavnebrno.cz\/wp-content\/uploads\/2023\/04\/2-700x933.jpg 700w, https:\/\/pravoslavnebrno.cz\/wp-content\/uploads\/2023\/04\/2-768x1024.jpg 768w, https:\/\/pravoslavnebrno.cz\/wp-content\/uploads\/2023\/04\/2-1152x1536.jpg 1152w, https:\/\/pravoslavnebrno.cz\/wp-content\/uploads\/2023\/04\/2-800x1067.jpg 800w\" sizes=\"auto, (max-width: 1200px) 100vw, 1200px\" \/><\/a><\/p>\n<h4 style=\"text-align: center;\"><strong>\u201eP\u0159ed n\u00edm jdou vojska and\u011blsk\u00e1 s ve\u0161ker\u00fdm kn\u00ed\u017eectvem a mocnostmi, mnohooc\u00ed cherub\u00edni a \u0161estik\u0159\u00eddl\u00ed seraf\u00edni, tv\u00e1\u0159 svou zakr\u00fdvaj\u00edce a p\u00edse\u0148 p\u011bj\u00edce: Alleluja, alleluja, allleluja.\u201c<\/strong><\/h4>\n<p style=\"text-align: center;\"><a href=\"http:\/\/pravoslavnebrno.cz\/wp-content\/uploads\/2023\/04\/10-1.jpg\"><img loading=\"lazy\" decoding=\"async\" class=\"aligncenter wp-image-20540 size-full\" src=\"http:\/\/pravoslavnebrno.cz\/wp-content\/uploads\/2023\/04\/10-1.jpg\" alt=\"\" width=\"1200\" height=\"1600\" srcset=\"https:\/\/pravoslavnebrno.cz\/wp-content\/uploads\/2023\/04\/10-1.jpg 1200w, https:\/\/pravoslavnebrno.cz\/wp-content\/uploads\/2023\/04\/10-1-225x300.jpg 225w, https:\/\/pravoslavnebrno.cz\/wp-content\/uploads\/2023\/04\/10-1-700x933.jpg 700w, https:\/\/pravoslavnebrno.cz\/wp-content\/uploads\/2023\/04\/10-1-768x1024.jpg 768w, https:\/\/pravoslavnebrno.cz\/wp-content\/uploads\/2023\/04\/10-1-1152x1536.jpg 1152w, https:\/\/pravoslavnebrno.cz\/wp-content\/uploads\/2023\/04\/10-1-800x1067.jpg 800w\" sizes=\"auto, (max-width: 1200px) 100vw, 1200px\" \/><\/a><\/p>\n<p>&nbsp;<\/p>\n<p><strong>Fotogalerie:<\/strong><\/p>\n<p><strong>(B\u00edl\u00e1 sobota, Chr\u00e1m na ul. Svatopluka \u010cecha, Brno Kr\u00e1lovo Pole, 15.4.2023)<\/strong><\/p>\n<p style=\"text-align: center;\"><a href=\"http:\/\/pravoslavnebrno.cz\/wp-content\/uploads\/2023\/04\/1-1.jpg\"><img loading=\"lazy\" decoding=\"async\" class=\"alignnone wp-image-20531 size-full\" src=\"http:\/\/pravoslavnebrno.cz\/wp-content\/uploads\/2023\/04\/1-1.jpg\" alt=\"\" width=\"1200\" height=\"1600\" srcset=\"https:\/\/pravoslavnebrno.cz\/wp-content\/uploads\/2023\/04\/1-1.jpg 1200w, https:\/\/pravoslavnebrno.cz\/wp-content\/uploads\/2023\/04\/1-1-225x300.jpg 225w, https:\/\/pravoslavnebrno.cz\/wp-content\/uploads\/2023\/04\/1-1-700x933.jpg 700w, https:\/\/pravoslavnebrno.cz\/wp-content\/uploads\/2023\/04\/1-1-768x1024.jpg 768w, https:\/\/pravoslavnebrno.cz\/wp-content\/uploads\/2023\/04\/1-1-1152x1536.jpg 1152w, https:\/\/pravoslavnebrno.cz\/wp-content\/uploads\/2023\/04\/1-1-800x1067.jpg 800w\" sizes=\"auto, (max-width: 1200px) 100vw, 1200px\" \/><\/a><\/p>\n<p style=\"text-align: center;\"><a href=\"http:\/\/pravoslavnebrno.cz\/wp-content\/uploads\/2023\/04\/3-1.jpg\"><img loading=\"lazy\" decoding=\"async\" class=\"alignnone wp-image-20533 size-full\" src=\"http:\/\/pravoslavnebrno.cz\/wp-content\/uploads\/2023\/04\/3-1.jpg\" alt=\"\" width=\"1200\" height=\"1600\" srcset=\"https:\/\/pravoslavnebrno.cz\/wp-content\/uploads\/2023\/04\/3-1.jpg 1200w, https:\/\/pravoslavnebrno.cz\/wp-content\/uploads\/2023\/04\/3-1-225x300.jpg 225w, https:\/\/pravoslavnebrno.cz\/wp-content\/uploads\/2023\/04\/3-1-700x933.jpg 700w, https:\/\/pravoslavnebrno.cz\/wp-content\/uploads\/2023\/04\/3-1-768x1024.jpg 768w, https:\/\/pravoslavnebrno.cz\/wp-content\/uploads\/2023\/04\/3-1-1152x1536.jpg 1152w, https:\/\/pravoslavnebrno.cz\/wp-content\/uploads\/2023\/04\/3-1-800x1067.jpg 800w\" sizes=\"auto, (max-width: 1200px) 100vw, 1200px\" \/><\/a><\/p>\n<p style=\"text-align: center;\"><a href=\"http:\/\/pravoslavnebrno.cz\/wp-content\/uploads\/2023\/04\/4-1.jpg\"><img loading=\"lazy\" decoding=\"async\" class=\"alignnone wp-image-20534 size-full\" src=\"http:\/\/pravoslavnebrno.cz\/wp-content\/uploads\/2023\/04\/4-1.jpg\" alt=\"\" width=\"1600\" height=\"1200\" srcset=\"https:\/\/pravoslavnebrno.cz\/wp-content\/uploads\/2023\/04\/4-1.jpg 1600w, https:\/\/pravoslavnebrno.cz\/wp-content\/uploads\/2023\/04\/4-1-300x225.jpg 300w, https:\/\/pravoslavnebrno.cz\/wp-content\/uploads\/2023\/04\/4-1-700x525.jpg 700w, https:\/\/pravoslavnebrno.cz\/wp-content\/uploads\/2023\/04\/4-1-768x576.jpg 768w, https:\/\/pravoslavnebrno.cz\/wp-content\/uploads\/2023\/04\/4-1-1536x1152.jpg 1536w, https:\/\/pravoslavnebrno.cz\/wp-content\/uploads\/2023\/04\/4-1-800x600.jpg 800w, https:\/\/pravoslavnebrno.cz\/wp-content\/uploads\/2023\/04\/4-1-80x60.jpg 80w\" sizes=\"auto, (max-width: 1600px) 100vw, 1600px\" \/><\/a><\/p>\n<p style=\"text-align: center;\"><a href=\"http:\/\/pravoslavnebrno.cz\/wp-content\/uploads\/2023\/04\/7-1.jpg\"><img loading=\"lazy\" decoding=\"async\" class=\"alignnone wp-image-20537 size-full\" src=\"http:\/\/pravoslavnebrno.cz\/wp-content\/uploads\/2023\/04\/7-1.jpg\" alt=\"\" width=\"1200\" height=\"1600\" srcset=\"https:\/\/pravoslavnebrno.cz\/wp-content\/uploads\/2023\/04\/7-1.jpg 1200w, https:\/\/pravoslavnebrno.cz\/wp-content\/uploads\/2023\/04\/7-1-225x300.jpg 225w, https:\/\/pravoslavnebrno.cz\/wp-content\/uploads\/2023\/04\/7-1-700x933.jpg 700w, https:\/\/pravoslavnebrno.cz\/wp-content\/uploads\/2023\/04\/7-1-768x1024.jpg 768w, https:\/\/pravoslavnebrno.cz\/wp-content\/uploads\/2023\/04\/7-1-1152x1536.jpg 1152w, https:\/\/pravoslavnebrno.cz\/wp-content\/uploads\/2023\/04\/7-1-800x1067.jpg 800w\" sizes=\"auto, (max-width: 1200px) 100vw, 1200px\" \/><\/a><\/p>\n<p style=\"text-align: center;\"><a href=\"http:\/\/pravoslavnebrno.cz\/wp-content\/uploads\/2023\/04\/8-1.jpg\"><img loading=\"lazy\" decoding=\"async\" class=\"alignnone wp-image-20538 size-full\" src=\"http:\/\/pravoslavnebrno.cz\/wp-content\/uploads\/2023\/04\/8-1.jpg\" alt=\"\" width=\"1200\" height=\"1600\" srcset=\"https:\/\/pravoslavnebrno.cz\/wp-content\/uploads\/2023\/04\/8-1.jpg 1200w, https:\/\/pravoslavnebrno.cz\/wp-content\/uploads\/2023\/04\/8-1-225x300.jpg 225w, https:\/\/pravoslavnebrno.cz\/wp-content\/uploads\/2023\/04\/8-1-700x933.jpg 700w, https:\/\/pravoslavnebrno.cz\/wp-content\/uploads\/2023\/04\/8-1-768x1024.jpg 768w, https:\/\/pravoslavnebrno.cz\/wp-content\/uploads\/2023\/04\/8-1-1152x1536.jpg 1152w, https:\/\/pravoslavnebrno.cz\/wp-content\/uploads\/2023\/04\/8-1-800x1067.jpg 800w\" sizes=\"auto, (max-width: 1200px) 100vw, 1200px\" \/><\/a><\/p>\n<p style=\"text-align: center;\"><a href=\"http:\/\/pravoslavnebrno.cz\/wp-content\/uploads\/2023\/04\/9-1.jpg\"><img loading=\"lazy\" decoding=\"async\" class=\"alignnone wp-image-20539 size-full\" src=\"http:\/\/pravoslavnebrno.cz\/wp-content\/uploads\/2023\/04\/9-1.jpg\" alt=\"\" width=\"1200\" height=\"1600\" srcset=\"https:\/\/pravoslavnebrno.cz\/wp-content\/uploads\/2023\/04\/9-1.jpg 1200w, https:\/\/pravoslavnebrno.cz\/wp-content\/uploads\/2023\/04\/9-1-225x300.jpg 225w, https:\/\/pravoslavnebrno.cz\/wp-content\/uploads\/2023\/04\/9-1-700x933.jpg 700w, https:\/\/pravoslavnebrno.cz\/wp-content\/uploads\/2023\/04\/9-1-768x1024.jpg 768w, https:\/\/pravoslavnebrno.cz\/wp-content\/uploads\/2023\/04\/9-1-1152x1536.jpg 1152w, https:\/\/pravoslavnebrno.cz\/wp-content\/uploads\/2023\/04\/9-1-800x1067.jpg 800w\" sizes=\"auto, (max-width: 1200px) 100vw, 1200px\" \/><\/a><\/p>\n<p style=\"text-align: center;\"><a href=\"http:\/\/pravoslavnebrno.cz\/wp-content\/uploads\/2023\/04\/12-1.jpg\"><img loading=\"lazy\" decoding=\"async\" class=\"alignnone wp-image-20541 size-full\" src=\"http:\/\/pravoslavnebrno.cz\/wp-content\/uploads\/2023\/04\/12-1.jpg\" alt=\"\" width=\"1200\" height=\"1600\" srcset=\"https:\/\/pravoslavnebrno.cz\/wp-content\/uploads\/2023\/04\/12-1.jpg 1200w, https:\/\/pravoslavnebrno.cz\/wp-content\/uploads\/2023\/04\/12-1-225x300.jpg 225w, https:\/\/pravoslavnebrno.cz\/wp-content\/uploads\/2023\/04\/12-1-700x933.jpg 700w, https:\/\/pravoslavnebrno.cz\/wp-content\/uploads\/2023\/04\/12-1-768x1024.jpg 768w, https:\/\/pravoslavnebrno.cz\/wp-content\/uploads\/2023\/04\/12-1-1152x1536.jpg 1152w, https:\/\/pravoslavnebrno.cz\/wp-content\/uploads\/2023\/04\/12-1-800x1067.jpg 800w\" sizes=\"auto, (max-width: 1200px) 100vw, 1200px\" \/><\/a><\/p>\n<p style=\"text-align: center;\"><a href=\"http:\/\/pravoslavnebrno.cz\/wp-content\/uploads\/2023\/04\/13-1.jpg\"><img loading=\"lazy\" decoding=\"async\" class=\"alignnone wp-image-20542 size-full\" src=\"http:\/\/pravoslavnebrno.cz\/wp-content\/uploads\/2023\/04\/13-1.jpg\" alt=\"\" width=\"882\" height=\"1600\" srcset=\"https:\/\/pravoslavnebrno.cz\/wp-content\/uploads\/2023\/04\/13-1.jpg 882w, https:\/\/pravoslavnebrno.cz\/wp-content\/uploads\/2023\/04\/13-1-165x300.jpg 165w, https:\/\/pravoslavnebrno.cz\/wp-content\/uploads\/2023\/04\/13-1-700x1270.jpg 700w, https:\/\/pravoslavnebrno.cz\/wp-content\/uploads\/2023\/04\/13-1-768x1393.jpg 768w, https:\/\/pravoslavnebrno.cz\/wp-content\/uploads\/2023\/04\/13-1-847x1536.jpg 847w, https:\/\/pravoslavnebrno.cz\/wp-content\/uploads\/2023\/04\/13-1-800x1451.jpg 800w\" sizes=\"auto, (max-width: 882px) 100vw, 882px\" \/><\/a><\/p>\n<p style=\"text-align: center;\"><a href=\"http:\/\/pravoslavnebrno.cz\/wp-content\/uploads\/2023\/04\/16-1.jpg\"><img loading=\"lazy\" decoding=\"async\" class=\"alignnone wp-image-20545 size-full\" src=\"http:\/\/pravoslavnebrno.cz\/wp-content\/uploads\/2023\/04\/16-1.jpg\" alt=\"\" width=\"1200\" height=\"1600\" srcset=\"https:\/\/pravoslavnebrno.cz\/wp-content\/uploads\/2023\/04\/16-1.jpg 1200w, https:\/\/pravoslavnebrno.cz\/wp-content\/uploads\/2023\/04\/16-1-225x300.jpg 225w, https:\/\/pravoslavnebrno.cz\/wp-content\/uploads\/2023\/04\/16-1-700x933.jpg 700w, https:\/\/pravoslavnebrno.cz\/wp-content\/uploads\/2023\/04\/16-1-768x1024.jpg 768w, https:\/\/pravoslavnebrno.cz\/wp-content\/uploads\/2023\/04\/16-1-1152x1536.jpg 1152w, https:\/\/pravoslavnebrno.cz\/wp-content\/uploads\/2023\/04\/16-1-800x1067.jpg 800w\" sizes=\"auto, (max-width: 1200px) 100vw, 1200px\" \/><\/a><\/p>\n<p style=\"text-align: center;\"><a href=\"http:\/\/pravoslavnebrno.cz\/wp-content\/uploads\/2023\/04\/17-1.jpg\"><img loading=\"lazy\" decoding=\"async\" class=\"alignnone wp-image-20546 size-full\" src=\"http:\/\/pravoslavnebrno.cz\/wp-content\/uploads\/2023\/04\/17-1.jpg\" alt=\"\" width=\"1200\" height=\"1600\" srcset=\"https:\/\/pravoslavnebrno.cz\/wp-content\/uploads\/2023\/04\/17-1.jpg 1200w, https:\/\/pravoslavnebrno.cz\/wp-content\/uploads\/2023\/04\/17-1-225x300.jpg 225w, https:\/\/pravoslavnebrno.cz\/wp-content\/uploads\/2023\/04\/17-1-700x933.jpg 700w, https:\/\/pravoslavnebrno.cz\/wp-content\/uploads\/2023\/04\/17-1-768x1024.jpg 768w, https:\/\/pravoslavnebrno.cz\/wp-content\/uploads\/2023\/04\/17-1-1152x1536.jpg 1152w, https:\/\/pravoslavnebrno.cz\/wp-content\/uploads\/2023\/04\/17-1-800x1067.jpg 800w\" sizes=\"auto, (max-width: 1200px) 100vw, 1200px\" \/><\/a><\/p>\n","protected":false},"excerpt":{"rendered":"<p>\u201eNelkej nade mnou, \u00f3 Matko, vidouc v hrob\u011b Syna&#8230;\u201c \u201eNelkej nade mnou, \u00f3 Matko, vidouc v hrob\u011b Syna, jeho\u017e si v l\u016fn\u011b sv\u00e9m bez poru\u0161en\u00ed po\u010dala. Nebo\u0165 vstanu a budu oslaven a povznesu jako B\u016fh ve sl\u00e1v\u011b ty, kdo s v\u00edrou a l\u00e1skou neust\u00e1le tebe veleb\u00ed.\u201c<\/p>\n","protected":false},"author":3,"featured_media":0,"comment_status":"open","ping_status":"open","sticky":false,"template":"","format":"standard","meta":{"jetpack_post_was_ever_published":false,"_jetpack_newsletter_access":"","_jetpack_dont_email_post_to_subs":false,"_jetpack_newsletter_tier_id":0,"_jetpack_memberships_contains_paywalled_content":false,"_jetpack_memberships_contains_paid_content":false,"footnotes":"","jetpack_publicize_message":"","jetpack_publicize_feature_enabled":true,"jetpack_social_post_already_shared":true,"jetpack_social_options":{"image_generator_settings":{"template":"highway","default_image_id":0,"font":"","enabled":false},"version":2}},"categories":[1],"tags":[],"class_list":["post-20548","post","type-post","status-publish","format-standard","hentry","category-uncategorized"],"jetpack_publicize_connections":[],"jetpack_featured_media_url":"","jetpack_sharing_enabled":true,"jetpack_shortlink":"https:\/\/wp.me\/p9GyX2-5lq","jetpack-related-posts":[],"_links":{"self":[{"href":"https:\/\/pravoslavnebrno.cz\/en\/wp-json\/wp\/v2\/posts\/20548","targetHints":{"allow":["GET"]}}],"collection":[{"href":"https:\/\/pravoslavnebrno.cz\/en\/wp-json\/wp\/v2\/posts"}],"about":[{"href":"https:\/\/pravoslavnebrno.cz\/en\/wp-json\/wp\/v2\/types\/post"}],"author":[{"embeddable":true,"href":"https:\/\/pravoslavnebrno.cz\/en\/wp-json\/wp\/v2\/users\/3"}],"replies":[{"embeddable":true,"href":"https:\/\/pravoslavnebrno.cz\/en\/wp-json\/wp\/v2\/comments?post=20548"}],"version-history":[{"count":2,"href":"https:\/\/pravoslavnebrno.cz\/en\/wp-json\/wp\/v2\/posts\/20548\/revisions"}],"predecessor-version":[{"id":20551,"href":"https:\/\/pravoslavnebrno.cz\/en\/wp-json\/wp\/v2\/posts\/20548\/revisions\/20551"}],"wp:attachment":[{"href":"https:\/\/pravoslavnebrno.cz\/en\/wp-json\/wp\/v2\/media?parent=20548"}],"wp:term":[{"taxonomy":"category","embeddable":true,"href":"https:\/\/pravoslavnebrno.cz\/en\/wp-json\/wp\/v2\/categories?post=20548"},{"taxonomy":"post_tag","embeddable":true,"href":"https:\/\/pravoslavnebrno.cz\/en\/wp-json\/wp\/v2\/tags?post=20548"}],"curies":[{"name":"wp","href":"https:\/\/api.w.org\/{rel}","templated":true}]}}