{"id":1840,"date":"2018-05-22T01:14:47","date_gmt":"2018-05-22T00:14:47","guid":{"rendered":"http:\/\/pravoslavbrno.cz\/?p=1840"},"modified":"2018-05-22T05:30:45","modified_gmt":"2018-05-22T04:30:45","slug":"at-vsichni-zustavaji-v-tom-uceni-ktere-prijali-a-ktere-je-od-pocatku","status":"publish","type":"post","link":"https:\/\/pravoslavnebrno.cz\/en\/at-vsichni-zustavaji-v-tom-uceni-ktere-prijali-a-ktere-je-od-pocatku\/","title":{"rendered":"A\u0165 v\u0161ichni z\u016fst\u00e1vaj\u00ed v tom u\u010den\u00ed, kter\u00e9 p\u0159ijali a kter\u00e9 je od po\u010d\u00e1tku!"},"content":{"rendered":"<h2 style=\"text-align: center;\"><strong>Slova svat\u00e9ho Jana Theologa<\/strong><\/h2>\n<p style=\"text-align: center;\"><a href=\"http:\/\/pravoslavbrno.cz\/wp-content\/uploads\/2018\/05\/sf_ioan_evanghelistul_-_vatoped_sec_15.jpg\"><img loading=\"lazy\" decoding=\"async\" class=\"alignnone  wp-image-1836\" src=\"http:\/\/pravoslavbrno.cz\/wp-content\/uploads\/2018\/05\/sf_ioan_evanghelistul_-_vatoped_sec_15-216x300.jpg\" alt=\"\" width=\"374\" height=\"519\" srcset=\"https:\/\/pravoslavnebrno.cz\/wp-content\/uploads\/2018\/05\/sf_ioan_evanghelistul_-_vatoped_sec_15-216x300.jpg 216w, https:\/\/pravoslavnebrno.cz\/wp-content\/uploads\/2018\/05\/sf_ioan_evanghelistul_-_vatoped_sec_15.jpg 350w\" sizes=\"auto, (max-width: 374px) 100vw, 374px\" \/><\/a><\/p>\n<h3 style=\"text-align: center;\"><strong>(2 Jn 4-11)<\/strong><\/h3>\n<ol start=\"4\">\n<li>Velice jsem se zaradoval, \u017ee jsem nalezl n\u011bkter\u00e9 z tv\u00fdch syn\u016f, jak chod\u00ed v pravd\u011b, jak jsme p\u0159ijali p\u0159ik\u00e1z\u00e1n\u00ed od Otce.<\/li>\n<li>A nyn\u00ed t\u011b pros\u00edm, pan\u00ed, ne jako bych ti psal nov\u00e9 p\u0159ik\u00e1z\u00e1n\u00ed, ale to, kter\u00e9 jsme m\u011bli od po\u010d\u00e1tku, abychom milovali jedni druh\u00e9.<\/li>\n<li>To je ta l\u00e1ska, abychom chodili podle jeho p\u0159ik\u00e1z\u00e1n\u00ed. A to p\u0159ik\u00e1z\u00e1n\u00ed je, abyste v n\u00ed chodili, jak jste sly\u0161eli od po\u010d\u00e1tku.<\/li>\n<li>Do sv\u011bta toti\u017e vy\u0161lo mnoho bluda\u0159\u016f, kte\u0159\u00ed nevyzn\u00e1vaj\u00ed Je\u017e\u00ed\u0161e Krista p\u0159i\u0161l\u00e9ho v t\u011ble. Ka\u017ed\u00fd takov\u00fd je bluda\u0159 a antikrist.<\/li>\n<li>D\u00e1vejte na sebe pozor, abychom neztratili to, na \u010dem jsme pracovali, ale abychom p\u0159ijali plnou odplatu.<\/li>\n<li>Nikdo, kdo odstupuje a nez\u016fst\u00e1v\u00e1 v Kristov\u011b u\u010den\u00ed, nem\u00e1 Boha; kdo z\u016fst\u00e1v\u00e1 v Kristov\u011b u\u010den\u00ed, ten m\u00e1 Otce i Syna.<\/li>\n<li>P\u0159ich\u00e1z\u00ed-li k v\u00e1m n\u011bkdo a nep\u0159in\u00e1\u0161\u00ed toto u\u010den\u00ed, nep\u0159ij\u00edmejte ho do domu, ani ho nezdravte.<\/li>\n<li>Kdo toti\u017e takov\u00e9ho zdrav\u00ed, \u00fa\u010dastn\u00ed se jeho zl\u00fdch skutk\u016f.<\/li>\n<\/ol>\n","protected":false},"excerpt":{"rendered":"<p>Slova svat\u00e9ho Jana Theologa (2 Jn 4-11) Velice jsem se zaradoval, \u017ee jsem nalezl n\u011bkter\u00e9 z tv\u00fdch syn\u016f, jak chod\u00ed v pravd\u011b, jak jsme p\u0159ijali p\u0159ik\u00e1z\u00e1n\u00ed od Otce. A nyn\u00ed t\u011b pros\u00edm, pan\u00ed, ne jako bych ti psal nov\u00e9 p\u0159ik\u00e1z\u00e1n\u00ed, ale to, kter\u00e9 jsme m\u011bli od po\u010d\u00e1tku, abychom milovali jedni druh\u00e9. To je ta l\u00e1ska,&#8230;<\/p>\n","protected":false},"author":3,"featured_media":0,"comment_status":"open","ping_status":"open","sticky":false,"template":"","format":"standard","meta":{"jetpack_post_was_ever_published":false,"_jetpack_newsletter_access":"","_jetpack_dont_email_post_to_subs":false,"_jetpack_newsletter_tier_id":0,"_jetpack_memberships_contains_paywalled_content":false,"_jetpack_memberships_contains_paid_content":false,"footnotes":"","jetpack_publicize_message":"","jetpack_publicize_feature_enabled":true,"jetpack_social_post_already_shared":true,"jetpack_social_options":{"image_generator_settings":{"template":"highway","default_image_id":0,"font":"","enabled":false},"version":2}},"categories":[4],"tags":[],"class_list":["post-1840","post","type-post","status-publish","format-standard","hentry","category-pouceni"],"jetpack_publicize_connections":[],"jetpack_featured_media_url":"","jetpack_sharing_enabled":true,"jetpack_shortlink":"https:\/\/wp.me\/p9GyX2-tG","jetpack-related-posts":[],"_links":{"self":[{"href":"https:\/\/pravoslavnebrno.cz\/en\/wp-json\/wp\/v2\/posts\/1840","targetHints":{"allow":["GET"]}}],"collection":[{"href":"https:\/\/pravoslavnebrno.cz\/en\/wp-json\/wp\/v2\/posts"}],"about":[{"href":"https:\/\/pravoslavnebrno.cz\/en\/wp-json\/wp\/v2\/types\/post"}],"author":[{"embeddable":true,"href":"https:\/\/pravoslavnebrno.cz\/en\/wp-json\/wp\/v2\/users\/3"}],"replies":[{"embeddable":true,"href":"https:\/\/pravoslavnebrno.cz\/en\/wp-json\/wp\/v2\/comments?post=1840"}],"version-history":[{"count":2,"href":"https:\/\/pravoslavnebrno.cz\/en\/wp-json\/wp\/v2\/posts\/1840\/revisions"}],"predecessor-version":[{"id":1859,"href":"https:\/\/pravoslavnebrno.cz\/en\/wp-json\/wp\/v2\/posts\/1840\/revisions\/1859"}],"wp:attachment":[{"href":"https:\/\/pravoslavnebrno.cz\/en\/wp-json\/wp\/v2\/media?parent=1840"}],"wp:term":[{"taxonomy":"category","embeddable":true,"href":"https:\/\/pravoslavnebrno.cz\/en\/wp-json\/wp\/v2\/categories?post=1840"},{"taxonomy":"post_tag","embeddable":true,"href":"https:\/\/pravoslavnebrno.cz\/en\/wp-json\/wp\/v2\/tags?post=1840"}],"curies":[{"name":"wp","href":"https:\/\/api.w.org\/{rel}","templated":true}]}}