{"id":1100,"date":"2018-04-05T11:00:17","date_gmt":"2018-04-05T10:00:17","guid":{"rendered":"http:\/\/pravoslavbrno.cz\/?p=1100"},"modified":"2018-04-05T21:10:32","modified_gmt":"2018-04-05T20:10:32","slug":"10-vyroci-zesnuti-vladyky-lavra","status":"publish","type":"post","link":"https:\/\/pravoslavnebrno.cz\/en\/10-vyroci-zesnuti-vladyky-lavra\/","title":{"rendered":"10. v\u00fdro\u010d\u00ed zesnut\u00ed vladyky L\u00e1vra"},"content":{"rendered":"<h3 style=\"text-align: center;\"><strong>Velk\u00fd a pokorn\u00fd past\u00fd\u0159 rusk\u00e9ho zarube\u017e\u00ed<\/strong><\/h3>\n<p style=\"text-align: center;\"><strong>aneb Jeho \u00fazk\u00e9 pouto s na\u0161\u00ed farnost\u00ed, v\u011b\u0159\u00edc\u00edmi a otcem Jozefem\u00a0<\/strong><\/p>\n<p>P\u0159i p\u0159\u00edle\u017eitosti 10. v\u00fdro\u010d\u00ed zesnut\u00ed Jeho Vysokop\u0159eosv\u00edcenosti vladyky L\u00e1vra, metropolity v\u00fdchodoamerick\u00e9ho a newyorsk\u00e9ho a sou\u010dasn\u011b p\u00e1t\u00e9ho prvohierarchy Rusk\u00e9 pravoslavn\u00e9 c\u00edrkve v\u00a0zahrani\u010d\u00ed, odslou\u017eil otec prot. Jozef Fejsak pam\u011btn\u00ed panychidu.<\/p>\n<p style=\"text-align: center;\"><a href=\"http:\/\/pravoslavbrno.cz\/wp-content\/uploads\/2018\/04\/lavr1.png\"><img loading=\"lazy\" decoding=\"async\" class=\"alignnone wp-image-1181\" src=\"http:\/\/pravoslavbrno.cz\/wp-content\/uploads\/2018\/04\/lavr1-231x300.png\" alt=\"\" width=\"428\" height=\"556\" srcset=\"https:\/\/pravoslavnebrno.cz\/wp-content\/uploads\/2018\/04\/lavr1-231x300.png 231w, https:\/\/pravoslavnebrno.cz\/wp-content\/uploads\/2018\/04\/lavr1.png 595w\" sizes=\"auto, (max-width: 428px) 100vw, 428px\" \/><\/a><\/p>\n<p>Vladyka metropolita L\u00e1vr se narodil na v\u00fdchodn\u00edm Slovensku ve vesnici Ladom\u00edrov\u00e1, kde se nach\u00e1zel pravoslavn\u00fd monast\u00fdr ctih. Joba Po\u010d\u00e1jevsk\u00e9ho \u2013 duchovn\u00ed kol\u00e9bka a \u201el\u00e1vra\u201c celosv\u011btov\u00e9 Rusk\u00e9 emigrace. V\u00a0monast\u00fdru se nach\u00e1zela tak\u00e9 tisk\u00e1rna, kde se tiskly bohoslu\u017eebn\u00e9 knihy, duchovn\u00ed literatura, c\u00edrkevn\u00ed kalend\u00e1\u0159e, pravoslavn\u00e1 periodika, misijn\u00ed l\u00edstky a r\u016fzn\u00e9 bro\u017eury s\u00a0pravoslavnou a duchovn\u00ed t\u00e9matikou.<\/p>\n<p>Do tohoto monast\u00fdru vstoupil tak\u00e9 vladyka L\u00e1vr, tehdy je\u0161t\u011b jako mlad\u00fd chlapec <strong><span style=\"color: #6a6a6a;\">Vasi\u013e \u0160kurla<\/span><\/strong>, a stal se zdej\u0161\u00edm poslu\u0161n\u00edkem. V\u00a0dob\u011b 2. sv\u011btov\u00e9 v\u00e1lky se v\u00a0t\u00e9to oblasti vedly krut\u00e9 boje mezi n\u011bmeckou arm\u00e1dou a 1. \u010deskoslovensk\u00fdm arm\u00e1dn\u00edm sborem veden\u00fdm gen. Ludv\u00edkem Svobodou. Tato oblast byla zna\u010dn\u011b v\u00e1lkou zdecimov\u00e1na, a Bratrstvo ctih. Joba Po\u010d\u00e1jevsk\u00e9ho se proto rozhodlo odej\u00edt na Z\u00e1pad, nejd\u0159\u00edve do Bratislavy, potom p\u0159es N\u011bmecko do \u0160v\u00fdcarska, a\u017e se nakonec se ocitlo v\u00a0USA.<\/p>\n<p style=\"text-align: center;\"><a href=\"http:\/\/pravoslavbrno.cz\/wp-content\/uploads\/2018\/04\/lavr10.png\"><img loading=\"lazy\" decoding=\"async\" class=\"alignnone wp-image-1190\" src=\"http:\/\/pravoslavbrno.cz\/wp-content\/uploads\/2018\/04\/lavr10-300x210.png\" alt=\"\" width=\"671\" height=\"470\" srcset=\"https:\/\/pravoslavnebrno.cz\/wp-content\/uploads\/2018\/04\/lavr10-300x210.png 300w, https:\/\/pravoslavnebrno.cz\/wp-content\/uploads\/2018\/04\/lavr10.png 596w\" sizes=\"auto, (max-width: 671px) 100vw, 671px\" \/><\/a><\/p>\n<p style=\"text-align: center;\"><em>Vladyka\u00a0L\u00e1vr s otcem Jozefem a v\u011b\u0159\u00edc\u00edmi brn\u011bnsk\u00e9 farnosti<br \/>\np\u0159ed na\u0161\u00edm chr\u00e1mem <\/em><\/p>\n<p>Ve Spojen\u00fdch St\u00e1tech Americk\u00fdch nalezlo toto mni\u0161sk\u00e9 bratrstvo \u00fato\u010di\u0161t\u011b ve obci Jordanville ve st\u00e1t\u011b New York. Tam se u\u017e od roku 1929 nach\u00e1zel Svato-Trojick\u00fd monast\u00fdr, z n\u011bho\u017e se posl\u00e9ze stalo duchovn\u00ed centrum Rusk\u00e9 pravoslavn\u00e9 c\u00edrkve v zahrani\u010d\u00ed.<!--more--><\/p>\n<p>V\u00a0tomto monast\u00fdru p\u0159ijal mni\u0161sk\u00fd post\u0159ih tak\u00e9 budouc\u00ed biskup L\u00e1vr podle svat\u00e9ho mu\u010dedn\u00edka L\u00e1vra (<em>pam\u00e1tka 18.\/31. srpna<\/em>). Jako mnich vladyka L\u00e1vr plnil v\u0161echna mni\u0161sk\u00e1 poslu\u0161enstv\u00ed, pracoval v\u00a0tisk\u00e1rn\u011b a v\u0161ude tam, kde mu to ur\u010dil p\u0159edstaven\u00fd monast\u00fdru. Roku 1950 byl mlad\u00fd mnich L\u00e1vr rukopolo\u017een na jerodi\u00e1kona, v\u00a0roce 1954 na jeromonacha a nakonec v roce 1967 na biskupa s\u00a0titulem \u201eManhattansk\u00fd\u201c, vik\u00e1\u0159 V\u00fdchodo-Americk\u00e9 eparchie. Sou\u010dasn\u011b byl i tajemn\u00edkem Posv\u00e1tn\u00e9ho synodu Rusk\u00e9 pravoslavn\u00e9 c\u00edrkve v zahrani\u010d\u00ed.<\/p>\n<p style=\"text-align: center;\"><a href=\"http:\/\/pravoslavbrno.cz\/wp-content\/uploads\/2018\/04\/lavr2.png\"><img loading=\"lazy\" decoding=\"async\" class=\"alignnone wp-image-1182\" src=\"http:\/\/pravoslavbrno.cz\/wp-content\/uploads\/2018\/04\/lavr2-300x201.png\" alt=\"\" width=\"607\" height=\"407\" srcset=\"https:\/\/pravoslavnebrno.cz\/wp-content\/uploads\/2018\/04\/lavr2-300x201.png 300w, https:\/\/pravoslavnebrno.cz\/wp-content\/uploads\/2018\/04\/lavr2-700x469.png 700w, https:\/\/pravoslavnebrno.cz\/wp-content\/uploads\/2018\/04\/lavr2.png 715w\" sizes=\"auto, (max-width: 607px) 100vw, 607px\" \/><\/a><\/p>\n<p style=\"text-align: center;\"><em>Vladykov\u00e9 L\u00e1vr a Antonij\u00a0(Medved\u011bv) s o. Jozefem p\u0159ed brn\u011bnsk\u00fdm chr\u00e1mem <\/em><\/p>\n<p>Po zesnut\u00ed p\u0159edstaven\u00e9ho monast\u00fdru Svat\u00e9 Trojice, Jeho Vysokop\u0159eosv\u00edcenosti arcibiskupa Averkija (Tau\u0161eva) roku 1976, byl vladyka L\u00e1vr vybr\u00e1n bratrstvem monast\u00fdru za jejich p\u0159edstaven\u00e9ho, a n\u00e1sledn\u011b p\u0159eveden na Trojicko-Syrak\u00faskou katedru. V\u00a0roce 1981 mu byl ud\u011blen titul arcibiskupa. V\u00a0t\u00e9 dob\u011b se tak\u00e9 stal hlavn\u00edm redaktorem \u010dasopis\u016f \u201ePravoslavn\u00e1 Rus\u201c a \u201ePravoslavnyj Pu\u0165\u201c.<\/p>\n<p>Dne 10. \u010dervna 2000 se vladyka L\u00e1vr stal z\u00e1stupcem metropolity Vitalije (Ustinova), prvohierarchy Rusk\u00e9 pravoslavn\u00e9 c\u00edrkve v zahrani\u010d\u00ed. Na sn\u011bmu konan\u00e9m 17.-27. \u0159\u00edjna 2001 byl n\u00e1sledn\u011b zvolen prvohierarchou Rusk\u00e9 pravoslavn\u00e9 c\u00edrkve v zahrani\u010d\u00ed, metropolitou newyorsk\u00fdm a v\u00fdchodoamerick\u00fdm. 17. kv\u011btna 2007 pak v Chr\u00e1mu Krista Spasitele v Moskv\u011b podepsal vladyka L\u00e1vr spolu s patriarchou moskevsk\u00fdm a cel\u00e9ho Ruska Alexejem II. \u201eAkt o kanonick\u00e9m sjednocen\u00ed\u201c, co\u017e byl dokument, kter\u00fd ukon\u010dil do t\u00e9 doby trvaj\u00edc\u00ed rozd\u011blen\u00ed Rusk\u00e9 c\u00edrkve zp\u016fsoben\u00e9 neblah\u00fdmi ud\u00e1lostmi v\u00a0Rusku v pr\u016fb\u011bhu 20. stolet\u00ed.<\/p>\n<p style=\"text-align: center;\"><a href=\"http:\/\/pravoslavbrno.cz\/wp-content\/uploads\/2018\/04\/foto-s-vl.-Lavrem.jpg\"><img loading=\"lazy\" decoding=\"async\" class=\"alignnone wp-image-1094\" src=\"http:\/\/pravoslavbrno.cz\/wp-content\/uploads\/2018\/04\/foto-s-vl.-Lavrem-210x300.jpg\" alt=\"\" width=\"482\" height=\"689\" srcset=\"https:\/\/pravoslavnebrno.cz\/wp-content\/uploads\/2018\/04\/foto-s-vl.-Lavrem-210x300.jpg 210w, https:\/\/pravoslavnebrno.cz\/wp-content\/uploads\/2018\/04\/foto-s-vl.-Lavrem.jpg 690w\" sizes=\"auto, (max-width: 482px) 100vw, 482px\" \/><\/a><\/p>\n<p style=\"text-align: center;\"><em>Vladyka\u00a0L\u00e1vr (uprost\u0159ed), o. Jozef (vpravo) a budouc\u00ed o. Marek (vlevo) <\/em><\/p>\n<p style=\"text-align: left;\">Metropolita L\u00e1vr, p\u0159edn\u00ed past\u00fd\u0159 Rusk\u00e9 pravoslavn\u00e9 c\u00edrkve v\u00a0zahrani\u010d\u00ed, ode\u0161el k\u00a0P\u00e1nu v ned\u011bli 16. b\u0159ezna roku 2008 ve v\u011bku 80 let na sv\u00e1tek V\u00edt\u011bzstv\u00ed Pravoslav\u00ed.<\/p>\n<h3 style=\"text-align: center;\"><\/h3>\n<h3 style=\"text-align: center;\"><strong>Dlouholet\u00e9 duchovn\u00ed pouto otce Jozefa s\u00a0vladykou L\u00e1vrem<\/strong><\/h3>\n<p>Prot. Jozef Fejsak vedl s\u00a0vladykou L\u00e1vrem korespondenci ji\u017e od roku 1970. A nejen s\u00a0n\u00edm. Tak\u00e9 s\u00a0dal\u0161\u00edmi mnichy ze Svat\u00e9 Hory Athos, konkr\u00e9tn\u011b se schiarchimandritou Ili\u00e1nem (Sorokinem), p\u0159edstaven\u00fdm monast\u00fdru sv. mu\u010d. Pantelejmona, schiarchimandritou Nikol\u00e1jem, posledn\u00edm rusk\u00fdm p\u0159edstaven\u00fdm Skytu sv. proroka Elij\u00e1\u0161e, a s jeromonachem Seraf\u00edmem, p\u0159edstaven\u00fdm Kelie Pov\u00fd\u0161en\u00ed svat\u00e9ho K\u0159\u00ed\u017ee.<\/p>\n<p style=\"text-align: center;\"><a href=\"http:\/\/pravoslavbrno.cz\/wp-content\/uploads\/2018\/04\/lavr9.png\"><img loading=\"lazy\" decoding=\"async\" class=\"alignnone wp-image-1189\" src=\"http:\/\/pravoslavbrno.cz\/wp-content\/uploads\/2018\/04\/lavr9-300x200.png\" alt=\"\" width=\"610\" height=\"406\" srcset=\"https:\/\/pravoslavnebrno.cz\/wp-content\/uploads\/2018\/04\/lavr9-300x200.png 300w, https:\/\/pravoslavnebrno.cz\/wp-content\/uploads\/2018\/04\/lavr9-700x467.png 700w, https:\/\/pravoslavnebrno.cz\/wp-content\/uploads\/2018\/04\/lavr9.png 713w\" sizes=\"auto, (max-width: 610px) 100vw, 610px\" \/><\/a><\/p>\n<p style=\"text-align: center;\"><em>Vladyka\u00a0L\u00e1vr a vladyka Antonij (Medved\u011bv) doma\u00a0u otce Jozefa <\/em><\/p>\n<p>Prot. Jozef byl s\u00a0vladykou L\u00e1vrem v\u00a0p\u00edsemn\u00e9m kontaktu po celou dobu sv\u00e9ho studia, jak na Pre\u0161ovsk\u00e9 teologick\u00e9 fakult\u011b, tak na Moskevsk\u00e9 duchovn\u00ed akademii. Otec Jozef se duchovn\u00edm stal v\u00a0roce 1982, a ji\u017e tehdy mu vladyka L\u00e1vr n\u011bkolikr\u00e1t nab\u00edzel, aby se stal duchovn\u00edm Rusk\u00e9 pravoslavn\u00e9 c\u00edrkve v zahrani\u010d\u00ed.<\/p>\n<p>Po p\u0159est\u011bhov\u00e1n\u00ed do Brna v\u00a0roce 1985 vedl otec Jozef korespondenci s\u00a0vladykou L\u00e1vrem pod adresou a jm\u00e9nem sv\u00e9 man\u017eelky, aby se vyhnul nep\u0159\u00edjemnostem se st\u00e1tn\u00ed spr\u00e1vou.<\/p>\n<p style=\"text-align: center;\"><a href=\"http:\/\/pravoslavbrno.cz\/wp-content\/uploads\/2018\/04\/lavr5.png\"><img loading=\"lazy\" decoding=\"async\" class=\"alignnone wp-image-1185\" src=\"http:\/\/pravoslavbrno.cz\/wp-content\/uploads\/2018\/04\/lavr5-300x201.png\" alt=\"\" width=\"645\" height=\"432\" srcset=\"https:\/\/pravoslavnebrno.cz\/wp-content\/uploads\/2018\/04\/lavr5-300x201.png 300w, https:\/\/pravoslavnebrno.cz\/wp-content\/uploads\/2018\/04\/lavr5-700x470.png 700w, https:\/\/pravoslavnebrno.cz\/wp-content\/uploads\/2018\/04\/lavr5.png 715w\" sizes=\"auto, (max-width: 645px) 100vw, 645px\" \/><\/a><\/p>\n<p style=\"text-align: center;\"><em>Vladyka\u00a0L\u00e1vr spolu s o. Jozefem a dal\u0161\u00edmi vladykov\u00fdmi p\u0159\u00edbuzn\u00fdmi<br \/>\nv Pre\u0161ov\u011b na Slovensku\u00a0<\/em><\/p>\n<p>Po listopadu 1989, kdy se zm\u011bnila politick\u00e1 situace v\u00a0na\u0161\u00ed zemi, m\u011bl otec Jozef mo\u017enost osobn\u011b se setkat jak s\u00a0vladykou L\u00e1vrem, tak s\u00a0dal\u0161\u00edmi hierarchy Rusk\u00e9 pravoslavn\u00e9 c\u00edrkve v zahrani\u010d\u00ed. Nejprve se setkal s\u00a0vladykou Antonijem (Baro\u0161evi\u010dem), arcibiskupem \u017eenevsk\u00fdm a z\u00e1padoevropsk\u00fdm, a tak\u00e9 s\u00a0vladykou Markem, (Arndtem), arcibiskupem berl\u00ednsk\u00fdm a n\u011bmeck\u00fdm. V\u00a0roce 1991 nav\u0161t\u00edvil vladyka L\u00e1vr sv\u00e9 p\u0159\u00edbuzn\u00e9 v\u00a0\u010ceskoslovensku, a jeho prvn\u00ed cesta vedla do Brna, za otcem Jozefem. Od t\u00e9 doby nav\u0161t\u011bvoval vladyka L\u00e1vr otce Jozefa v\u00a0Brn\u011b p\u0159i sv\u00e9 cest\u011b na rodn\u00e9 Slovensko t\u00e9m\u011b\u0159 ka\u017ed\u00fd rok.<\/p>\n<p style=\"text-align: center;\"><a href=\"http:\/\/pravoslavbrno.cz\/wp-content\/uploads\/2018\/04\/lavr4.png\"><img loading=\"lazy\" decoding=\"async\" class=\"alignnone wp-image-1184\" src=\"http:\/\/pravoslavbrno.cz\/wp-content\/uploads\/2018\/04\/lavr4-300x212.png\" alt=\"\" width=\"600\" height=\"424\" srcset=\"https:\/\/pravoslavnebrno.cz\/wp-content\/uploads\/2018\/04\/lavr4-300x212.png 300w, https:\/\/pravoslavnebrno.cz\/wp-content\/uploads\/2018\/04\/lavr4-768x543.png 768w, https:\/\/pravoslavnebrno.cz\/wp-content\/uploads\/2018\/04\/lavr4-700x495.png 700w, https:\/\/pravoslavnebrno.cz\/wp-content\/uploads\/2018\/04\/lavr4-800x565.png 800w, https:\/\/pravoslavnebrno.cz\/wp-content\/uploads\/2018\/04\/lavr4.png 832w\" sizes=\"auto, (max-width: 600px) 100vw, 600px\" \/><\/a><\/p>\n<p style=\"text-align: center;\"><em>Vladyka\u00a0L\u00e1vr spolu s o. Jozefem a dal\u0161\u00edmi vladykov\u00fdmi p\u0159\u00edbuzn\u00fdmi<br \/>\nv Pre\u0161ov\u011b na Slovensku\u00a0<\/em><\/p>\n<p>V\u00a0roce 1991 nav\u0161t\u00edvil vladyka L\u00e1vr v doprovodu\u00a0otce Jozefa Podkarpatskou Rus, kde se setkal s\u00a0tehdej\u0161\u00edm vladykou Evfimijem (\u0160utakem), arcibiskupem muka\u010devsk\u00fdm a u\u017ehorodsk\u00fdm, kter\u00fd ud\u011blil sv\u00e9 po\u017eehn\u00e1n\u00ed a souhlas k\u00a0jeho n\u00e1v\u0161t\u011bv\u011b m\u00edstn\u00ed eparchie. Prvn\u00ed cesta vladyka L\u00e1vra vedla do \u017eensk\u00e9ho monast\u00fdru Zesnut\u00ed P\u0159esvat\u00e9 Bohorodice v\u00a0Donbok\u00e1ch a p\u0159es Muka\u010devo d\u00e1le do monast\u00fdru Narozen\u00ed P\u0159esvat\u00e9 Bohorodice v\u00a0Lip\u010de, kde ho uv\u00edtal vladyka Evf\u00edmij se sestrami monast\u00fdru. Vladyka L\u00e1vr byl v\u0161ude radostn\u011b v\u00edt\u00e1n a s\u00e1m m\u011bl velikou radost, \u017ee monast\u00fdry, zni\u010den\u00e9 komunistick\u00fdm re\u017eimem, byly op\u011bt postupn\u011b obnovov\u00e1ny. Pot\u00e9 jejich cesta vedla do Izy \u2013 kol\u00e9bky pravoslavn\u00e9ho hnut\u00ed na Podkarpatsk\u00e9 Rusi. Nav\u0161t\u00edvili spole\u010dn\u011b velkolep\u00fd chr\u00e1m Zesnut\u00ed P\u0159esvat\u00e9 Bohorodice, kde se poklonili ikon\u011b svt. Mikul\u00e1\u0161e, darovan\u00e9 rus\u00ednsk\u00e9mu n\u00e1rodu metropolitou Antonijem Chrapovick\u00fdm na pam\u00e1tku 20. v\u00fdro\u010d\u00ed Maramo\u0161-Sihotsk\u00e9ho procesu. D\u00e1le nav\u0161t\u00edvili monast\u00fdr Svat\u00e9 Trojice v\u00a0Horodilovu, kde byl vladyka L\u00e1vr srde\u010dn\u011b p\u0159ijat archimandritou Efr\u00e9mem, kter\u00fd vladykovi L\u00e1vrovi uk\u00e1zal monast\u00fdrsk\u00fd Synodik, kde bylo zaps\u00e1no jeho jm\u00e9no a kde se za n\u011bho m\u00edstn\u00ed brat\u0159i nad\u00e1le modlili. Z\u00a0Horodilova se odebrali do \u017eensk\u00e9ho monast\u00fdru Nanebevstoupen\u00ed P\u00e1n\u011b v\u00a0\u010cumalev\u011b. N\u00e1dhern\u00fd monast\u00fdr postaven\u00fd doslova na ho\u0159e spolu s\u00a0n\u00e1dhern\u00fdmi bohoslu\u017ebami a zp\u011bvem sester&#8230;, to v\u0161e u\u010dinilo na vladyku L\u00e1vra velik\u00fd dojem. Po bohoslu\u017eb\u011b a sn\u00eddani a kr\u00e1sn\u00e9m rozhovoru s\u00a0matkou p\u0159edstavenou Evgenij\u00ed n\u00e1sledovala n\u00e1v\u0161t\u011bva dal\u0161\u00edho z\u00a0m\u00edstn\u00edch monast\u00fdr\u016f \u2013 \u017eensk\u00e9ho monast\u00fdru Zesnut\u00ed P\u0159esvat\u00e9 Bohorodice ve vesnici Uhlya. I zde se obnovoval monast\u00fdr, kde sami sestry dok\u00e1zaly postavit chr\u00e1m a monast\u00fdrsk\u00fd d\u016fm pro sv\u00e9 spole\u010denstv\u00ed sester.<\/p>\n<p style=\"text-align: center;\"><a href=\"http:\/\/pravoslavbrno.cz\/wp-content\/uploads\/2018\/04\/gabriel.png\"><img loading=\"lazy\" decoding=\"async\" class=\"alignnone wp-image-1179\" src=\"http:\/\/pravoslavbrno.cz\/wp-content\/uploads\/2018\/04\/gabriel-300x213.png\" alt=\"\" width=\"627\" height=\"445\" srcset=\"https:\/\/pravoslavnebrno.cz\/wp-content\/uploads\/2018\/04\/gabriel-300x213.png 300w, https:\/\/pravoslavnebrno.cz\/wp-content\/uploads\/2018\/04\/gabriel.png 588w\" sizes=\"auto, (max-width: 627px) 100vw, 627px\" \/><\/a><\/p>\n<p style=\"text-align: center;\"><em>Otec Jozef (vlevo), Velkokn\u011b\u017ena V\u011bra Konstantinovna Romanovov\u00e1\u00a0(sed\u00edc\u00ed)<br \/>\na dne\u0161n\u00ed vladyka Gavriil (\u010cemodakov), arcibiskup montrealsk\u00fd a kanadsk\u00fd (vpravo)\u00a0<\/em><\/p>\n<p>V\u00a0ten den nav\u0161t\u00edvila tato poutn\u00ed skupina na sv\u00e9 cesty i \u017eensk\u00fd monast\u00fdr sv. arch. Michaela v\u00a0Drahovo \u2013 Zabrod. P\u0159i cest\u011b do monast\u00fdru se zastavili na chv\u00edli tak\u00e9 u m\u00edstn\u00ed stud\u00e1nky, a v\u0161ichni byli velmi p\u0159ekvapeni, \u017ee jako pramen ze stud\u00e1nky vyv\u011brala miner\u00e1ln\u00ed voda. V\u00a0monast\u00fdru se jim dostalo vysv\u011btlen\u00ed, \u017ee takov\u00fdchto pramen\u016f je na Podkarpatsk\u00e9 Rusi velmi mnoho.<\/p>\n<p>Vladykovi L\u00e1vrovi se tento n\u00e1dhern\u00fd karpatsk\u00fd kraj velmi zal\u00edbil.<\/p>\n<p style=\"text-align: center;\"><a href=\"http:\/\/pravoslavbrno.cz\/wp-content\/uploads\/2018\/04\/averkij.png\"><img loading=\"lazy\" decoding=\"async\" class=\"alignnone wp-image-1178\" src=\"http:\/\/pravoslavbrno.cz\/wp-content\/uploads\/2018\/04\/averkij-208x300.png\" alt=\"\" width=\"484\" height=\"698\" srcset=\"https:\/\/pravoslavnebrno.cz\/wp-content\/uploads\/2018\/04\/averkij-208x300.png 208w, https:\/\/pravoslavnebrno.cz\/wp-content\/uploads\/2018\/04\/averkij.png 416w\" sizes=\"auto, (max-width: 484px) 100vw, 484px\" \/><\/a><\/p>\n<p style=\"text-align: center;\"><em>Vladyka Averkij (Tau\u0161ev) <\/em><\/p>\n<p>Dal\u0161\u00edho dne byl vladyka L\u00e1vr slavnostn\u011b p\u0159ijat v\u00a0biskupsk\u00e9 rezidenci muka\u010devsko-u\u017ehorodsk\u00e9ho archijereje. Vladyka Evfimij spolu s\u00a0vladykou L\u00e1vrem vzpom\u00ednali p\u0159i kr\u00e1sn\u00e9 duchovn\u00ed atmosf\u00e9\u0159e na spole\u010dnou p\u0159edv\u00e1le\u010dnou historii c\u00edrkevn\u00edho \u017eivota, je\u0161t\u011b za doby Muka\u010devsko-pre\u0161ovsk\u00e9 eparchie. Vladyka L\u00e1vr byl velmi pot\u011b\u0161en obnovou a novodob\u00fdm rozkv\u011btem duchovn\u00edho \u017eivota na Podkarpat\u00ed. Dobrosrde\u010dnost a laskav\u00e9 p\u0159ijet\u00ed u vladyky Evfimije zap\u016fsobilo na vladyku L\u00e1vra natolik, \u017ee se rozhodl finan\u010dn\u011b pomoci ke znovu vyd\u00e1n\u00ed Velk\u00e9ho Ladom\u00edrovsk\u00e9ho Sborn\u00edku a \u017dalt\u00e1\u0159e pro tuto eparchii. Po rozlou\u010den\u00ed s\u00a0vladykou Evfimijem je\u0161t\u011b spolu s\u00a0otcem Jozefem nav\u0161t\u00edvili historick\u00fd Muka\u010devsk\u00fd \u017eensk\u00fd monast\u00fdr sv. Mikul\u00e1\u0161e, s\u00eddlo pravoslavn\u00fdch biskup\u016f do U\u017ehorodsk\u00e9 unie v\u00a0roce 1646. P\u0159i n\u00e1vratu na Slovensko se na chv\u00edli zastavili tak\u00e9 v p\u0159\u00edhrani\u010dn\u00edm m\u011bst\u011b U\u017ehorod\u011b, kde nav\u0161t\u00edvili chr\u00e1m Z\u00e1\u0161tity P\u0159esvat\u00e9 Bohorodice a rovn\u011b\u017e v\u00a0t\u00e9 dob\u011b zapo\u010datou stavbu dnes ji\u017e velkolep\u00e9 u\u017ehorodsk\u00e9 katedr\u00e1ly.<\/p>\n<p>Byla to opravdu kr\u00e1sn\u00e1, neofici\u00e1ln\u00ed duchovn\u00ed n\u00e1v\u0161t\u011bva a z\u00a0n\u00ed vypl\u00fdvaj\u00edc\u00ed setk\u00e1n\u00ed vladyky L\u00e1vra a vladyky Evfimije.<\/p>\n<p>Ve ve\u010dern\u00edch hodin\u00e1ch nav\u0161t\u00edvil vladyka L\u00e1vr v\u00a0Pre\u0161ov\u011b je\u0161t\u011b svoji rodnou sestru.<\/p>\n<p>Daleko v\u00fdznamn\u011bj\u0161\u00ed n\u00e1v\u0161t\u011bvou byla ta, je\u017e se uskute\u010dnila v\u00a0roce 1992. Do\u0161lo k n\u00ed v\u00a0Brn\u011b, kde otce Jozefa v\u00a0jeho byt\u011b nav\u0161t\u00edvil vladyka L\u00e1vr spolu s vladykou Antonijem (Medved\u011bvem) z\u00e1padoamerick\u00fdm a san-francisk\u00fdm v\u00a0doprovodu br. Michaila (Rara), studenta bohosloveck\u00e9 fakulty v\u00a0Pre\u0161ov\u011b. Tato n\u00e1v\u0161t\u011bva se ud\u00e1la na jejich cest\u011b do Kyjevo-Pe\u010dersk\u00e9 a Po\u010d\u00e1jevsk\u00e9 L\u00e1vry. Zde se s\u00a0nimi m\u011bl setkat tak\u00e9 vladyka ternopolsk\u00fd Sergij. Nicm\u00e9n\u011b, k\u00a0tomuto vytou\u017een\u00e9mu setk\u00e1n\u00ed nakonec bohu\u017eel nedo\u0161lo. Oba zarube\u017en\u00ed biskupov\u00e9 pot\u00e9 vladykovi Sergijovi p\u00edsemn\u011b vysv\u011btlili, pro\u010d se tak nestalo. List byl naps\u00e1n konfidenci\u00e1ln\u011b v\u00a0Brn\u011b, za p\u0159\u00edtomnosti a v\u00a0byt\u011b otce Jozefa po bohoslu\u017eb\u011b v\u00a0den sv\u00e1tku Narozen\u00ed sv. Jana K\u0159titele. Tento dopis byl pot\u00e9 p\u0159ed\u00e1n otci Jozefovi s t\u00edm, aby jej p\u0159edal vladykovi Sergijovi. Tento list nebyl nikdy zve\u0159ejn\u011bn, a\u017e nyn\u00ed, p\u0159i des\u00e1t\u00e9m v\u00fdro\u010d\u00ed zesnut\u00ed vladyky L\u00e1vra.<\/p>\n<p style=\"text-align: center;\"><a href=\"http:\/\/pravoslavbrno.cz\/wp-content\/uploads\/2018\/04\/P\u016fvodn\u00ed-dopis-vl.-L\u00e1vra-vl.-Sergijovi-Ternopolsk\u00e9mu.jpg-page-001.jpg\"><img loading=\"lazy\" decoding=\"async\" class=\"alignnone wp-image-1104\" src=\"http:\/\/pravoslavbrno.cz\/wp-content\/uploads\/2018\/04\/P\u016fvodn\u00ed-dopis-vl.-L\u00e1vra-vl.-Sergijovi-Ternopolsk\u00e9mu.jpg-page-001-212x300.jpg\" alt=\"\" width=\"611\" height=\"865\" srcset=\"https:\/\/pravoslavnebrno.cz\/wp-content\/uploads\/2018\/04\/P\u016fvodn\u00ed-dopis-vl.-L\u00e1vra-vl.-Sergijovi-Ternopolsk\u00e9mu.jpg-page-001-212x300.jpg 212w, https:\/\/pravoslavnebrno.cz\/wp-content\/uploads\/2018\/04\/P\u016fvodn\u00ed-dopis-vl.-L\u00e1vra-vl.-Sergijovi-Ternopolsk\u00e9mu.jpg-page-001-800x1131.jpg 800w, https:\/\/pravoslavnebrno.cz\/wp-content\/uploads\/2018\/04\/P\u016fvodn\u00ed-dopis-vl.-L\u00e1vra-vl.-Sergijovi-Ternopolsk\u00e9mu.jpg-page-001.jpg 1241w\" sizes=\"auto, (max-width: 611px) 100vw, 611px\" \/><\/a><\/p>\n<p style=\"text-align: center;\"><em>Cel\u00e9 zn\u011bn\u00ed dopisu vladyku Sergijovi n\u00ed\u017ee v odkazu<\/em><\/p>\n<p style=\"text-align: center;\"><a href=\"http:\/\/pravoslavbrno.cz\/wp-content\/uploads\/2018\/04\/P\u016fvodn\u00ed-dopis-vl.-L\u00e1vra-vl.-Sergijovi-Ternopolsk\u00e9mu.pdf\">P\u016fvodn\u00ed dopis vl. L\u00e1vra vl. Sergijovi Ternopolsk\u00e9mu<\/a><\/p>\n<p>Vladyka L\u00e1vr nav\u0161t\u011bvoval otce Jozefa a jeho rodinu pravideln\u011b t\u00e9m\u011b\u0159 ka\u017edoro\u010dn\u011b i se sv\u00fdm doprovodem. Otec Jozef pak vladykovi L\u00e1vrovi jeho n\u00e1v\u0161t\u011bvu rovn\u011b\u017e n\u011bkolikr\u00e1t op\u011btoval, kdy\u017e ho nav\u0161t\u00edvil v\u00a0monast\u00fdru Svat\u00e9 Trojice v\u00a0americk\u00e9m Jordanville, kde m\u011bl otec Jozef p\u0159\u00edle\u017eitost se spole\u010dn\u011b s\u00a0vladykou L\u00e1vrem pomodlit a slou\u017eit svatou liturgii.<\/p>\n<p style=\"text-align: center;\"><a href=\"http:\/\/pravoslavbrno.cz\/wp-content\/uploads\/2018\/04\/lavr6.png\"><img loading=\"lazy\" decoding=\"async\" class=\"alignnone wp-image-1186\" src=\"http:\/\/pravoslavbrno.cz\/wp-content\/uploads\/2018\/04\/lavr6-300x202.png\" alt=\"\" width=\"697\" height=\"469\" srcset=\"https:\/\/pravoslavnebrno.cz\/wp-content\/uploads\/2018\/04\/lavr6-300x202.png 300w, https:\/\/pravoslavnebrno.cz\/wp-content\/uploads\/2018\/04\/lavr6-700x471.png 700w, https:\/\/pravoslavnebrno.cz\/wp-content\/uploads\/2018\/04\/lavr6.png 713w\" sizes=\"auto, (max-width: 697px) 100vw, 697px\" \/><\/a><\/p>\n<p style=\"text-align: center;\"><em>Vladyka L\u00e1vr spolu s o. Jozefem, jeho rodinou, a dal\u0161\u00edmi v\u011b\u0159\u00edc\u00edmi na Slovensku<\/em><\/p>\n<p>Vladyka L\u00e1vr byl nezapomenutelnou duchovn\u00ed osobnost\u00ed jak rusk\u00e9 emigrace v\u00a0zahrani\u010d\u00ed, tak rus\u00ednsk\u00e9ho n\u00e1roda na v\u00fdchodn\u00edm Slovensku, k n\u011bmu\u017e se vladyka L\u00e1vr v\u017edy hl\u00e1sil.<\/p>\n<p><strong>A\u0165 Hospodin upokoj\u00ed jeho du\u0161i v\u00a0p\u0159\u00edbytc\u00edch spravedliv\u00fdch.<\/strong><\/p>\n<p><strong>V\u011b\u010dn\u00e1 mu pam\u011b\u0165!<\/strong><\/p>\n<p style=\"text-align: center;\"><a href=\"http:\/\/pravoslavbrno.cz\/wp-content\/uploads\/2018\/04\/lavr8.png\"><img loading=\"lazy\" decoding=\"async\" class=\"alignnone wp-image-1188\" src=\"http:\/\/pravoslavbrno.cz\/wp-content\/uploads\/2018\/04\/lavr8-300x204.png\" alt=\"\" width=\"632\" height=\"430\" srcset=\"https:\/\/pravoslavnebrno.cz\/wp-content\/uploads\/2018\/04\/lavr8-300x204.png 300w, https:\/\/pravoslavnebrno.cz\/wp-content\/uploads\/2018\/04\/lavr8.png 613w\" sizes=\"auto, (max-width: 632px) 100vw, 632px\" \/><\/a><\/p>\n<p style=\"text-align: center;\"><em>Vladyka L\u00e1vr s o. Jozefem v Jordanville v USA<\/em><\/p>\n<p><strong>Doslov<\/strong><\/p>\n<p>Na z\u00e1v\u011br poznamenejme, \u017ee zejm\u00e9na d\u00edky setk\u00e1n\u00edm a osobn\u00edm vztah\u016fm s vladyky Onufrijem (Berezovsk\u00fdm), dne\u0161n\u00edm metropolitou kyjevsk\u00fdm a cel\u00e9 Ukrajiny, a d\u00e1le metropolitou ternopolsk\u00fdm Sergijem (Gensick\u00fdm), vladykou Theodorem (Gajunem), metropolitou kamenec-podolsk\u00fdm a gorodoksk\u00fdm, vladykou Evfimijem (\u0160utakem), muka\u010devsko-u\u017ehorodsk\u00fdmu, se vladyka L\u00e1vr, u\u017e jako metropolita v\u00fdchodoamerick\u00fd a newyorsk\u00fd a p\u00e1t\u00fd prvohierarcha Rusk\u00e9 pravoslavn\u00e9 c\u00edrkve v\u00a0zahrani\u010d\u00ed, rozhodl pro dialog s\u00a0Ruskou pravoslavnou c\u00edrkv\u00ed v\u00a0r\u00e1mci Moskevsk\u00e9ho patriarch\u00e1tu. Tato blah\u00e1 aktivita byla zavr\u0161ena na sv\u00e1tek Nanebevstoupen\u00ed P\u00e1n\u011b 17. kv\u011btna 2007, kdy byla v\u00a0moskevsk\u00e9 katedr\u00e1le Krista Spasitele ofici\u00e1ln\u011b obnovena jednota Rusk\u00e9 pravoslavn\u00e9 c\u00edrkve na Rusi s rusk\u00fdm pravoslavn\u00fdm zahrani\u010d\u00edm. Tato Bohem po\u017eehnan\u00e1 jednota byla stvrzena spole\u010dnou eucharistickou bohoslu\u017ebou hlavn\u00edch p\u0159edstavitel\u016f obou v\u011btv\u00ed rusk\u00e9ho Pravoslav\u00ed a podpisem <em>Aktu<\/em> <em>o kanonick\u00e9m sjednocen\u00ed<\/em>.<\/p>\n","protected":false},"excerpt":{"rendered":"<p>Velk\u00fd a pokorn\u00fd past\u00fd\u0159 rusk\u00e9ho zarube\u017e\u00ed aneb Jeho \u00fazk\u00e9 pouto s na\u0161\u00ed farnost\u00ed, v\u011b\u0159\u00edc\u00edmi a otcem Jozefem\u00a0 P\u0159i p\u0159\u00edle\u017eitosti 10. v\u00fdro\u010d\u00ed zesnut\u00ed Jeho Vysokop\u0159eosv\u00edcenosti vladyky L\u00e1vra, metropolity v\u00fdchodoamerick\u00e9ho a newyorsk\u00e9ho a sou\u010dasn\u011b p\u00e1t\u00e9ho prvohierarchy Rusk\u00e9 pravoslavn\u00e9 c\u00edrkve v\u00a0zahrani\u010d\u00ed, odslou\u017eil otec prot. Jozef Fejsak pam\u011btn\u00ed panychidu. Vladyka metropolita L\u00e1vr se narodil na v\u00fdchodn\u00edm Slovensku ve vesnici&#8230;<\/p>\n","protected":false},"author":3,"featured_media":0,"comment_status":"closed","ping_status":"closed","sticky":false,"template":"","format":"standard","meta":{"jetpack_post_was_ever_published":false,"_jetpack_newsletter_access":"","_jetpack_dont_email_post_to_subs":false,"_jetpack_newsletter_tier_id":0,"_jetpack_memberships_contains_paywalled_content":false,"_jetpack_memberships_contains_paid_content":false,"footnotes":"","jetpack_publicize_message":"","jetpack_publicize_feature_enabled":true,"jetpack_social_post_already_shared":true,"jetpack_social_options":{"image_generator_settings":{"template":"highway","default_image_id":0,"font":"","enabled":false},"version":2}},"categories":[5,14],"tags":[],"class_list":["post-1100","post","type-post","status-publish","format-standard","hentry","category-aktuality","category-dejiny-pravoslavi"],"jetpack_publicize_connections":[],"jetpack_featured_media_url":"","jetpack_sharing_enabled":true,"jetpack_shortlink":"https:\/\/wp.me\/p9GyX2-hK","jetpack-related-posts":[],"_links":{"self":[{"href":"https:\/\/pravoslavnebrno.cz\/en\/wp-json\/wp\/v2\/posts\/1100","targetHints":{"allow":["GET"]}}],"collection":[{"href":"https:\/\/pravoslavnebrno.cz\/en\/wp-json\/wp\/v2\/posts"}],"about":[{"href":"https:\/\/pravoslavnebrno.cz\/en\/wp-json\/wp\/v2\/types\/post"}],"author":[{"embeddable":true,"href":"https:\/\/pravoslavnebrno.cz\/en\/wp-json\/wp\/v2\/users\/3"}],"replies":[{"embeddable":true,"href":"https:\/\/pravoslavnebrno.cz\/en\/wp-json\/wp\/v2\/comments?post=1100"}],"version-history":[{"count":19,"href":"https:\/\/pravoslavnebrno.cz\/en\/wp-json\/wp\/v2\/posts\/1100\/revisions"}],"predecessor-version":[{"id":1204,"href":"https:\/\/pravoslavnebrno.cz\/en\/wp-json\/wp\/v2\/posts\/1100\/revisions\/1204"}],"wp:attachment":[{"href":"https:\/\/pravoslavnebrno.cz\/en\/wp-json\/wp\/v2\/media?parent=1100"}],"wp:term":[{"taxonomy":"category","embeddable":true,"href":"https:\/\/pravoslavnebrno.cz\/en\/wp-json\/wp\/v2\/categories?post=1100"},{"taxonomy":"post_tag","embeddable":true,"href":"https:\/\/pravoslavnebrno.cz\/en\/wp-json\/wp\/v2\/tags?post=1100"}],"curies":[{"name":"wp","href":"https:\/\/api.w.org\/{rel}","templated":true}]}}