{"id":7194,"date":"2020-02-03T01:42:50","date_gmt":"2020-02-03T00:42:50","guid":{"rendered":"http:\/\/pravoslavbrno.cz\/?p=7194"},"modified":"2020-02-03T17:54:29","modified_gmt":"2020-02-03T16:54:29","slug":"nasi-arabsti-pratele-v-panu-pri-navsteve-farnosti-sv-vaclava","status":"publish","type":"post","link":"https:\/\/pravoslavnebrno.cz\/el\/nasi-arabsti-pratele-v-panu-pri-navsteve-farnosti-sv-vaclava\/","title":{"rendered":"Jak n\u00e1s dojali na\u0161i arab\u0161t\u00ed p\u0159\u00e1tel\u00e9 v P\u00e1nu p\u0159i n\u00e1v\u0161t\u011bv\u011b farnosti sv. V\u00e1clava"},"content":{"rendered":"<h2 style=\"text-align: center;\"><strong>Basem, Reem a Lara<\/strong><\/h2>\n<p style=\"text-align: center;\"><a href=\"http:\/\/pravoslavbrno.cz\/wp-content\/uploads\/2020\/01\/83691803_2699684546784235_8392671215155675136_n.jpg\"><img loading=\"lazy\" decoding=\"async\" class=\"alignnone wp-image-7196\" src=\"http:\/\/pravoslavbrno.cz\/wp-content\/uploads\/2020\/01\/83691803_2699684546784235_8392671215155675136_n-300x225.jpg\" alt=\"\" width=\"508\" height=\"381\" srcset=\"https:\/\/pravoslavnebrno.cz\/wp-content\/uploads\/2020\/01\/83691803_2699684546784235_8392671215155675136_n-300x225.jpg 300w, https:\/\/pravoslavnebrno.cz\/wp-content\/uploads\/2020\/01\/83691803_2699684546784235_8392671215155675136_n-700x525.jpg 700w, https:\/\/pravoslavnebrno.cz\/wp-content\/uploads\/2020\/01\/83691803_2699684546784235_8392671215155675136_n-768x576.jpg 768w, https:\/\/pravoslavnebrno.cz\/wp-content\/uploads\/2020\/01\/83691803_2699684546784235_8392671215155675136_n-1536x1152.jpg 1536w, https:\/\/pravoslavnebrno.cz\/wp-content\/uploads\/2020\/01\/83691803_2699684546784235_8392671215155675136_n-800x600.jpg 800w, https:\/\/pravoslavnebrno.cz\/wp-content\/uploads\/2020\/01\/83691803_2699684546784235_8392671215155675136_n-80x60.jpg 80w, https:\/\/pravoslavnebrno.cz\/wp-content\/uploads\/2020\/01\/83691803_2699684546784235_8392671215155675136_n.jpg 2016w\" sizes=\"auto, (max-width: 508px) 100vw, 508px\" \/><\/a><\/p>\n<p style=\"text-align: center;\"><em>(zleva doprava): Lara, o. J. ,Reem a Basem<\/em><\/p>\n<p>P\u0159ed n\u011bkolika dny na\u0161i farnost zcela neo\u010dek\u00e1van\u011b nav\u0161t\u00edvili dva p\u0159\u00e1tel\u00e9 Lary Naber, o jej\u00ed\u017e zemi a duchovn\u00edch pokladech v podob\u011b chr\u00e1m\u016f a monast\u00fdr\u016f v Jord\u00e1nsku jsme ji\u017e psali.<\/p>\n<p>Basem a Reem, mlad\u00fd jord\u00e1nsk\u00fd man\u017eelsk\u00fd p\u00e1r, zbo\u017en\u00ed k\u0159es\u0165an\u00e9 a u\u0161lechtil\u00ed lid\u00e9 u\u017e jen na prvn\u00ed letm\u00fd pohled, poch\u00e1zej\u00edc\u00ed z Amm\u00e1nu, hlavn\u00edho m\u011bsta Jord\u00e1nska, vyj\u00e1d\u0159ili hlubokou touhu nav\u0161t\u00edvit na\u0161i farnost, vid\u011bt n\u00e1\u0161 pravoslavn\u00fd chr\u00e1m a p\u0159edev\u0161\u00edm p\u0159ijmout po\u017eehn\u00e1n\u00ed od na\u0161eho duchovn\u00edho past\u00fd\u0159e, otce Jozefa.<\/p>\n<p>To v\u0161e p\u0159i jejich kr\u00e1tk\u00e9 n\u00e1v\u0161t\u011bv\u011b \u010cesk\u00e9 republiky.<\/p>\n<p>Do Brna se nakonec dostali podle sv\u00fdch slov zcela &#8220;Bo\u017e\u00edm \u0159\u00edzen\u00edm&#8221;.<\/p>\n<p><!--more--><\/p>\n<p>Setk\u00e1n\u00ed s touto trojic\u00ed mlad\u00fdch arabsk\u00fdch k\u0159es\u0165an\u016f n\u00e1s naplnilo hlubok\u00fdm dojet\u00edm.<\/p>\n<p>P\u0159i ve\u010dern\u00edm setk\u00e1n\u00ed ve ztichl\u00e9m chr\u00e1mu, osv\u011btlen\u00e9m pouze sv\u00edcemi a olejov\u00fdmi lamp\u00e1dami, v \u0161erosvitu ikon a obraz\u016f svat\u00fdch&#8230;, p\u0159ed jesli\u010dkami s nov\u011b narozen\u00fdm ml\u00e1dencem Kristem, jsme st\u00e1li v tich\u00e9m rozj\u00edm\u00e1n\u00ed a d\u00edvali se navz\u00e1jem do o\u010d\u00ed. Ty jejich, jord\u00e1nsk\u00e9, tmav\u00e9 jako zral\u00e9 ka\u0161tany, byly pln\u00e9 vd\u011b\u010dnosti, skryt\u00e9 radosti, b\u00e1zn\u011b p\u0159ed Bohem a jeho duchovn\u00edmi past\u00fd\u0159i.<\/p>\n<p>Postupn\u011b jsme se poznali l\u00e9pe. Ale kupodivu k tomu sta\u010dilo, aby n\u00e1m Basem zazp\u00edval dv\u011b c\u00edrkevn\u00ed skladby, kr\u00e1sn\u00e9 duchovn\u00ed p\u00edsn\u011b, zcela nazpam\u011b\u0165, s duchovn\u00ed radost\u00ed a jen kv\u016fli n\u00e1m, nebo\u0165 t\u00edm vyjad\u0159oval svou vd\u011b\u010dnost i za to nepatrn\u00e9 pozdraven\u00ed a uv\u00edt\u00e1n\u00ed, kter\u00e9 se jim od n\u00e1s dostalo.<\/p>\n<p>Zazp\u00edval tropar \u201eNarozen\u00ed\u201c.<\/p>\n<p>Zcela p\u0159\u00edhodn\u011b.<\/p>\n<p>St\u00e1le je\u0161t\u011b p\u0159ed stoj\u00edc\u00edm Betl\u00e9mem v rohu na\u0161eho chr\u00e1mu&#8230;<\/p>\n<p>A pak tak\u00e9 oslavn\u00fd tropar (Jest pravd\u011b d\u016fstojno) v jazyce \u0159eck\u00e9m. Tak, jak jsou jord\u00e1n\u0161t\u00ed pravoslavn\u00ed k\u0159es\u0165an\u00e9 nau\u010den\u00ed a zvykl\u00ed, nebo\u0165 v Jord\u00e1nsku pou\u017e\u00edvaj\u00ed p\u0159i svat\u00e9 liturgii jak arab\u0161tinu, tak \u0159e\u010dtinu.<\/p>\n<p>A my tam st\u00e1li, s otcem Jozefem, bez pohnut\u00ed, dojati a v nenad\u00e1l\u00e9m zamy\u0161len\u00ed.<\/p>\n<p>Uva\u017eovali jsme nad slovy P\u00e1na Je\u017e\u00ed\u0161e Krista o \u201emilov\u00e1n\u00ed brat\u0159\u00ed ve spolek\u201c:<\/p>\n<p>\u201eP\u0159ik\u00e1z\u00e1n\u00ed nov\u00e9 d\u00e1v\u00e1m v\u00e1m, abyste se milovali vespolek; jako\u017e j\u00e1 miloval jsem v\u00e1s, tak abyste i vy milovali jeden druh\u00e9ho. Po tom poznaj\u00ed v\u0161ichni, \u017ee jste moji u\u010dedn\u00edci, budete-li m\u00edti l\u00e1sku jedni k druh\u00fdm.\u201c (Jan 13,34-35)<\/p>\n<p>L\u00e1ska v P\u00e1nu Basema, Reem a Lary k n\u00e1m tryskala z jejich opravdov\u00e9ho k\u0159es\u0165ansk\u00e9ho \u017eivota, z \u010dist\u00e9 du\u0161e, napln\u011bn\u00e9 aromaty bo\u017esk\u00fdch tajin. P\u0159i v\u011bdom\u00ed jednoty n\u00e1s pravoslavn\u00fdch k\u0159es\u0165an\u016f, kter\u00e1 je zachov\u00e1v\u00e1na bez ohledu na \u010das a prostor po cel\u00e9m sv\u011bt\u011b, n\u00e1s Basem, Reem a Lara p\u0159ekvapili svou nezi\u0161tnou l\u00e1skou, silnou v\u00edrou a blahou nad\u011bj\u00ed ke v\u0161emu dobr\u00e9mu.<\/p>\n<p>V\u017edy\u0165 oni n\u00e1m p\u0159inesli radost jakoby z jin\u00e9ho, duchovn\u00edho sv\u011bta, a p\u0159ece sv\u011bta tolik n\u00e1m zn\u00e1m\u00e9ho a bl\u00edzk\u00e9ho. Pravoslav\u00ed toti\u017e spojuje lidsk\u00e1 srdce v P\u00e1nu t\u00edm nejt\u011bsn\u011bj\u0161\u00edm mo\u017en\u00fdm spojen\u00edm. N\u011bco takov\u00e9ho se d\u011bje p\u016fsoben\u00edm Ducha Svat\u00e9ho. V\u017edy\u0165 duchovn\u00ed \u017eivot v Kristu je v\u00fdrazem boholidsk\u00e9 jednoty Boha a \u010dlov\u011bka. A tajemstv\u00ed C\u00edrkve sv\u011bd\u010d\u00ed o pravosti t\u00e9to l\u00e1sky, kter\u00e1 panuje (a m\u00e1 v\u017edy panovat) mezi v\u011b\u0159\u00edc\u00edmi, kte\u0159\u00ed jsou \u201e\u00fady Kristova T\u011bla\u201c.<\/p>\n<p>\u201eVy jste t\u011blo Kristovo, a ka\u017ed\u00fd z v\u00e1s je jedn\u00edm z jeho \u00fad\u016f.\u201c (1 Kor 12,27)<\/p>\n<p>Na\u0161\u00edm c\u00edlem, n\u00e1s k\u0159es\u0165an\u016f, je vynalo\u017eit \u00fasil\u00ed, abychom k v\u00ed\u0159e p\u0159idali i ctnosti, jak n\u00e1s nab\u00e1d\u00e1 svat\u00fd apo\u0161tol Petr: \u201eVy v\u0161echnu sna\u017enost svou vynalo\u017e\u00edce, prokazujte u v\u00ed\u0159e sv\u00e9 ctnost, a v ctnosti um\u011bn\u00ed,\u00a0 v um\u011bn\u00ed pak zdr\u017eenlivost, a v zdr\u017eenlivosti trp\u011blivost, v trp\u011blivosti pak zbo\u017enost, ve zbo\u017enosti pak <em>bratrstva milov\u00e1n\u00ed<\/em>, a v milov\u00e1n\u00ed bratrstva <em>l\u00e1sku<\/em>.\u201c (2. Pt 1,5-7)<\/p>\n<p>A jedna z podob ctnosti je pr\u00e1v\u011b \u201ebratrstva milov\u00e1n\u00ed\u201c.<\/p>\n<p>A takov\u00e9ho milov\u00e1n\u00ed jsme byli sv\u011bdky p\u0159i setk\u00e1n\u00ed s\u00a0na\u0161imi jord\u00e1nsk\u00fdmi \u201ebratry a sestrami v\u00a0P\u00e1nu\u201c.<\/p>\n<p><strong>Odkaz na video ze setk\u00e1n\u00ed (zp\u011bv Basema):<\/strong><\/p>\n<p><span class=\"embed-youtube\" style=\"text-align:center; display: block;\"><iframe loading=\"lazy\" class=\"youtube-player\" width=\"700\" height=\"394\" src=\"https:\/\/www.youtube.com\/embed\/rGiEYYxuWcU?version=3&#038;rel=1&#038;showsearch=0&#038;showinfo=1&#038;iv_load_policy=1&#038;fs=1&#038;hl=el&#038;autohide=2&#038;wmode=transparent\" allowfullscreen=\"true\" style=\"border:0;\" sandbox=\"allow-scripts allow-same-origin allow-popups allow-presentation allow-popups-to-escape-sandbox\"><\/iframe><\/span><\/p>\n<p><span class=\"embed-youtube\" style=\"text-align:center; display: block;\"><iframe loading=\"lazy\" class=\"youtube-player\" width=\"700\" height=\"394\" src=\"https:\/\/www.youtube.com\/embed\/ZvaLh1Dttx8?version=3&#038;rel=1&#038;showsearch=0&#038;showinfo=1&#038;iv_load_policy=1&#038;fs=1&#038;hl=el&#038;autohide=2&#038;wmode=transparent\" allowfullscreen=\"true\" style=\"border:0;\" sandbox=\"allow-scripts allow-same-origin allow-popups allow-presentation allow-popups-to-escape-sandbox\"><\/iframe><\/span><\/p>\n<p>&nbsp;<\/p>\n<p><strong>Fotografie ze setk\u00e1n\u00ed:<\/strong><\/p>\n<p style=\"text-align: center;\"><a href=\"http:\/\/pravoslavbrno.cz\/wp-content\/uploads\/2020\/01\/83583973_168789411121675_2831954903583162368_n.jpg\"><img loading=\"lazy\" decoding=\"async\" class=\"alignnone wp-image-7198\" src=\"http:\/\/pravoslavbrno.cz\/wp-content\/uploads\/2020\/01\/83583973_168789411121675_2831954903583162368_n-300x225.jpg\" alt=\"\" width=\"539\" height=\"404\" srcset=\"https:\/\/pravoslavnebrno.cz\/wp-content\/uploads\/2020\/01\/83583973_168789411121675_2831954903583162368_n-300x225.jpg 300w, https:\/\/pravoslavnebrno.cz\/wp-content\/uploads\/2020\/01\/83583973_168789411121675_2831954903583162368_n-700x525.jpg 700w, https:\/\/pravoslavnebrno.cz\/wp-content\/uploads\/2020\/01\/83583973_168789411121675_2831954903583162368_n-768x576.jpg 768w, https:\/\/pravoslavnebrno.cz\/wp-content\/uploads\/2020\/01\/83583973_168789411121675_2831954903583162368_n-1536x1152.jpg 1536w, https:\/\/pravoslavnebrno.cz\/wp-content\/uploads\/2020\/01\/83583973_168789411121675_2831954903583162368_n-800x600.jpg 800w, https:\/\/pravoslavnebrno.cz\/wp-content\/uploads\/2020\/01\/83583973_168789411121675_2831954903583162368_n-80x60.jpg 80w, https:\/\/pravoslavnebrno.cz\/wp-content\/uploads\/2020\/01\/83583973_168789411121675_2831954903583162368_n.jpg 2016w\" sizes=\"auto, (max-width: 539px) 100vw, 539px\" \/><\/a><\/p>\n<p style=\"text-align: center;\"><a href=\"http:\/\/pravoslavbrno.cz\/wp-content\/uploads\/2020\/01\/83731510_849970768786260_9008931750058917888_n.jpg\"><img loading=\"lazy\" decoding=\"async\" class=\"alignnone wp-image-7197\" src=\"http:\/\/pravoslavbrno.cz\/wp-content\/uploads\/2020\/01\/83731510_849970768786260_9008931750058917888_n-300x225.jpg\" alt=\"\" width=\"529\" height=\"397\" srcset=\"https:\/\/pravoslavnebrno.cz\/wp-content\/uploads\/2020\/01\/83731510_849970768786260_9008931750058917888_n-300x225.jpg 300w, https:\/\/pravoslavnebrno.cz\/wp-content\/uploads\/2020\/01\/83731510_849970768786260_9008931750058917888_n-700x525.jpg 700w, https:\/\/pravoslavnebrno.cz\/wp-content\/uploads\/2020\/01\/83731510_849970768786260_9008931750058917888_n-768x576.jpg 768w, https:\/\/pravoslavnebrno.cz\/wp-content\/uploads\/2020\/01\/83731510_849970768786260_9008931750058917888_n-1536x1152.jpg 1536w, https:\/\/pravoslavnebrno.cz\/wp-content\/uploads\/2020\/01\/83731510_849970768786260_9008931750058917888_n-800x600.jpg 800w, https:\/\/pravoslavnebrno.cz\/wp-content\/uploads\/2020\/01\/83731510_849970768786260_9008931750058917888_n-80x60.jpg 80w, https:\/\/pravoslavnebrno.cz\/wp-content\/uploads\/2020\/01\/83731510_849970768786260_9008931750058917888_n.jpg 2016w\" sizes=\"auto, (max-width: 529px) 100vw, 529px\" \/><\/a><\/p>\n<p><strong>Souvisej\u00edc\u00ed \u010dl\u00e1nky:<\/strong><\/p>\n<p><a href=\"http:\/\/pravoslavbrno.cz\/letme-nahlednuti-na-pravoslavi-v-jordansku\/\">http:\/\/pravoslavbrno.cz\/letme-nahlednuti-na-pravoslavi-v-jordansku\/<\/a><\/p>\n","protected":false},"excerpt":{"rendered":"<p>Basem, Reem a Lara (zleva doprava): Lara, o. J. ,Reem a Basem P\u0159ed n\u011bkolika dny na\u0161i farnost zcela neo\u010dek\u00e1van\u011b nav\u0161t\u00edvili dva p\u0159\u00e1tel\u00e9 Lary Naber, o jej\u00ed\u017e zemi a duchovn\u00edch pokladech v podob\u011b chr\u00e1m\u016f a monast\u00fdr\u016f v Jord\u00e1nsku jsme ji\u017e psali. Basem a Reem, mlad\u00fd jord\u00e1nsk\u00fd man\u017eelsk\u00fd p\u00e1r, zbo\u017en\u00ed k\u0159es\u0165an\u00e9 a u\u0161lechtil\u00ed lid\u00e9 u\u017e jen na&#8230;<\/p>\n","protected":false},"author":3,"featured_media":0,"comment_status":"open","ping_status":"open","sticky":false,"template":"","format":"standard","meta":{"jetpack_post_was_ever_published":false,"_jetpack_newsletter_access":"","_jetpack_dont_email_post_to_subs":false,"_jetpack_newsletter_tier_id":0,"_jetpack_memberships_contains_paywalled_content":false,"_jetpack_memberships_contains_paid_content":false,"footnotes":"","jetpack_publicize_message":"","jetpack_publicize_feature_enabled":true,"jetpack_social_post_already_shared":true,"jetpack_social_options":{"image_generator_settings":{"template":"highway","default_image_id":0,"font":"","enabled":false},"version":2}},"categories":[12],"tags":[],"class_list":["post-7194","post","type-post","status-publish","format-standard","hentry","category-pravoslavi"],"jetpack_publicize_connections":[],"jetpack_featured_media_url":"","jetpack_sharing_enabled":true,"jetpack_shortlink":"https:\/\/wp.me\/p9GyX2-1S2","jetpack-related-posts":[],"_links":{"self":[{"href":"https:\/\/pravoslavnebrno.cz\/el\/wp-json\/wp\/v2\/posts\/7194","targetHints":{"allow":["GET"]}}],"collection":[{"href":"https:\/\/pravoslavnebrno.cz\/el\/wp-json\/wp\/v2\/posts"}],"about":[{"href":"https:\/\/pravoslavnebrno.cz\/el\/wp-json\/wp\/v2\/types\/post"}],"author":[{"embeddable":true,"href":"https:\/\/pravoslavnebrno.cz\/el\/wp-json\/wp\/v2\/users\/3"}],"replies":[{"embeddable":true,"href":"https:\/\/pravoslavnebrno.cz\/el\/wp-json\/wp\/v2\/comments?post=7194"}],"version-history":[{"count":13,"href":"https:\/\/pravoslavnebrno.cz\/el\/wp-json\/wp\/v2\/posts\/7194\/revisions"}],"predecessor-version":[{"id":7354,"href":"https:\/\/pravoslavnebrno.cz\/el\/wp-json\/wp\/v2\/posts\/7194\/revisions\/7354"}],"wp:attachment":[{"href":"https:\/\/pravoslavnebrno.cz\/el\/wp-json\/wp\/v2\/media?parent=7194"}],"wp:term":[{"taxonomy":"category","embeddable":true,"href":"https:\/\/pravoslavnebrno.cz\/el\/wp-json\/wp\/v2\/categories?post=7194"},{"taxonomy":"post_tag","embeddable":true,"href":"https:\/\/pravoslavnebrno.cz\/el\/wp-json\/wp\/v2\/tags?post=7194"}],"curies":[{"name":"wp","href":"https:\/\/api.w.org\/{rel}","templated":true}]}}