{"id":3438,"date":"2018-09-01T06:51:54","date_gmt":"2018-09-01T05:51:54","guid":{"rendered":"http:\/\/pravoslavbrno.cz\/?p=3438"},"modified":"2018-09-01T06:51:54","modified_gmt":"2018-09-01T05:51:54","slug":"ten-jehoz-zazracnou-pomoc-poznali-lide-za-zivota-i-po-jeho-ctihodnem-zesnuti","status":"publish","type":"post","link":"https:\/\/pravoslavnebrno.cz\/el\/ten-jehoz-zazracnou-pomoc-poznali-lide-za-zivota-i-po-jeho-ctihodnem-zesnuti\/","title":{"rendered":"Ten, jeho\u017e z\u00e1zra\u010dnou pomoc poznali lid\u00e9 za \u017eivota i po jeho ctihodn\u00e9m zesnut\u00ed&#8230;"},"content":{"rendered":"<h2 style=\"text-align: center;\"><strong>Ctihodn\u00fd<\/strong> <strong>vyznava\u010d Alexandr Sanaksarsk\u00fd<\/strong><\/h2>\n<h3 style=\"text-align: center;\"><strong>pam\u00e1tka 14. \/. 27. srpna v\u00a0den zesnut\u00ed, 5. \/ 18. z\u00e1\u0159\u00ed v\u00a0den vyzdvi\u017een\u00ed jeho svat\u00fdch ostatk\u016f <\/strong><\/h3>\n<h3 style=\"text-align: center;\"><strong>a v den pam\u00e1tky svat\u00fdch nov\u00fdch mu\u010dedn\u00edk\u016f<br \/>\na vyznava\u010d\u016f rusk\u00fdch<\/strong><\/h3>\n<p style=\"text-align: center;\"><a href=\"http:\/\/pravoslavbrno.cz\/wp-content\/uploads\/2018\/09\/unnamed-file.jpg\"><img loading=\"lazy\" decoding=\"async\" class=\"alignnone  wp-image-3328\" src=\"http:\/\/pravoslavbrno.cz\/wp-content\/uploads\/2018\/09\/unnamed-file-300x240.jpg\" alt=\"\" width=\"614\" height=\"491\" srcset=\"https:\/\/pravoslavnebrno.cz\/wp-content\/uploads\/2018\/09\/unnamed-file-300x240.jpg 300w, https:\/\/pravoslavnebrno.cz\/wp-content\/uploads\/2018\/09\/unnamed-file.jpg 625w\" sizes=\"auto, (max-width: 614px) 100vw, 614px\" \/><\/a><\/p>\n<p>&nbsp;<\/p>\n<p>Ctihodn\u00fd vyznava\u010d Alexandr Sanaksarsk\u00fd (<em>sv\u011btsk\u00fdm jm\u00e9nem Georgij Andrejevi\u010d Urodov<\/em>) se narodil 4. dubna roku 1882 ve vesnici Neve\u017ekino, v \u010cembarsk\u00e9m \u00fajezdu Penzensk\u00e9 gubernie, v\u00a0rodin\u011b zem\u011bd\u011blce.<\/p>\n<p>U\u017e jako mlad\u00fd se stal poslu\u0161n\u00edkem v\u00a0Sanaksarsk\u00e9m monast\u00fdru\u00b9 a 30. srpna 1911 zde byl post\u0159i\u017een na mnicha se jm\u00e9nem Alexandr, na pam\u00e1tku blahov\u011brn\u00e9ho kn\u00ed\u017eete Alexandra N\u011bvsk\u00e9ho. Zanedlouho byl rukopolo\u017een i na jeromonacha.<\/p>\n<p>Kdy\u017e mu bylo t\u0159icet let, stal se ekonomem monast\u00fdru. V\u00a0kv\u011btnu 1915 zesnul p\u0159edstaven\u00fd monast\u00fdru archimandrita Augustin a brat\u0159i na spole\u010dn\u00e9m shrom\u00e1\u017ed\u011bn\u00ed vybrali v\u00a0tajn\u00e9m hlasov\u00e1n\u00ed za sv\u00e9ho p\u0159edstaven\u00e9ho pr\u00e1v\u011b Alexandra. Brzy na to mu sv\u011btitel Kirill (Smirnov)\u00b2, budouc\u00ed nov\u00fd mu\u010dedn\u00edk, ud\u011blil hodnost igumena. V\u00a0tom okam\u017eiku mu bylo 33 let. <!--more--><\/p>\n<p>Jako p\u0159edstaven\u00fd Sanaksarsk\u00e9ho monast\u00fdru v\u0161ak nep\u016fsobil dlouho. Ze v\u0161ech sv\u00fdch sil se sna\u017eil navr\u00e1tit monast\u00fdr k\u00a0p\u0159\u00edsn\u00e9mu mni\u0161sk\u00e9mu typikonu, podle kter\u00e9ho monast\u00fdr \u017eil p\u0159i ctihodn\u00e9m Theodorovi Sanaksarsk\u00e9m\u00b3. Ne v\u0161em se v\u0161ak tento zp\u016fsob veden\u00ed monast\u00fdru l\u00edbil, jeliko\u017e duch t\u00e9 doby, kter\u00fd byl pln\u00fd bezbo\u017enosti, anarchie a revoluce, pronikl i za monast\u00fdrsk\u00e9 st\u011bny. Duchovn\u00ed k\u0159e\u010d, kter\u00e1 zas\u00e1hla celou Rus, neminula ani tento monast\u00fdr. \u010c\u00e1st brat\u0159\u00ed za\u010dala ps\u00e1t dopisy k\u00a0archijereji a sv\u011btsk\u00e9 moci, a a\u010dkoli se obvin\u011bn\u00ed proti otci Alexandrovi nepotvrdila, igumena Alexandra nakonec sesadili a zbavili jeho hodnosti p\u0159edstaven\u00e9ho. Z\u00e1konn\u011b zvolen\u00e9ho p\u0159edstaven\u00e9ho igumena dr\u017eeli o samot\u011b zam\u010den\u00e9ho v\u00a0jeho kelii.<\/p>\n<p style=\"text-align: center;\"><a href=\"http:\/\/pravoslavbrno.cz\/wp-content\/uploads\/2018\/09\/urodov1.jpg\"><img loading=\"lazy\" decoding=\"async\" class=\"alignnone  wp-image-3333\" src=\"http:\/\/pravoslavbrno.cz\/wp-content\/uploads\/2018\/09\/urodov1-184x300.jpg\" alt=\"\" width=\"398\" height=\"649\" srcset=\"https:\/\/pravoslavnebrno.cz\/wp-content\/uploads\/2018\/09\/urodov1-184x300.jpg 184w, https:\/\/pravoslavnebrno.cz\/wp-content\/uploads\/2018\/09\/urodov1.jpg 306w\" sizes=\"auto, (max-width: 398px) 100vw, 398px\" \/><\/a><\/p>\n<p>Kdy\u017e vytrp\u011bl pron\u00e1sledov\u00e1n\u00ed od l\u017eiv\u00fdch brat\u0159\u00ed v\u00a0monast\u00fdru, p\u0159e\u0161el igumen Alexandr potom do Kaza\u0148sk\u00e9 eparchie, kde ho jeho duchovn\u00ed r\u00e1dce a u\u010ditel vladyka Kirill (Smirnov), v\u00a0t\u00e9 dob\u011b u\u017e metropolita Kaza\u0148sk\u00fd, ur\u010dil za p\u0159edstaven\u00e9ho Sedmijezersk\u00e9 poustevny P\u0159esvat\u00e9 Bohorodice\u2074, kde z\u00edskal hodnost archimandrity.<\/p>\n<p>V\u00a0dob\u011b, kdy za\u010dalo svoji aktivitu tzv. <em>Obnovleneck\u00e9 hnut\u00ed<\/em>\u2075, archimandrita Alexandr aktivn\u011b proti tomuto protic\u00edrkevn\u00edmu n\u00e1tlaku vystupoval. Byl tak\u00e9 proti tomu, aby se brali (kradli) z\u00a0chr\u00e1m\u016f c\u00edrkevn\u00ed cennosti, tak jak to bylo dovoleno a uskute\u010d\u0148ov\u00e1no tehdej\u0161\u00ed bol\u0161evickou vl\u00e1dou a moc\u00ed. Otev\u0159en\u011b odm\u00edtl platit dan\u011b za to, \u017ee vyu\u017e\u00edv\u00e1 m\u00edstnosti pod chr\u00e1mem, a \u0159\u00edkal, \u017ee \u017e\u00e1dn\u00e1 vl\u00e1da ani moc nem\u00e1 pr\u00e1vo br\u00e1t pen\u00edze za monast\u00fdrsk\u00e9 nemovitosti, kter\u00e9 pat\u0159\u00ed monast\u00fdru. Na\u0161li se v\u0161ak fale\u0161n\u00ed sv\u011bdci, a to jak z\u00a0duchovenstva, tak i z \u0159ad\u00a0laik\u016f, \u010deho\u017e v\u00fdsledkem bylo, \u017ee otec Alexandr byl roku 1928 uv\u011bzn\u011bn. Byl obvin\u011bn z\u00a0antisov\u011btsk\u00e9 propagandy a agitace. Svoji vinu nep\u0159iznal. Byl uv\u011bzn\u011bn a um\u00edstn\u011bn do tzv. Soloveck\u00e9ho t\u00e1bora zvl\u00e1\u0161tn\u00edho ur\u010den\u00ed\u2076, na t\u0159i roky. Kdy\u017e se mu kon\u010dila doba v\u011bzen\u00ed, byl vys\u00eddlen na Ural. V\u00a0roce 1938 pak mohl odcestovat do Kirovsk\u00e9 oblasti, kde slou\u017eil jako p\u0159edstaven\u00fd chr\u00e1mu ve vesnici Sobolevka. V\u00a0tomto chr\u00e1mu slou\u017eil 26 let. Kdy\u017e i tento chr\u00e1m byl bol\u0161eviky nakonec uzav\u0159en, z\u016fstal \u017e\u00edt v\u00a0dom\u011b u chr\u00e1mu a za\u010dal pracovat jako d\u0159evorubec v\u00a0tzv. Lespromchozu (Lesn\u00ed pr\u016fmyslov\u00e9 dru\u017estvo). Nad\u00e1le v\u0161ak tajn\u011b slou\u017eil jako kn\u011bz u sebe doma. Za duchovn\u00ed pomoc\u00ed se na n\u011bj obraceli nejen obyvatel\u00e9 vesnice, ale i lid\u00e9 z\u00a0cel\u00e9ho okol\u00ed, m\u011bli jej v\u00a0\u00fact\u011b jako duchovn\u00e9ho starce, kter\u00fd je proz\u00edrav\u00fd a um\u00ed pomoci v\u00a0jejich nouzi.<\/p>\n<p style=\"text-align: center;\"><a href=\"http:\/\/pravoslavbrno.cz\/wp-content\/uploads\/2018\/09\/20130826_1441439939.jpg\"><img loading=\"lazy\" decoding=\"async\" class=\"alignnone  wp-image-3330\" src=\"http:\/\/pravoslavbrno.cz\/wp-content\/uploads\/2018\/09\/20130826_1441439939-251x300.jpg\" alt=\"\" width=\"495\" height=\"592\" srcset=\"https:\/\/pravoslavnebrno.cz\/wp-content\/uploads\/2018\/09\/20130826_1441439939-251x300.jpg 251w, https:\/\/pravoslavnebrno.cz\/wp-content\/uploads\/2018\/09\/20130826_1441439939-768x918.jpg 768w, https:\/\/pravoslavnebrno.cz\/wp-content\/uploads\/2018\/09\/20130826_1441439939-700x837.jpg 700w, https:\/\/pravoslavnebrno.cz\/wp-content\/uploads\/2018\/09\/20130826_1441439939-800x956.jpg 800w, https:\/\/pravoslavnebrno.cz\/wp-content\/uploads\/2018\/09\/20130826_1441439939.jpg 1000w\" sizes=\"auto, (max-width: 495px) 100vw, 495px\" \/><\/a><\/p>\n<p>Po dlouhou dobu byl ve skupin\u011b tzv. nevzpom\u00ednaj\u00edc\u00edch\u2077. Roku 1955 archimandrita Alexandr p\u0159ijal volbu Patriarcha Alexije I. (Simansk\u00e9ho) a sjednotil se s\u00a0Ruskou patriar\u0161\u00ed c\u00edrkv\u00ed, jak o tom s\u00e1m napsal ve sv\u00e9m posl\u00e1n\u00ed p\u0159edstaven\u00e9mu Kirovsk\u00e9 eparchie, arcibiskupovi Venjaminovi (Tichonick\u00e9mu), spolu s\u00a0prosbou o mni\u0161sk\u00fd poh\u0159eb po sv\u00e9m zesnut\u00ed. Archimandrita Alexandr pak zesnul v\u00a0den sv\u00e1tku Vyn\u00e1\u0161en\u00ed uct\u00edvan\u00fdch d\u0159ev \u017eivotod\u00e1rn\u00e9ho K\u0159\u00ed\u017ee P\u00e1na (1.\/14. srpna) roku 1961. Byl poh\u0159ben p\u0159i shrom\u00e1\u017ed\u011bn\u00ed velk\u00e9ho po\u010dtu v\u011b\u0159\u00edc\u00edch a m\u00edsto jeho poh\u0159ben\u00ed se stalo m\u00edstem, kam od t\u00e9 doby v\u011b\u0159\u00edc\u00ed chodili pro duchovn\u00ed \u00fat\u011bchu. Zachovalo se mnoho sv\u011bdectv\u00ed o pomoci starce Alexandra r\u016fzn\u00fdm v\u011b\u0159\u00edc\u00edm jak za jeho \u017eivota, tak po jeho zesnut\u00ed.<\/p>\n<p>Roku 2001 byly svat\u00e9 ostatky starce Alexandra vyzdvi\u017eeny ze zem\u011b a nyn\u00ed se nach\u00e1zej\u00ed v\u00a0Sanaksarsk\u00e9m monast\u00fdru. Po p\u0159enesen\u00ed jeho svat\u00fdch ostatk\u016f do monast\u00fdru byl otec archimandrita p\u0159ipo\u010dten k z\u00e1stupu svat\u00fdch jako <em>ctihodn\u00fd vyznava\u010d<\/em> a byl zahrnut do Sboru svat\u00fdch nov\u00fdch mu\u010dedn\u00edk\u016f a vyznava\u010d\u016f rusk\u00fdch 20. stolet\u00ed.<\/p>\n<p style=\"text-align: right;\">p\u0159ipravil <strong>o. Marek Mal\u00edk<\/strong><\/p>\n<p><strong>Pozn\u00e1mky pod \u010dasou:<\/strong><\/p>\n<p><strong>\u00b9 Sanaksarsk\u00fd monast\u00fdr v\u00a0\u010dest pam\u00e1tky Narozen\u00ed P\u0159esvat\u00e9 Bohorodice <\/strong><\/p>\n<p>Zalo\u017een roku 1659, na lev\u00e9m b\u0159ehu \u0159eky Mok\u0161i, v\u00a0bl\u00edzkosti m\u011bsta Temnikova. M\u00edsto pro monast\u00fdr v\u011bnoval dvo\u0159an Luka Evsjukov a pozval do n\u011bj ze Staro-kadomsk\u00e9ho monast\u00fdru jeho prvn\u00edho zakladatele a p\u0159edstaven\u00e9ho ctih. Theodora (U\u0161akova).<strong>\u00a0<\/strong><\/p>\n<p><strong>\u00b2 Svt. Kirill (Smirnov), metropolita Kaza\u0148sk\u00fd a Svija\u017esk\u00fd, nov\u00fd mu\u010dedn\u00edk<\/strong><\/p>\n<p>Zast\u0159elen 20. listopadu 1937, spolu s\u00a0metropolitou svt. Josifem (Petrovychem) a biskupem svt. Evgenijem (Korbanovym). Pam\u00e1tka 7. \/ 20. listopadu.<\/p>\n<p><strong>\u00b3 Ctihodn\u00fd Theodor (U\u0161akov) Sanaksarsk\u00fd<\/strong><\/p>\n<p>Jeho pam\u00e1tka se slav\u00ed 19. \u00fanora \/ 4. b\u0159ezna v\u00a0den zesnut\u00ed a 21. dubna\/ 4. kv\u011btna v\u00a0den vyzdvi\u017een\u00ed svat\u00fdch ostatk\u016f. Poch\u00e1zel z\u00a0dvo\u0159ansk\u00e9ho rodu. Mni\u0161stv\u00ed p\u0159ijal v\u00a0Alexandro-n\u011bvsk\u00e9 l\u00e1v\u0159e roku 1748, jeho mni\u0161sk\u00e9ho post\u0159ihu byla p\u0159\u00edtomna carevna Jelizaveta Petrovna (vl\u00e1dla 1741 \u2013 1762); post\u0159ih vykonal p\u0159edstaven\u00fd l\u00e1vry arcibiskup Theodosij (Jankovskij), Petrohradsk\u00fd a \u0160lisselburgsk\u00fd. Roku 1757 po vlastn\u00ed prosb\u011b ode\u0161el do S\u00e1rovsk\u00e9 poustevny, v\u00a0roce 1764 byl ustanoven p\u0159edstaven\u00fdm Sanaksarsk\u00e9ho monast\u00fdru. Zesnul roku 1791 a v\u00a0roce 2004 byl p\u0159ipo\u010dten k z\u00e1stupu svat\u00fdch.<strong>\u00a0<\/strong><\/p>\n<p style=\"text-align: center;\"><a href=\"http:\/\/pravoslavbrno.cz\/wp-content\/uploads\/2018\/09\/s55.jpg\"><img loading=\"lazy\" decoding=\"async\" class=\"alignnone  wp-image-3332\" src=\"http:\/\/pravoslavbrno.cz\/wp-content\/uploads\/2018\/09\/s55-253x300.jpg\" alt=\"\" width=\"520\" height=\"617\" srcset=\"https:\/\/pravoslavnebrno.cz\/wp-content\/uploads\/2018\/09\/s55-253x300.jpg 253w, https:\/\/pravoslavnebrno.cz\/wp-content\/uploads\/2018\/09\/s55-768x912.jpg 768w, https:\/\/pravoslavnebrno.cz\/wp-content\/uploads\/2018\/09\/s55-700x832.jpg 700w, https:\/\/pravoslavnebrno.cz\/wp-content\/uploads\/2018\/09\/s55-800x950.jpg 800w, https:\/\/pravoslavnebrno.cz\/wp-content\/uploads\/2018\/09\/s55.jpg 862w\" sizes=\"auto, (max-width: 520px) 100vw, 520px\" \/><\/a><\/p>\n<p><strong>\u2074<\/strong><strong> Sedmijezersk\u00e1 poustevna P\u0159esvat\u00e9 Bohorodice<\/strong><\/p>\n<p>Mu\u017esk\u00fd pravoslavn\u00fd monast\u00fdr v\u00a0Kaza\u0148sk\u00e9 eparchii severn\u011b od Kazan\u011b, v\u00a0republice Tatarst\u00e1n. Zalo\u017eena roku 1613 mnichem Evfimiem, kter\u00fd se sem p\u0159est\u011bhoval z\u00a0Velik\u00e9ho Us\u0165jugu a p\u0159inesl si s sebou ikonu Matky Bo\u017e\u00ed, kter\u00e1 pozd\u011bji z\u00edskala pojmenov\u00e1n\u00ed <em>Sedmijezersk\u00e1 <\/em>a kter\u00e1 roku 1654 zachr\u00e1nila m\u00edstn\u00ed obyvatelstvo od morov\u00e9 n\u00e1kazy. Na pam\u00e1tku t\u00e9to ud\u00e1losti byla zalo\u017eena tradice ka\u017edoro\u010dn\u00ed pouti, kter\u00e1 se kon\u00e1 25 \u010dervna \/8. \u010dervence ze Sedmijezersk\u00e9 poustevny do Kazan\u011b. Roku 1928 byla poustevna uzav\u0159ena a zni\u010dena, m\u00edsto poustevny bylo vyu\u017e\u00edv\u00e1no zem\u011bd\u011blsk\u00fdm dru\u017estvem. V\u00a0roce 1996 bylo to, co z\u00a0poustevny z\u016fstalo (mal\u00fd chr\u00e1m sv. Evfimije Velik\u00e9ho a svt. Tichona Zadonsk\u00e9ho) navr\u00e1ceno C\u00edrkvi. V\u00a0monast\u00fdru se dnes nach\u00e1z\u00ed kopie ikony Matky Bo\u017e\u00ed Sedmijezersk\u00e9 (origin\u00e1l se nach\u00e1z\u00ed v\u00a0Petro-pavlovsk\u00e9 katedr\u00e1le v\u00a0Kazani) a ostatky ctih. Gabriela (Zyrjanova) Sedmijezersk\u00e9ho.<\/p>\n<p><strong>\u00a0<\/strong><strong>\u2075<\/strong> <strong>Obnovlenci, obnovlenectv\u00ed<\/strong><\/p>\n<p>Tzv. Obnovleneck\u00fd rozkol; jednalo se o hnut\u00ed, kter\u00e9 vzniklo v Rusk\u00e9 pravoslavn\u00e9 c\u00edrkvi po tzv. \u0158\u00edjnov\u00e9 revoluci roku 1917. Za sv\u016fj c\u00edl si ustanovilo \u201eobnovu a reformu c\u00edrkve\u201c, a to \u201enov\u00fdm demokratick\u00fdm \u0159\u00edzen\u00edm\u201c a \u201emodernizac\u00ed bohoslu\u017eeb\u201c. Postavilo se proti tehdej\u0161\u00edmu veden\u00ed C\u00edrkve, proti svt. patriarchu Tichonovi, p\u0159i\u010dem\u017e byla ozn\u00e1mena pln\u00e1 podpora tehdej\u0161\u00edmu nov\u00e9mu re\u017eimu. P\u0159es v\u0161echny sv\u00e9 snahy se hnut\u00ed kolem roku 1946 rozpadlo.<\/p>\n<p><strong>\u00a0<\/strong><strong>\u2076<\/strong><strong> Soloveck\u00fd t\u00e1bor zvl\u00e1\u0161tn\u00edho ur\u010den\u00ed<\/strong><\/p>\n<p>Za sov\u011btsk\u00e9ho Ruska v roce 1920 byl tento t\u00e1bor zalo\u017een na Soloveck\u00fdch ostrovech (Solovky &#8211; skupina ostrov\u016f v B\u00edl\u00e9m mo\u0159i. Ostrovy le\u017e\u00ed v Archangelsk\u00e9 oblasti Ruska.) Byl to jeden z nejv\u011bt\u0161\u00edch n\u00e1pravn\u011b pracovn\u00edch t\u00e1bor\u016f \u2013 tzv. Gulag\u016f.<\/p>\n<p><strong>\u00a0<\/strong><strong>\u2077<\/strong><strong> \u201eNevzpom\u00ednaj\u00edc\u00ed\u201c<\/strong><\/p>\n<p>Takto byli neofici\u00e1ln\u011b naz\u00fdv\u00e1ni ti duchovn\u00ed a v\u011b\u0159\u00edc\u00ed, kte\u0159\u00ed, kdy\u017e byla roku 1927 vyd\u00e1na tzv. <em>Deklarace<\/em> metropolity Sergije, p\u0159estali p\u0159i bohoslu\u017eb\u00e1ch vzpom\u00ednat metropolitu Sergije (Stragorodsk\u00e9ho). Tzv. Deklarace metropolity Sergije z roku 1927 \u2013 p\u0159esn\u011bji Prohl\u00e1\u0161en\u00ed (Poselstv\u00ed) Z\u00e1stupce Patriar\u0161\u00edho Zastupitele, metropolity ni\u017eegorodsk\u00e9ho Sergije a p\u0159i n\u011bm do\u010dasn\u00e9ho Patriar\u0161\u00edho Posv\u00e1tn\u00e9ho Synodu, o vztahu Pravoslavn\u00e9 rusk\u00e9 c\u00edrkve k existuj\u00edc\u00ed ob\u010dansk\u00e9 vl\u00e1d\u011b. Tato deklarace se stala ranou pro Ruskou c\u00edrkev, byla to deklarace o loaj\u00e1lnosti k sov\u011btsk\u00e9 vl\u00e1d\u011b. V n\u00ed se Rusk\u00e1 c\u00edrkev zav\u00e1zala k bezpodm\u00edne\u010dn\u00e9 podpo\u0159e komunistick\u00e9ho re\u017eimu. Velk\u00e9 mno\u017estv\u00ed c\u00edrkevn\u00edch hierarch\u016f, duchovn\u00edch a laik\u016f s n\u00ed v\u0161ak vyj\u00e1d\u0159ilo ostr\u00fd nesouhlas.<strong>\u00a0<\/strong><\/p>\n<p><strong>Podle:<\/strong><\/p>\n<p><a href=\"https:\/\/drevo-info.ru\/articles\/23424.html\">https:\/\/drevo-info.ru\/articles\/23424.html<\/a><\/p>\n<p><a href=\"http:\/\/co6op.narod.ru\/kiril\/htm\/k19.html\">http:\/\/co6op.narod.ru\/kiril\/htm\/k19.html<\/a><\/p>\n","protected":false},"excerpt":{"rendered":"<p>Ctihodn\u00fd vyznava\u010d Alexandr Sanaksarsk\u00fd pam\u00e1tka 14. \/. 27. srpna v\u00a0den zesnut\u00ed, 5. \/ 18. z\u00e1\u0159\u00ed v\u00a0den vyzdvi\u017een\u00ed jeho svat\u00fdch ostatk\u016f a v den pam\u00e1tky svat\u00fdch nov\u00fdch mu\u010dedn\u00edk\u016f a vyznava\u010d\u016f rusk\u00fdch &nbsp; Ctihodn\u00fd vyznava\u010d Alexandr Sanaksarsk\u00fd (sv\u011btsk\u00fdm jm\u00e9nem Georgij Andrejevi\u010d Urodov) se narodil 4. dubna roku 1882 ve vesnici Neve\u017ekino, v \u010cembarsk\u00e9m \u00fajezdu Penzensk\u00e9 gubernie, v\u00a0rodin\u011b&#8230;<\/p>\n","protected":false},"author":3,"featured_media":0,"comment_status":"open","ping_status":"open","sticky":false,"template":"","format":"standard","meta":{"jetpack_post_was_ever_published":false,"_jetpack_newsletter_access":"","_jetpack_dont_email_post_to_subs":false,"_jetpack_newsletter_tier_id":0,"_jetpack_memberships_contains_paywalled_content":false,"_jetpack_memberships_contains_paid_content":false,"footnotes":"","jetpack_publicize_message":"","jetpack_publicize_feature_enabled":true,"jetpack_social_post_already_shared":true,"jetpack_social_options":{"image_generator_settings":{"template":"highway","default_image_id":0,"font":"","enabled":false},"version":2}},"categories":[14,8,17],"tags":[],"class_list":["post-3438","post","type-post","status-publish","format-standard","hentry","category-dejiny-pravoslavi","category-mesicni-pouceni","category-zivoty-svatych"],"jetpack_publicize_connections":[],"jetpack_featured_media_url":"","jetpack_sharing_enabled":true,"jetpack_shortlink":"https:\/\/wp.me\/p9GyX2-Ts","jetpack-related-posts":[],"_links":{"self":[{"href":"https:\/\/pravoslavnebrno.cz\/el\/wp-json\/wp\/v2\/posts\/3438","targetHints":{"allow":["GET"]}}],"collection":[{"href":"https:\/\/pravoslavnebrno.cz\/el\/wp-json\/wp\/v2\/posts"}],"about":[{"href":"https:\/\/pravoslavnebrno.cz\/el\/wp-json\/wp\/v2\/types\/post"}],"author":[{"embeddable":true,"href":"https:\/\/pravoslavnebrno.cz\/el\/wp-json\/wp\/v2\/users\/3"}],"replies":[{"embeddable":true,"href":"https:\/\/pravoslavnebrno.cz\/el\/wp-json\/wp\/v2\/comments?post=3438"}],"version-history":[{"count":1,"href":"https:\/\/pravoslavnebrno.cz\/el\/wp-json\/wp\/v2\/posts\/3438\/revisions"}],"predecessor-version":[{"id":3439,"href":"https:\/\/pravoslavnebrno.cz\/el\/wp-json\/wp\/v2\/posts\/3438\/revisions\/3439"}],"wp:attachment":[{"href":"https:\/\/pravoslavnebrno.cz\/el\/wp-json\/wp\/v2\/media?parent=3438"}],"wp:term":[{"taxonomy":"category","embeddable":true,"href":"https:\/\/pravoslavnebrno.cz\/el\/wp-json\/wp\/v2\/categories?post=3438"},{"taxonomy":"post_tag","embeddable":true,"href":"https:\/\/pravoslavnebrno.cz\/el\/wp-json\/wp\/v2\/tags?post=3438"}],"curies":[{"name":"wp","href":"https:\/\/api.w.org\/{rel}","templated":true}]}}