{"id":3250,"date":"2018-08-20T21:00:55","date_gmt":"2018-08-20T20:00:55","guid":{"rendered":"http:\/\/pravoslavbrno.cz\/?p=3250"},"modified":"2018-08-20T21:35:53","modified_gmt":"2018-08-20T20:35:53","slug":"svatek-promeneni-spolecne-s-otcem-themistoklisem-a-mistnimi-reky-z-brna","status":"publish","type":"post","link":"https:\/\/pravoslavnebrno.cz\/el\/svatek-promeneni-spolecne-s-otcem-themistoklisem-a-mistnimi-reky-z-brna\/","title":{"rendered":"Sv\u00e1tek Prom\u011bn\u011bn\u00ed spole\u010dn\u011b s otcem Themistoklisem a m\u00edstn\u00edmi \u0158eky z Brna"},"content":{"rendered":"<h2 style=\"text-align: center;\"><strong>\u0158eck\u00e1 diaspora a jej\u00ed aktivn\u00ed \u00fa\u010dast p\u0159i oslav\u00e1ch sv\u00e1tku Prom\u011bn\u011bn\u00ed\u00a0v na\u0161\u00ed\u00a0farnosti<\/strong><\/h2>\n<p>V den sv\u00e1tku\u00a0 se v na\u0161em chr\u00e1mu modlili tak\u00e9 mnoz\u00ed \u0159e\u010dt\u00ed v\u011b\u0159\u00edc\u00ed z Brna, kte\u0159\u00ed pravideln\u011b nav\u0161t\u011bvuj\u00ed a \u00fa\u010dastn\u00ed se bohoslu\u017eeb v na\u0161\u00ed farnosti.<\/p>\n<p>Obzvl\u00e1\u0161tn\u00ed radost jsme m\u011bli z nenad\u00e1l\u00e9 n\u00e1v\u0161t\u011bvy otce Themistoklise a jeho m\u00e1tu\u0161ky Marie z \u0159eck\u00e9ho m\u011bsta Naupaktos, kte\u0159\u00ed spolu s n\u00e1mi tak\u00e9\u00a0pro\u017eili tento sv\u011btl\u00fd letn\u00ed sv\u00e1tek.<\/p>\n<p>Po skon\u010den\u00ed liturgie prob\u011bhlo kr\u00e1tk\u00e9 poho\u0161t\u011bn\u00ed s \u0159eck\u00fdmi v\u011b\u0159\u00edc\u00edmi a otcem Themistoklisem v prostor\u00e1ch Svatov\u00e1clavsk\u00e9 hudebn\u00ed \u0161koly na \u00davoze.<\/p>\n<p style=\"text-align: center;\"><a href=\"http:\/\/pravoslavbrno.cz\/wp-content\/uploads\/2018\/08\/IMG-3f27ceac8adc2122a6985cfab8ad0c3d-V.jpg\"><img loading=\"lazy\" decoding=\"async\" class=\"alignnone wp-image-3251\" src=\"http:\/\/pravoslavbrno.cz\/wp-content\/uploads\/2018\/08\/IMG-3f27ceac8adc2122a6985cfab8ad0c3d-V-300x225.jpg\" alt=\"\" width=\"721\" height=\"541\" srcset=\"https:\/\/pravoslavnebrno.cz\/wp-content\/uploads\/2018\/08\/IMG-3f27ceac8adc2122a6985cfab8ad0c3d-V-300x225.jpg 300w, https:\/\/pravoslavnebrno.cz\/wp-content\/uploads\/2018\/08\/IMG-3f27ceac8adc2122a6985cfab8ad0c3d-V-768x576.jpg 768w, https:\/\/pravoslavnebrno.cz\/wp-content\/uploads\/2018\/08\/IMG-3f27ceac8adc2122a6985cfab8ad0c3d-V-700x525.jpg 700w, https:\/\/pravoslavnebrno.cz\/wp-content\/uploads\/2018\/08\/IMG-3f27ceac8adc2122a6985cfab8ad0c3d-V-800x600.jpg 800w, https:\/\/pravoslavnebrno.cz\/wp-content\/uploads\/2018\/08\/IMG-3f27ceac8adc2122a6985cfab8ad0c3d-V-80x60.jpg 80w, https:\/\/pravoslavnebrno.cz\/wp-content\/uploads\/2018\/08\/IMG-3f27ceac8adc2122a6985cfab8ad0c3d-V.jpg 1280w\" sizes=\"auto, (max-width: 721px) 100vw, 721px\" \/><\/a><\/p>\n<p style=\"text-align: center;\"><a href=\"http:\/\/pravoslavbrno.cz\/wp-content\/uploads\/2018\/08\/39775419_1847940215283547_4336251290448297984_n.jpg\"><img loading=\"lazy\" decoding=\"async\" class=\"alignnone wp-image-3252\" src=\"http:\/\/pravoslavbrno.cz\/wp-content\/uploads\/2018\/08\/39775419_1847940215283547_4336251290448297984_n-204x300.jpg\" alt=\"\" width=\"443\" height=\"651\" srcset=\"https:\/\/pravoslavnebrno.cz\/wp-content\/uploads\/2018\/08\/39775419_1847940215283547_4336251290448297984_n-204x300.jpg 204w, https:\/\/pravoslavnebrno.cz\/wp-content\/uploads\/2018\/08\/39775419_1847940215283547_4336251290448297984_n.jpg 654w\" sizes=\"auto, (max-width: 443px) 100vw, 443px\" \/><\/a><\/p>\n","protected":false},"excerpt":{"rendered":"<p>\u0158eck\u00e1 diaspora a jej\u00ed aktivn\u00ed \u00fa\u010dast p\u0159i oslav\u00e1ch sv\u00e1tku Prom\u011bn\u011bn\u00ed\u00a0v na\u0161\u00ed\u00a0farnosti V den sv\u00e1tku\u00a0 se v na\u0161em chr\u00e1mu modlili tak\u00e9 mnoz\u00ed \u0159e\u010dt\u00ed v\u011b\u0159\u00edc\u00ed z Brna, kte\u0159\u00ed pravideln\u011b nav\u0161t\u011bvuj\u00ed a \u00fa\u010dastn\u00ed se bohoslu\u017eeb v na\u0161\u00ed farnosti. Obzvl\u00e1\u0161tn\u00ed radost jsme m\u011bli z nenad\u00e1l\u00e9 n\u00e1v\u0161t\u011bvy otce Themistoklise a jeho m\u00e1tu\u0161ky Marie z \u0159eck\u00e9ho m\u011bsta Naupaktos, kte\u0159\u00ed spolu s&#8230;<\/p>\n","protected":false},"author":3,"featured_media":0,"comment_status":"open","ping_status":"open","sticky":false,"template":"","format":"standard","meta":{"jetpack_post_was_ever_published":false,"_jetpack_newsletter_access":"","_jetpack_dont_email_post_to_subs":false,"_jetpack_newsletter_tier_id":0,"_jetpack_memberships_contains_paywalled_content":false,"_jetpack_memberships_contains_paid_content":false,"footnotes":"","jetpack_publicize_message":"","jetpack_publicize_feature_enabled":true,"jetpack_social_post_already_shared":true,"jetpack_social_options":{"image_generator_settings":{"template":"highway","default_image_id":0,"font":"","enabled":false},"version":2}},"categories":[12],"tags":[],"class_list":["post-3250","post","type-post","status-publish","format-standard","hentry","category-pravoslavi"],"jetpack_publicize_connections":[],"jetpack_featured_media_url":"","jetpack_sharing_enabled":true,"jetpack_shortlink":"https:\/\/wp.me\/p9GyX2-Qq","jetpack-related-posts":[],"_links":{"self":[{"href":"https:\/\/pravoslavnebrno.cz\/el\/wp-json\/wp\/v2\/posts\/3250","targetHints":{"allow":["GET"]}}],"collection":[{"href":"https:\/\/pravoslavnebrno.cz\/el\/wp-json\/wp\/v2\/posts"}],"about":[{"href":"https:\/\/pravoslavnebrno.cz\/el\/wp-json\/wp\/v2\/types\/post"}],"author":[{"embeddable":true,"href":"https:\/\/pravoslavnebrno.cz\/el\/wp-json\/wp\/v2\/users\/3"}],"replies":[{"embeddable":true,"href":"https:\/\/pravoslavnebrno.cz\/el\/wp-json\/wp\/v2\/comments?post=3250"}],"version-history":[{"count":3,"href":"https:\/\/pravoslavnebrno.cz\/el\/wp-json\/wp\/v2\/posts\/3250\/revisions"}],"predecessor-version":[{"id":3255,"href":"https:\/\/pravoslavnebrno.cz\/el\/wp-json\/wp\/v2\/posts\/3250\/revisions\/3255"}],"wp:attachment":[{"href":"https:\/\/pravoslavnebrno.cz\/el\/wp-json\/wp\/v2\/media?parent=3250"}],"wp:term":[{"taxonomy":"category","embeddable":true,"href":"https:\/\/pravoslavnebrno.cz\/el\/wp-json\/wp\/v2\/categories?post=3250"},{"taxonomy":"post_tag","embeddable":true,"href":"https:\/\/pravoslavnebrno.cz\/el\/wp-json\/wp\/v2\/tags?post=3250"}],"curies":[{"name":"wp","href":"https:\/\/api.w.org\/{rel}","templated":true}]}}