{"id":2325,"date":"2019-07-17T12:00:10","date_gmt":"2019-07-17T11:00:10","guid":{"rendered":"http:\/\/pravoslavbrno.cz\/?p=2325"},"modified":"2019-07-17T12:30:47","modified_gmt":"2019-07-17T11:30:47","slug":"k-zadne-zemi-nebyl-osud-tak-kruty-jako-k-rusku-winston-churchill","status":"publish","type":"post","link":"https:\/\/pravoslavnebrno.cz\/el\/k-zadne-zemi-nebyl-osud-tak-kruty-jako-k-rusku-winston-churchill\/","title":{"rendered":"&#8220;K \u017e\u00e1dn\u00e9 zemi nebyl osud tak krut\u00fd jako k Rusku.&#8221; (Winston Churchill)"},"content":{"rendered":"<h2 style=\"text-align: center;\"><strong>Svat\u00ed car\u0161t\u00ed strastot\u011brpci a <\/strong><strong>mu\u010dedn\u00edci:<br \/>\ncar Mikul\u00e1\u0161 II., carevna Alexandra, <\/strong><strong>carevi\u010d Alexej, velkokn\u011b\u017eny Olga, Ta\u0165\u00e1na, Marie a Anast\u00e1zie<\/strong><\/h2>\n<h4 style=\"text-align: center;\">(pam\u00e1tka 4. \/ 17. \u010dervence)<\/h4>\n<p style=\"text-align: right;\"><em>\u00a0<\/em><em>Ka\u017ed\u00fd vlada\u0159 m\u016f\u017ee vl\u00e1dnout,<br \/>\nale jen c\u00edsa\u0159 m\u016f\u017ee zem\u0159\u00edt\u00a0za sv\u016fj n\u00e1rod.<br \/>\n<\/em><em>(Svt. Basil Velik\u00fd)<\/em><\/p>\n<p style=\"text-align: center;\"><a href=\"http:\/\/pravoslavbrno.cz\/wp-content\/uploads\/2019\/07\/\u03b4\u03b4\u03b4\u03b4\u03b4\u03b4\u03b4\u03b4\u03b4.png\"><img loading=\"lazy\" decoding=\"async\" class=\"alignnone  wp-image-5855\" src=\"http:\/\/pravoslavbrno.cz\/wp-content\/uploads\/2019\/07\/\u03b4\u03b4\u03b4\u03b4\u03b4\u03b4\u03b4\u03b4\u03b4.png\" alt=\"\" width=\"622\" height=\"583\" srcset=\"https:\/\/pravoslavnebrno.cz\/wp-content\/uploads\/2019\/07\/\u03b4\u03b4\u03b4\u03b4\u03b4\u03b4\u03b4\u03b4\u03b4.png 332w, https:\/\/pravoslavnebrno.cz\/wp-content\/uploads\/2019\/07\/\u03b4\u03b4\u03b4\u03b4\u03b4\u03b4\u03b4\u03b4\u03b4-300x281.png 300w\" sizes=\"auto, (max-width: 622px) 100vw, 622px\" \/><\/a><\/p>\n<p>&nbsp;<\/p>\n<p>Svat\u00fd car a <em>strastot\u011brpec<\/em><strong>\u00b9<\/strong> <strong>Mikul\u00e1\u0161 <\/strong>(Nikolaj) II. se narodil 6. \/ 19. kv\u011btna roku 1868 v\u00a0Carsk\u00e9m Selu, v\u00a0bl\u00edzkosti Petrohradu. Posledn\u00ed rusk\u00fd car z\u00a0rodu Romanovc\u016f byl nejstar\u0161\u00edm synem cara Alexandra III. a jeho man\u017eelky carevny Marie Fjodorovny. Mikul\u00e1\u0161 se u\u017e od d\u011btstv\u00ed vyzna\u010doval silnou zbo\u017enost\u00ed a staral se o to, aby se v\u00a0ctnostech podobal jak spravedliv\u00e9mu Jobu Mnohostr\u00e1daj\u00edc\u00edmu, v\u00a0den jeho\u017e sv\u00e1tku se narodil, tak i svat\u00e9mu Mikul\u00e1\u0161i Divotvorci, jeho\u017e jm\u00e9no p\u0159ijal ve svat\u00e9 tajin\u011b k\u0159tu. N\u00e1sledn\u00edk tr\u016fnu vyrostl v\u00a0milosrdn\u00e9ho a skromn\u00e9ho \u010dlov\u011bka. Vzd\u011bl\u00e1n\u00ed syna se podle p\u0159\u00e1n\u00ed otce Alexandra III. vedlo p\u0159\u00edsn\u011b v\u00a0rusk\u00e9m pravoslavn\u00e9m duchu. U\u010dili jej, aby byl u\u0161lechtil\u00fd, velkorys\u00fd, sv\u011bdomit\u00fd, aby si pe\u010dliv\u011b plnil sv\u00e9 povinnosti a nedovoloval si stav\u011bt sv\u00e9 z\u00e1jmy nad z\u00e1jmy ostatn\u00edch lid\u00ed. Carevi\u010d Mikul\u00e1\u0161 v\u011bnoval mnoho \u010dasu knih\u00e1m, m\u011bl dobrou pam\u011b\u0165 a byl nadan\u00fdm \u017e\u00e1kem; krom\u011b rusk\u00e9ho jazyka ovl\u00e1dal je\u0161t\u011b \u010dty\u0159i dal\u0161\u00ed: anglick\u00fd, francouzsk\u00fd, n\u011bmeck\u00fd a d\u00e1nsk\u00fd.<!--more--><\/p>\n<p style=\"text-align: center;\"><a href=\"http:\/\/pravoslavbrno.cz\/wp-content\/uploads\/2018\/06\/2653d9d6499e054df0d68eef32023eb8.jpg\"><img loading=\"lazy\" decoding=\"async\" class=\"alignnone wp-image-2309\" src=\"http:\/\/pravoslavbrno.cz\/wp-content\/uploads\/2018\/06\/2653d9d6499e054df0d68eef32023eb8-300x300.jpg\" alt=\"\" width=\"547\" height=\"547\" srcset=\"https:\/\/pravoslavnebrno.cz\/wp-content\/uploads\/2018\/06\/2653d9d6499e054df0d68eef32023eb8-300x300.jpg 300w, https:\/\/pravoslavnebrno.cz\/wp-content\/uploads\/2018\/06\/2653d9d6499e054df0d68eef32023eb8-150x150.jpg 150w, https:\/\/pravoslavnebrno.cz\/wp-content\/uploads\/2018\/06\/2653d9d6499e054df0d68eef32023eb8-768x770.jpg 768w, https:\/\/pravoslavnebrno.cz\/wp-content\/uploads\/2018\/06\/2653d9d6499e054df0d68eef32023eb8-700x701.jpg 700w, https:\/\/pravoslavnebrno.cz\/wp-content\/uploads\/2018\/06\/2653d9d6499e054df0d68eef32023eb8-800x802.jpg 800w, https:\/\/pravoslavnebrno.cz\/wp-content\/uploads\/2018\/06\/2653d9d6499e054df0d68eef32023eb8.jpg 1020w\" sizes=\"auto, (max-width: 547px) 100vw, 547px\" \/><\/a><\/p>\n<p>Carevna Alexandra, do p\u0159ijet\u00ed pravoslav\u00ed Alix, se narodila v\u00a0rodin\u011b hesensk\u00e9ho v\u00e9vody Ludv\u00edka IV. a jeho man\u017eelky, druh\u00e9 nejstar\u0161\u00ed dcery britsk\u00e9 kr\u00e1lovny Viktorie, Alice. Jako d\u00edt\u011b byla vychov\u00e1v\u00e1na v\u00a0tradic\u00edch star\u00e9 Anglie a na jej\u00ed v\u00fdchovu p\u0159\u00edsn\u011b dohl\u00ed\u017eela jej\u00ed matka. D\u011btsk\u00e9 oble\u010den\u00ed i j\u00eddlo byly ta nejprost\u0161\u00ed. Star\u0161\u00ed dcery hesensk\u00e9ho v\u00e9vody konaly dom\u00e1c\u00ed pr\u00e1ce: samy si stlaly postele, ukl\u00edzely pokoje a topily v\u00a0kamnech. Matka se je sna\u017eila vychov\u00e1vat na pevn\u00fdch z\u00e1kladech k\u0159es\u0165ansk\u00fdch p\u0159ik\u00e1z\u00e1n\u00ed, vkl\u00e1dat do jejich srdc\u00ed l\u00e1sku k\u00a0bli\u017en\u00edm, p\u0159edev\u0161\u00edm pak ke str\u00e1daj\u00edc\u00edm. D\u011bti neust\u00e1le jezdily spolu s\u00a0matkou do nemocnic, sirot\u010dinc\u016f a domov\u016f pro invalidy.<\/p>\n<p>20. \u0159\u00edjna roku 1894 zem\u0159el tehdy vl\u00e1dnouc\u00ed car Alexandr III. a jeho nejstar\u0161\u00ed syn\u00a0Mikul\u00e1\u0161 zaujal jeho m\u00edsto. T\u00fdden po poh\u0159bu se uskute\u010dnila svatba Mikul\u00e1\u0161e a princezny Hesensk\u00e9 Alix, kter\u00e1 p\u0159ijala svat\u00e9 pravoslav\u00ed a nov\u00e9 jm\u00e9no Alexandra Fjodorovna. Tyto \u017eivotn\u00ed zm\u011bny pro ni nebyly \u017e\u00e1dnou form\u00e1lnost\u00ed. Pravoslav\u00ed skute\u010dn\u011b pova\u017eovala za pravou v\u00edru a z\u016fstala mu oddan\u00e1 a\u017e do konce, stejn\u011b jako jej\u00ed sestra velkokn\u011b\u017ena Jelizaveta<strong>\u00b2<\/strong>. 14. kv\u011btna roku 1896 se v\u00a0Moskv\u011b uskute\u010dnila slavnostn\u00ed korunovace, kter\u00e1 byla poznamen\u00e1na tragick\u00fdmi ud\u00e1lostmi na Chodynsk\u00e9m poli<strong>\u00b3<\/strong>.<\/p>\n<p>Man\u017eelsk\u00fd svazek cara a carevny byl po\u017eehn\u00e1n narozen\u00edm \u010dty\u0159 dcer: Olgy, Ta\u0165\u00e1ny, Marie a Anast\u00e1zie, a pozd\u011bji tak\u00e9 vytou\u017een\u00e9ho syna \u2013 carevi\u010de Alexeje. Nevyl\u00e9\u010diteln\u00e1 d\u011bdi\u010dn\u00e1 nemoc \u2013 hemofilie, kter\u00e1 se u carevi\u010de Alexeje projevila brzy po narozen\u00ed, v\u0161ak neust\u00e1le ohro\u017eovala jeho \u017eivot.<\/p>\n<p style=\"text-align: center;\"><a href=\"http:\/\/pravoslavbrno.cz\/wp-content\/uploads\/2018\/06\/2098499_original.jpg\"><img loading=\"lazy\" decoding=\"async\" class=\"alignnone wp-image-2310\" src=\"http:\/\/pravoslavbrno.cz\/wp-content\/uploads\/2018\/06\/2098499_original-300x164.jpg\" alt=\"\" width=\"670\" height=\"366\" srcset=\"https:\/\/pravoslavnebrno.cz\/wp-content\/uploads\/2018\/06\/2098499_original-300x164.jpg 300w, https:\/\/pravoslavnebrno.cz\/wp-content\/uploads\/2018\/06\/2098499_original-768x419.jpg 768w, https:\/\/pravoslavnebrno.cz\/wp-content\/uploads\/2018\/06\/2098499_original-700x382.jpg 700w, https:\/\/pravoslavnebrno.cz\/wp-content\/uploads\/2018\/06\/2098499_original-800x437.jpg 800w, https:\/\/pravoslavnebrno.cz\/wp-content\/uploads\/2018\/06\/2098499_original.jpg 1200w\" sizes=\"auto, (max-width: 670px) 100vw, 670px\" \/><\/a><\/p>\n<p style=\"text-align: center;\"><em>Obraz mal\u00ed\u0159e Pavla Ry\u017eenka<\/em><\/p>\n<p>Car a carevna spolu vychov\u00e1vali d\u011bti v\u00a0oddanosti sv\u00e9mu n\u00e1rodu a pe\u010dliv\u011b je p\u0159ipravovali, t\u0159eba\u017ee nev\u011bdom\u011b, k\u00a0jejich budouc\u00edmu d\u00edlu a hrdinsk\u00e9mu \u010dinu mu\u010dednictv\u00ed. Carsk\u00fd p\u00e1r za\u0161titoval pravoslavnou C\u00edrkev jak na Rusi, tak ve sv\u011bt\u011b: za dobu vl\u00e1dy Mikul\u00e1\u0161e II. byly vystav\u011bny stovky monast\u00fdr\u016f a tis\u00edce chr\u00e1m\u016f. Jako vl\u00e1dce se car staral tak\u00e9 o duchovn\u00ed vzd\u011bl\u00e1v\u00e1n\u00ed n\u00e1roda: po cel\u00e9 zemi byly zakl\u00e1d\u00e1ny des\u00edtky tis\u00edc \u0161kol p\u0159i c\u00edrkevn\u00edch obc\u00edch.<\/p>\n<p>V\u00a0dob\u011b jeho vl\u00e1dy Rusk\u00e1 pravoslavn\u00e1 c\u00edrkev kanonizovala a pravoslavn\u00fd sv\u011bt obohatila velk\u00fdm z\u00e1stupem svat\u00fdch, v\u00edce ne\u017eli za cel\u00e9 19. stol. Mezi prvn\u00edmi p\u0159i\u010dten\u00fdmi k z\u00e1stupu svat\u00fdch byl roku 1896 svato\u0159e\u010den svt. Feodosij \u010cernigovsk\u00fd, roku 1897 svt. mu\u010d. Isidor Presbyter a s n\u00edm 72 mu\u010dedn\u00edk\u016f v\u00a0Jurev\u011b (<em>v Estonsku, umu\u010den\u00ed latin\u00edky roku 1472<\/em>). D\u00e1le, v\u00a0roce 1903, byl svato\u0159e\u010den ctih. Serafim Sarovsk\u00fd, p\u0159i\u010dem\u017e svato\u0159e\u010den\u00ed tohoto sv\u011btce se osobn\u011b s\u00a0rodinou \u00fa\u010dastnil tak\u00e9 rusk\u00fd car Mikul\u00e1\u0161. Nen\u00ed nezn\u00e1mo, \u017ee samo svato\u0159e\u010den\u00ed sv. Serafima, kter\u00e9 za\u010dalo u\u017e na konci 19. stol., se dlouho t\u00e1hlo, a teprve a\u017e na p\u0159\u00edm\u00fd osobn\u00ed z\u00e1sah cara se za\u010dalo kone\u010dn\u011b uskute\u010d\u0148ovat. Nakonec se tak\u00e9 p\u0159i t\u00e9to kanonizaci naplnilo i proroctv\u00ed sv. Serafima: <em>Cara, kter\u00fd mne proslav\u00ed, B\u016fh proslav\u00ed\u2026<\/em> Roku 1909 byla op\u011btovn\u011b proslavena sv. blahov\u011brn\u00e1 kn\u011b\u017ena Anna Ka\u0161insk\u00e1, roku 1911 byl svato\u0159e\u010den svt. Joasaf Belgorodsk\u00fd, roku 1913 svt. mu\u010d. Hermogen, patriarcha moskevsk\u00fd, roku 1914 svt. Pitirim Tambovsk\u00fd a roku 1916 svt. Jan Tobolsk\u00fd. U v\u0161ech t\u011bchto svato\u0159e\u010den\u00ed sehr\u00e1la v\u00fdznamnou roli osobnost cara Mikul\u00e1\u0161e jako v\u011b\u0159\u00edc\u00edho \u010dlov\u011bka, jeho\u017e zbo\u017enost napom\u00e1hala k\u00a0realizaci v\u0161ech v\u011bc\u00ed a\u017e do zd\u00e1rn\u00e9ho konce.<\/p>\n<p>V\u00a0\u010dase vl\u00e1dy Mikul\u00e1\u0161e II. zauj\u00edmala Rus postupn\u011b ve sv\u011bt\u011b st\u00e1le v\u00fdznamn\u011bj\u0161\u00ed pozici, zejm\u00e9na\u00a0podle ekonomick\u00fdch ukazatel\u016f, kdy tak\u00e9 po\u010det\u00a0obyvatelstva vzrostl a\u017e na pades\u00e1t mili\u00f3n\u016f obyvatel. Car se sna\u017eil starat o vzd\u011bl\u00e1v\u00e1n\u00ed n\u00e1roda, byly provedeny mnoh\u00e9 ekonomick\u00e9, soci\u00e1ln\u00ed a zem\u011bd\u011blsk\u00e9 reformy.<\/p>\n<p style=\"text-align: center;\"><a href=\"http:\/\/pravoslavbrno.cz\/wp-content\/uploads\/2018\/06\/2099030_original.jpg\"><img loading=\"lazy\" decoding=\"async\" class=\"alignnone wp-image-2311\" src=\"http:\/\/pravoslavbrno.cz\/wp-content\/uploads\/2018\/06\/2099030_original-300x181.jpg\" alt=\"\" width=\"653\" height=\"394\" srcset=\"https:\/\/pravoslavnebrno.cz\/wp-content\/uploads\/2018\/06\/2099030_original-300x181.jpg 300w, https:\/\/pravoslavnebrno.cz\/wp-content\/uploads\/2018\/06\/2099030_original-768x464.jpg 768w, https:\/\/pravoslavnebrno.cz\/wp-content\/uploads\/2018\/06\/2099030_original-700x423.jpg 700w, https:\/\/pravoslavnebrno.cz\/wp-content\/uploads\/2018\/06\/2099030_original-800x483.jpg 800w, https:\/\/pravoslavnebrno.cz\/wp-content\/uploads\/2018\/06\/2099030_original.jpg 1200w\" sizes=\"auto, (max-width: 653px) 100vw, 653px\" \/><\/a><\/p>\n<p style=\"text-align: center;\"><em>Obraz mal\u00ed\u0159e Pavla Ry\u017eenka<\/em><\/p>\n<p>Ale jak u\u017e tomu b\u00fdv\u00e1, <em>na sv\u011bt\u011b nen\u00ed \u010dlov\u011bk ten, jen\u017e\u00a0by se zavd\u011b\u010dil lidem v\u0161em<\/em>, a tak i v\u00a0tehdej\u0161\u00ed Rusi, uvnit\u0159 t\u00e9to nedoz\u00edrn\u00e9 zem\u011b, za\u010daly vznikat antimonarchistick\u00e9 projevy, tvo\u0159ily se reak\u010dn\u00ed skupiny s\u00a0revolu\u010dn\u00edmi c\u00edli, volnomy\u0161lenk\u00e1\u0159sk\u00e1 sdru\u017een\u00ed a v\u016fbec cel\u00e1 \u0159ada t\u011bch, kte\u0159\u00ed si p\u0159\u00e1li zni\u010dit stav, v n\u011bm\u017e se rusk\u00e9 Imp\u00e9rium tehdy nach\u00e1zelo. Roku 1904 za\u010dala Rusko-japonsk\u00e1 v\u00e1lka, kter\u00e1 trvala a\u017e do z\u00e1\u0159\u00ed 1905. V\u00a0roce 1905 po\u010daly prvn\u00ed revolu\u010dn\u00ed nepokoje.<\/p>\n<p>Rok 1914 byl po\u010d\u00e1tkem 1. sv\u011btov\u00e9 v\u00e1lky, v\u00a0n\u00ed\u017e, jak pravil Sir Winston Churchill<strong>\u2074<\/strong>, car Mikul\u00e1\u0161 II. p\u0159ese v\u0161echny nep\u0159\u00edzniv\u00e9 podm\u00ednky p\u0159ivedl Rus skoro a\u017e k prahu v\u00edt\u011bzstv\u00ed. Od prvn\u00edch dn\u00ed v\u00e1lky car Mikul\u00e1\u0161 II. krom\u011b sv\u00e9 ne\u00fanavn\u00e9 pr\u00e1ce vl\u00e1dce velk\u00e9 \u0159\u00ed\u0161e obj\u00ed\u017ed\u011bl tak\u00e9 frontu, bral na sv\u00e9 srdce pot\u0159eby arm\u00e1dy a jemu v\u011brn\u00fdch voj\u00e1k\u016f. Carevna se mezit\u00edm sna\u017eila, jak jen to bylo v\u00a0jej\u00edch sil\u00e1ch, p\u0159izp\u016fsobit sv\u00e9 dvorn\u00ed pal\u00e1ce pro pot\u0159eby ran\u011bn\u00fdch a p\u0159ebudovat jejich \u010d\u00e1sti na prozat\u00edmn\u00ed nemocnici. Nez\u0159\u00eddka se pr\u00e1v\u011b ona sama osobn\u011b starala o nemocni\u010dn\u00ed vlaky a o sklady s\u00a0l\u00e9ky v\u00a0jednotliv\u00fdch rusk\u00fdch m\u011bstech. Alexandra Fjodorovna a star\u0161\u00ed velkokn\u011b\u017eny se staly zdravotn\u00edmi sestrami v\u00a0Carsko-selsk\u00e9 nemocnici.<\/p>\n<p>Car vl\u00e1dl d\u00e1l i v\u00a0t\u011bchto t\u011b\u017ek\u00fdch\u00a0podm\u00ednk\u00e1ch a zd\u00e1lo se, \u017ee arm\u00e1da se dr\u017e\u00ed neochv\u011bjn\u011b a pevn\u011b. Av\u0161ak kv\u016fli velk\u00fdm ztr\u00e1t\u00e1m na \u017eivotech za\u010daly nepokoje mezi lidem a v\u00a0\u00fanoru 1917 do\u0161lo dokonce k\u00a0projev\u016fm prvn\u00edho revolu\u010dn\u00edho hnut\u00ed, b\u011bhem\u00a0kter\u00e9ho\u00a0p\u0159e\u0161la vl\u00e1da do rukou tzv. Rusk\u00e9 prozat\u00edmn\u00ed vl\u00e1dy. N\u00e1rodn\u00ed zastupitel\u00e9 po\u017eadovali po carovi jeho okam\u017eitou abdikaci jako jedinou mo\u017enost \u0159e\u0161en\u00ed politick\u00e9 krize. To se tak\u00e9 ud\u00e1lo 15. b\u0159ezna. Z\u00e1hy na to,\u00a020. b\u0159ezna, byl car i se svou rodinou nakonec\u00a0uv\u011bzn\u011bn. Pr\u00e1v\u011b tehdy zapo\u010dala jejich <em>k\u0159\u00ed\u017eov\u00e1 cesta<\/em>.<\/p>\n<p style=\"text-align: center;\"><a href=\"http:\/\/pravoslavbrno.cz\/wp-content\/uploads\/2018\/06\/1920px-1918_Jekateringburg_-_Ipatieff_merchants_house_where_he_was_in_captivity_throughout_the_Romanov_family_-_Ma_Este_-_Hungarian_Magasin_30_july_1925.jpg\"><img loading=\"lazy\" decoding=\"async\" class=\"alignnone wp-image-2433\" src=\"http:\/\/pravoslavbrno.cz\/wp-content\/uploads\/2018\/06\/1920px-1918_Jekateringburg_-_Ipatieff_merchants_house_where_he_was_in_captivity_throughout_the_Romanov_family_-_Ma_Este_-_Hungarian_Magasin_30_july_1925-300x168.jpg\" alt=\"\" width=\"657\" height=\"368\" srcset=\"https:\/\/pravoslavnebrno.cz\/wp-content\/uploads\/2018\/06\/1920px-1918_Jekateringburg_-_Ipatieff_merchants_house_where_he_was_in_captivity_throughout_the_Romanov_family_-_Ma_Este_-_Hungarian_Magasin_30_july_1925-300x168.jpg 300w, https:\/\/pravoslavnebrno.cz\/wp-content\/uploads\/2018\/06\/1920px-1918_Jekateringburg_-_Ipatieff_merchants_house_where_he_was_in_captivity_throughout_the_Romanov_family_-_Ma_Este_-_Hungarian_Magasin_30_july_1925-768x431.jpg 768w, https:\/\/pravoslavnebrno.cz\/wp-content\/uploads\/2018\/06\/1920px-1918_Jekateringburg_-_Ipatieff_merchants_house_where_he_was_in_captivity_throughout_the_Romanov_family_-_Ma_Este_-_Hungarian_Magasin_30_july_1925-700x393.jpg 700w, https:\/\/pravoslavnebrno.cz\/wp-content\/uploads\/2018\/06\/1920px-1918_Jekateringburg_-_Ipatieff_merchants_house_where_he_was_in_captivity_throughout_the_Romanov_family_-_Ma_Este_-_Hungarian_Magasin_30_july_1925-800x449.jpg 800w, https:\/\/pravoslavnebrno.cz\/wp-content\/uploads\/2018\/06\/1920px-1918_Jekateringburg_-_Ipatieff_merchants_house_where_he_was_in_captivity_throughout_the_Romanov_family_-_Ma_Este_-_Hungarian_Magasin_30_july_1925.jpg 1920w\" sizes=\"auto, (max-width: 657px) 100vw, 657px\" \/><\/a><\/p>\n<p style=\"text-align: center;\"><em>Ipa\u0165jev\u016fv d\u016fm v Jekat\u011brinburgu v dob\u011b p\u0159eb\u00fdv\u00e1n\u00ed v n\u011bm carsk\u00e9 rodiny<\/em><\/p>\n<p>Po \u00fanorov\u00e9 revoluci a tzv. abdikaci, a po jist\u00e9m obdob\u00ed, kdy byla carsk\u00e1 rodina v\u00a0dom\u00e1c\u00edm v\u011bzen\u00ed v\u00a0Carsk\u00e9m Selu pobl\u00ed\u017e Petrohradu, byli v\u0161ichni \u010dlenov\u00e9 carsk\u00e9 rodiny podle rozhodnut\u00ed Prozat\u00edmn\u00ed rusk\u00e9 vl\u00e1dy deportov\u00e1ni do vyhnanstv\u00ed na Sibi\u0159. Rok 1917 str\u00e1vili v\u00a0Tobolsku. Na Sibi\u0159i je zastihla i bol\u0161evick\u00e1 \u0159\u00edjnov\u00e1 revoluce (<em>7. listopadu 1917<\/em>), po n\u00ed\u017e se v\u0161e zm\u011bnilo je\u0161t\u011b k\u00a0hor\u0161\u00edmu. Po n\u00e1stupu bol\u0161evik\u016f (na \u010dele s\u00a0Leninem) k moci bylo vyd\u00e1no rozhodnut\u00ed o p\u0159evozu carsk\u00e9 rodiny do Moskvy. Je\u0161t\u011b v\u00a0dubnu roku 1918 byli v\u0161ichni \u010dlenov\u00e9 carsk\u00e9 rodiny s\u00a0osobn\u00edm l\u00e9ka\u0159em a posledn\u00edmi v\u011brn\u00fdmi \u010dleny slu\u017eebnictva deportov\u00e1n\u00ed vlakem z\u00a0Tobolsku do Jekat\u011brinburgu. Zde byli zadr\u017eov\u00e1ni v\u00a0dom\u011b, kter\u00fd bol\u0161evici zabavili d\u016fln\u00edmu in\u017een\u00fdrovi Nikolaji Ipa\u0165jevovi<strong>\u2075<\/strong>, a odtud poch\u00e1z\u00ed zn\u00e1m\u00fd pojem \u201eIpa\u0165jev\u016fv d\u016fm (rusky \u0414\u043e\u043c \u0418\u043f\u0430\u0442\u044c\u0435\u0432\u0430)\u201c.<\/p>\n<p style=\"text-align: center;\"><a href=\"http:\/\/pravoslavbrno.cz\/wp-content\/uploads\/2018\/06\/Ipatyev_house_basement.jpg\"><img loading=\"lazy\" decoding=\"async\" class=\"alignnone wp-image-2326\" src=\"http:\/\/pravoslavbrno.cz\/wp-content\/uploads\/2018\/06\/Ipatyev_house_basement-300x214.jpg\" alt=\"\" width=\"610\" height=\"435\" srcset=\"https:\/\/pravoslavnebrno.cz\/wp-content\/uploads\/2018\/06\/Ipatyev_house_basement-300x214.jpg 300w, https:\/\/pravoslavnebrno.cz\/wp-content\/uploads\/2018\/06\/Ipatyev_house_basement-768x547.jpg 768w, https:\/\/pravoslavnebrno.cz\/wp-content\/uploads\/2018\/06\/Ipatyev_house_basement-700x498.jpg 700w, https:\/\/pravoslavnebrno.cz\/wp-content\/uploads\/2018\/06\/Ipatyev_house_basement-800x570.jpg 800w, https:\/\/pravoslavnebrno.cz\/wp-content\/uploads\/2018\/06\/Ipatyev_house_basement.jpg 2048w\" sizes=\"auto, (max-width: 610px) 100vw, 610px\" \/><\/a><\/p>\n<p style=\"text-align: center;\"><em>M\u00edsto krut\u00e9 vra\u017edy v\u00a0suter\u00e9nn\u00ed \u010d\u00e1sti\u00a0Ipa\u0165jevova domu<\/em><\/p>\n<p>V\u00a0tomto dom\u011b za\u017e\u00edvala carsk\u00e1 rodina v\u016fbec nejv\u011bt\u0161\u00ed poni\u017eov\u00e1n\u00ed a \u00fatisk. Ve\u0161ker\u00e9 obt\u00ed\u017ee a \u00fatrapy v\u0161ak tato siln\u011b v\u011b\u0159\u00edc\u00ed rodina sn\u00e1\u0161ela s\u00a0modlitbou a neochv\u011bjnou nad\u011bj\u00ed v\u00a0Boha. Spolu s\u00a0rodi\u010di sn\u00e1\u0161eli v\u0161echno pon\u00ed\u017een\u00ed a str\u00e1d\u00e1n\u00ed s\u00a0n\u00e1le\u017eitou m\u00edrnost\u00ed a pokorou tak\u00e9 jejich d\u011bti. V\u0161ichni, kdo p\u0159i\u0161li do jejich bl\u00edzkosti, si pov\u0161imli z\u00a0jejich strany jen slu\u0161nosti, dobrodu\u0161nosti a m\u00edrnosti, tak\u017ee zloba a nen\u00e1vist proti carovi a jeho rodin\u011b, kterou byli mnoz\u00ed \u0161tv\u00e1ni revolu\u010dn\u00ed propagandou, mizela, a jejich chov\u00e1n\u00ed se m\u011bnilo.<\/p>\n<p>K\u0159\u00ed\u017eov\u00e1 cesta carsk\u00e9 rodiny v\u0161ak m\u00ed\u0159ila ke sv\u00e9mu trpk\u00e9mu, ale sou\u010dasn\u011b bla\u017een\u00e9mu konci. Podle tajn\u00e9ho rozkazu byla carsk\u00e1 rodina v\u00a0noci z 16. na 17. \u010dervence roku 1918 v\u00a0suter\u00e9nu Ipa\u0165jevova domu zast\u0159elena. Spolu s\u00a0nimi na\u0161lo smrt n\u011bkolik dal\u0161\u00edch v\u011brn\u00fdch souputn\u00edk\u016f carsk\u00e9 rodiny. Jejich ostatky byly sp\u00e1leny a na dlouho ukryty na nezn\u00e1m\u00e9m m\u00edst\u011b.<strong><sup>6<\/sup><\/strong><\/p>\n<p>Car Mikul\u00e1\u0161 II. a jeho rodina byli svato\u0159e\u010deni jako \u010dlenov\u00e9 <em>Sboru novomu\u010dedn\u00edk\u016f a vyznava\u010d\u016f rusk\u00fdch<\/em>.<\/p>\n<p>Mnoho pomluv a l\u017e\u00ed bylo vysloveno na cara mu\u010dedn\u00edka a jeho rodinu. Zl\u00e9 jazyky mu up\u00edraly dosa\u017een\u00ed ji\u017e t\u00e9m\u011b\u0159 dokonan\u00e9ho v\u00edt\u011bzstv\u00ed nad nep\u0159\u00e1teli v\u00a0krut\u00e9 1. sv\u011btov\u00e9 v\u00e1lce, ve kter\u00e9 se ob\u011btoval jako skute\u010dn\u00fd vl\u00e1dce sv\u00e9ho n\u00e1roda. Byla mu od\u0148ata jeho vlast, svoboda a nakonec i samotn\u00fd \u017eivot. Nikdo od n\u011bj nikdy\u00a0nesly\u0161el slova rept\u00e1n\u00ed a odsuzov\u00e1n\u00ed. Byl jako ostatn\u011b i d\u0159\u00edve v\u017edy p\u0159\u00edm\u00fd a prost\u00fd ke sv\u00fdm v\u011bznitel\u016fm a tr\u00fdznitel\u016fm. \u201eSt\u00e1le mluv\u00ed o jeho slabosti, ale v\u017edy\u0165 on byl ten nejsiln\u011bj\u0161\u00ed ze siln\u00fdch: zv\u00edt\u011bzil s\u00e1m nad sebou,\u201c \u0159ekl o n\u011bm \u010dlov\u011bk, kter\u00fd jej znal nejl\u00e9pe ze v\u0161ech, jeho \u017eena carevna Alexandra.<\/p>\n<p style=\"text-align: center;\"><a href=\"http:\/\/pravoslavbrno.cz\/wp-content\/uploads\/2018\/06\/063b65d44b15ffd7c3613a814daa6a02-tsar-nicholas-ii-tsar-nicolas.jpg\"><img loading=\"lazy\" decoding=\"async\" class=\"alignnone wp-image-2308\" src=\"http:\/\/pravoslavbrno.cz\/wp-content\/uploads\/2018\/06\/063b65d44b15ffd7c3613a814daa6a02-tsar-nicholas-ii-tsar-nicolas-300x246.jpg\" alt=\"\" width=\"590\" height=\"484\" srcset=\"https:\/\/pravoslavnebrno.cz\/wp-content\/uploads\/2018\/06\/063b65d44b15ffd7c3613a814daa6a02-tsar-nicholas-ii-tsar-nicolas-300x246.jpg 300w, https:\/\/pravoslavnebrno.cz\/wp-content\/uploads\/2018\/06\/063b65d44b15ffd7c3613a814daa6a02-tsar-nicholas-ii-tsar-nicolas-700x574.jpg 700w, https:\/\/pravoslavnebrno.cz\/wp-content\/uploads\/2018\/06\/063b65d44b15ffd7c3613a814daa6a02-tsar-nicholas-ii-tsar-nicolas.jpg 736w\" sizes=\"auto, (max-width: 590px) 100vw, 590px\" \/><\/a><\/p>\n<p>\u201eNen\u00ed ob\u011bti, kterou bych pro Rus nep\u0159inesl,\u201c \u0159\u00edk\u00e1val car Mikul\u00e1\u0161. A tato ob\u011b\u0165 byla skute\u010dn\u011b p\u0159inesena. On i cel\u00e1 jeho rodina zahynuli uprost\u0159ed nen\u00e1visti jimi tak milovan\u00e9ho n\u00e1roda a jejich t\u011bla byla p\u0159ed\u00e1na k potup\u011b.<\/p>\n<p>Po 70 letech se v\u0161ak stal z\u00e1zrak a na nam\u00edst\u011b domu, kde byla prolita krev t\u011bchto carsk\u00fdch <em>strastot\u011brpc\u016f<\/em>, byl postaven <em>Chr\u00e1m V\u0161ech svat\u00fdch<\/em>, zvan\u00fd \u201eNa krvi\u201c. A na m\u00edst\u011b poh\u0159ben\u00ed jejich ostatk\u016f vznikl monast\u00fdr. Chr\u00e1my v\u00a0\u010dest a na pam\u00e1tku svat\u00fdch strastot\u011brpc\u016f a ostatn\u00edch novomu\u010dedn\u00edk\u016f a vyznava\u010d\u016f rusk\u00fdch vznikaj\u00ed dnes po cel\u00e9 rusk\u00e9 zemi, kterou oni tak milovali a za ni\u017e tak\u00e9 polo\u017eili sv\u00e9 \u017eivoty.<\/p>\n<p>Skute\u010dn\u00e1 historie p\u0159edstavuje dialog \u010dlov\u011bka\u00a0s Bohem, kdy s\u00e1m B\u016fh m\u011bn\u00ed na\u0161e chyby, p\u0159estoupen\u00ed a zlo\u010diny k\u00a0u\u017eitku a pou\u010den\u00ed.<\/p>\n<p><strong>Svat\u00ed car\u0161t\u00ed <em>Strastot\u011brpci<\/em>, proste Boha za n\u00e1s!<\/strong><\/p>\n<h2 style=\"text-align: center;\"><strong>Modlitba ke svat\u00fdm carsk\u00fdm strastot\u011brpc\u016fm<\/strong><\/h2>\n<p style=\"text-align: center;\"><strong>Svat\u00e1 sedmice, car\u0161t\u00ed strastot\u011brpci, Mikul\u00e1\u0161i, Alexandro, <\/strong><br \/>\n<strong>Alexeji, Olgo, Ta\u0165\u00e1no, Marie a Anast\u00e1zie!<\/strong><\/p>\n<p style=\"text-align: center;\"><strong><a href=\"http:\/\/pravoslavbrno.cz\/wp-content\/uploads\/2018\/06\/tsarstvennye-strastoterptsy-900.jpg\"><img loading=\"lazy\" decoding=\"async\" class=\"alignnone wp-image-2320\" src=\"http:\/\/pravoslavbrno.cz\/wp-content\/uploads\/2018\/06\/tsarstvennye-strastoterptsy-900-248x300.jpg\" alt=\"\" width=\"551\" height=\"667\" srcset=\"https:\/\/pravoslavnebrno.cz\/wp-content\/uploads\/2018\/06\/tsarstvennye-strastoterptsy-900-248x300.jpg 248w, https:\/\/pravoslavnebrno.cz\/wp-content\/uploads\/2018\/06\/tsarstvennye-strastoterptsy-900-768x928.jpg 768w, https:\/\/pravoslavnebrno.cz\/wp-content\/uploads\/2018\/06\/tsarstvennye-strastoterptsy-900-700x846.jpg 700w, https:\/\/pravoslavnebrno.cz\/wp-content\/uploads\/2018\/06\/tsarstvennye-strastoterptsy-900-800x967.jpg 800w, https:\/\/pravoslavnebrno.cz\/wp-content\/uploads\/2018\/06\/tsarstvennye-strastoterptsy-900.jpg 900w\" sizes=\"auto, (max-width: 551px) 100vw, 551px\" \/><\/a><\/strong><\/p>\n<p>Vy, kte\u0159\u00ed jste byli spojeni svazkem Kristovy l\u00e1sky a v\u00e1\u0161 d\u016fm jste Bohu lib\u011b svoj\u00ed zbo\u017enost\u00ed jako mal\u00fd chr\u00e1m vystav\u011bli, sebe sama pak doprost\u0159ed majest\u00e1tu v\u0161eho pozemsk\u00e9ho pokorou ozdobili. V\u00a0hodinu bratrovra\u017eedn\u00e9 v\u00e1lky, pron\u00e1sledov\u00e1n\u00ed od bezbo\u017en\u00fdch ve va\u0161\u00ed vlasti, jste v\u0161echnu svoji nad\u011bji na Boha vlo\u017eili, zjevili jste tak obraz trp\u011blivosti, utrpen\u00ed a str\u00e1d\u00e1n\u00ed cel\u00e9 zemi a modl\u00edce se za sv\u00e9 mu\u010ditele, hrdinn\u011b jste p\u0159etrp\u011bli i klevetu, pouta a vyhnanstv\u00ed, pon\u00ed\u017een\u00ed, posm\u011bch a pomluvy, zabit\u00ed a nad t\u011bly va\u0161imi potupen\u00ed. Proto jste od pozemsk\u00e9ho kr\u00e1lovstv\u00ed p\u0159e\u0161li do nebesk\u00e9ho a horliv\u00fdmi p\u0159\u00edmluvci a zast\u00e1nci za n\u00e1s stali jste se.<\/p>\n<p>Svat\u00ed slu\u017eebn\u00edci Bo\u017e\u00ed! Modlete se za n\u00e1s Bohu, aby C\u00edrkev v\u00a0jednomyslnosti a pevn\u00e9 v\u00ed\u0159e zachoval, a na\u0161i zemi m\u00edrem, pokojem a hojnost\u00ed ochra\u0148ujte. Zbavte n\u00e1s od bratrovra\u017eedn\u00e9 v\u00e1lky a rozd\u011blen\u00ed, ty kdo\u017e vl\u00e1du nad lidem maj\u00ed, u\u010di\u0148te moudr\u00fdmi, n\u00e1rod od zpusto\u0161en\u00ed ochra\u0148te, k\u0159es\u0165ansk\u00e9 man\u017eele ve v\u011brnosti a l\u00e1sce upevn\u011bte, d\u011btem ve zbo\u017enosti a poslu\u0161nosti dejte vyr\u016fstat a n\u00e1s v\u0161echny spolu s\u00a0v\u00e1mi u\u010di\u0148te hodny op\u011bvovat P\u0159e\u010destn\u00e9 a Velkolep\u00e9 jm\u00e9no \u017divotod\u00e1rn\u00e9 Trojice, Otce i Syna i Svat\u00e9ho Ducha, nyn\u00ed i v\u017edycky, a\u017e na v\u011bky v\u011bk\u016fv. Amen!<\/p>\n<p style=\"text-align: right;\"><strong>\u00a0p\u0159ipravil o. Marek Mal\u00edk a MD<\/strong><\/p>\n<p><strong>Pozn\u00e1mky pod \u010darou:<\/strong><\/p>\n<p><strong>\u00b9 Strastot\u011brpci<\/strong> jsou ti, kte\u0159\u00ed od vlastn\u00edch a bl\u00edzk\u00fdch\u00a0lid\u00ed p\u0159ijali, trp\u011bli a sn\u00e1\u0161eli utrpen\u00ed \u010di jin\u00e1 str\u00e1d\u00e1n\u00ed.<\/p>\n<p><strong>\u00b2 Ctihodn\u00e1 mu\u010dednice velkokn\u011b\u017ena Jelizaveta<\/strong> byla star\u0161\u00ed sestrou carevny Alexandry Fjodorovny, provdan\u00e9 roku 1884 za Sergeje Romanova, str\u00fdce cara Mikul\u00e1\u0161e II., kter\u00fd byl v\u0161ak roku 1905 zabit p\u0159i atent\u00e1tu. V\u00a0roce 1909 zalo\u017eila monast\u00fdr \u2013 D\u016fm milosrdenstv\u00ed Marty a Marie. Po revoluci odm\u00edtla opustit Rusko a v\u00a0kv\u011btnu roku 1918 byla zat\u010dena. V\u00a0\u010dervnu t\u00e9ho\u017e roku byla \u017eiv\u00e1 svr\u017eena s\u00a0mnoha dal\u0161\u00edmi do \u0161achty Novaja Selimskaja, 18 km od Alapajevska. V\u00a0\u0159\u00edjnu p\u0159i obsazen\u00ed \u00fazem\u00ed B\u00edl\u00fdmi vojsky, byly jej\u00ed ostatky p\u0159evezeny p\u0159es Peking, \u0160anghaj a Port Said a\u017e do Jeruzal\u00e9ma, kde byly ulo\u017eeny pod chr\u00e1mem sv. Marie z\u00a0Magdaly. P\u0159i\u010dtena k z\u00e1stupu svat\u00fdch byla roku 1981, p\u0159i\u010dem\u017e Ruskou pravoslavnou c\u00edrkv\u00ed (Moskevsk\u00e9ho patriarch\u00e1tu) kanonizov\u00e1na ve Sboru nov\u00fdch mu\u010dedn\u00edk\u016f a vyznava\u010d\u016f rusk\u00fdch roku 1992.<\/p>\n<p><strong>\u00a0<\/strong><strong>\u00b3 Trag\u00e9die na Chodynsk\u00e9m poli<\/strong>, k\u00a0n\u00ed\u017e do\u0161lo 18. kv\u011btna 1896, byla davov\u00e1 panika na Chodynsk\u00e9m poli v Moskv\u011b b\u011bhem oslav n\u00e1sleduj\u00edc\u00edch po korunovaci posledn\u00edho rusk\u00e9ho cara Mikul\u00e1\u0161e II., je\u017e m\u011bla za n\u00e1sledek smrt 1 389 osob.<\/p>\n<p><strong>\u2074<\/strong> \u201eK \u017e\u00e1dn\u00e9 zemi nebyl osud tak krut\u00fd jako k Rusku. Jeho lo\u010f \u0161la ke dnu, kdy\u017e byl p\u0159\u00edstav u\u017e na dohled. S\u00edlu Rusk\u00e9 \u0159\u00ed\u0161e lze zm\u011b\u0159it podle ran, kter\u00e9 utrp\u011bla, podle utrpen\u00ed, kter\u00e1 pro\u017eila, podle nevy\u010derpateln\u00e9 energie, kterou vynalo\u017eila, i podle regenerace sil, kter\u00e9 byla schopna. Car odch\u00e1z\u00ed ze sc\u00e9ny. Jeho sam\u00e9ho a jeho bl\u00edzk\u00e9 podrobuj\u00ed utrpen\u00ed a smrti. Jeho \u00fasil\u00ed upad\u00e1, jeho \u010diny odsuzuj\u00ed, jeho pam\u00e1tku han\u00ed. Nikdo nebyl schopen odpov\u011bd\u011bt na t\u011bch n\u011bkolik jednoduch\u00fdch ot\u00e1zek, na nich\u017e z\u00e1visel \u017eivot a sl\u00e1va Ruska. Kdy\u017e u\u017e m\u011blo v\u00edt\u011bzstv\u00ed v rukou, padlo k zemi, stejn\u011b jako kdysi Herodes, po\u017e\u00edran\u00fd \u010dervy.\u201c<\/p>\n<p><strong>\u2075<\/strong> <strong>Nikolaj Nikolajevi\u010d Ipa\u0165jev<\/strong> emigroval do \u010ceskoslovenska, \u017eil v Praze, kde p\u0159edn\u00e1\u0161el a kde tak\u00e9 zem\u0159el. Je poh\u0159ben na Ol\u0161ansk\u00fdch h\u0159bitovech, v pravoslavn\u00e9 \u010d\u00e1sti u chr\u00e1mu Zesnut\u00ed p\u0159esvat\u00e9 Bohorodice.<\/p>\n<p><strong><sup>6<\/sup><\/strong> <strong>Ostatky <\/strong>v\u011bt\u0161iny \u010dlen\u016f carsk\u00e9 rodiny a jejich slu\u017eebn\u00fdch byly nalezeny v kv\u011btnu 1979 amat\u00e9rsk\u00fdmi nad\u0161enci, objev byl ale uchov\u00e1n v tajnosti a\u017e do rozpadu SSSR. Exhumov\u00e1ny byly v \u010dervnu 1991 pod n\u00e1spem Star\u00e9 koptjakovsk\u00e9 cesty 19 km severn\u011b od Jekat\u011brinburgu. Ostatky byly polit\u00e9 kyselinou a sp\u00e1len\u00e9. V pr\u016fb\u011bhu vy\u0161et\u0159ov\u00e1n\u00ed trestn\u00e9ho \u010dinu, kter\u00e9 vedla Prokuratura Rusk\u00e9 federace, byli Romanovci identifikov\u00e1ni. Vzorky DNA tak\u00e9 potvrdily p\u0159\u00edbuzensk\u00fd vztah s Princem Philipem, v\u00e9vodou z Edinburghu, man\u017eelem britsk\u00e9 kr\u00e1lovny Al\u017eb\u011bty II.<\/p>\n<p>17. \u010dervence 1998 byly ostatky \u010dlen\u016f carsk\u00e9 rodiny p\u0159evezeny do Sankt-Pet\u011brburgu, kde byly pochov\u00e1ny v Petropavlovsk\u00e9m chr\u00e1mu. Poh\u0159bu se z\u00fa\u010dastnil prezident Boris Jelcin a jeho man\u017eelka spolu s p\u0159\u00edbuzn\u00fdmi Romanovc\u016f, v\u010detn\u011b prince Michaela z Kentu (bratranec kr\u00e1lovny Al\u017eb\u011bty II). Zb\u00fdvaj\u00edc\u00ed dv\u011b t\u011bla prince Alexeje a princezny Marie byla objevena v roce 2007 nedaleko n\u00e1lezu ostatk\u016f rodiny.<\/p>\n<p>17. srpna roku 2000 prohl\u00e1sila Rusk\u00e1 pravoslavn\u00e1 c\u00edrkev cara Mikul\u00e1\u0161e II. a \u010dleny carsk\u00e9 rodiny za svat\u00e9 (na \u00farovni strastot\u011brpec &#8211; trpitel, mu\u010dedn\u00edk). Ipa\u0165jev\u016fv d\u016fm byl zdemolov\u00e1n v roce 1977, ale na jeho m\u00edst\u011b byl v \u010dervnu 2003, 85 let po poprav\u011b carsk\u00e9 rodiny, vysv\u011bcen vzpom\u00ednkov\u00fd Chr\u00e1m V\u0161ech svat\u00fdch na krvi v\u011bnovan\u00fd rodin\u011b Romanovov\u00fdch.<\/p>\n<p style=\"text-align: center;\"><a href=\"http:\/\/pravoslavbrno.cz\/wp-content\/uploads\/2018\/06\/p191dhqc1b10fbvc0u8peuo1dkr3.jpg\"><img loading=\"lazy\" decoding=\"async\" class=\"alignnone wp-image-2319\" src=\"http:\/\/pravoslavbrno.cz\/wp-content\/uploads\/2018\/06\/p191dhqc1b10fbvc0u8peuo1dkr3-244x300.jpg\" alt=\"\" width=\"425\" height=\"523\" srcset=\"https:\/\/pravoslavnebrno.cz\/wp-content\/uploads\/2018\/06\/p191dhqc1b10fbvc0u8peuo1dkr3-244x300.jpg 244w, https:\/\/pravoslavnebrno.cz\/wp-content\/uploads\/2018\/06\/p191dhqc1b10fbvc0u8peuo1dkr3-768x943.jpg 768w, https:\/\/pravoslavnebrno.cz\/wp-content\/uploads\/2018\/06\/p191dhqc1b10fbvc0u8peuo1dkr3-700x859.jpg 700w, https:\/\/pravoslavnebrno.cz\/wp-content\/uploads\/2018\/06\/p191dhqc1b10fbvc0u8peuo1dkr3-800x982.jpg 800w, https:\/\/pravoslavnebrno.cz\/wp-content\/uploads\/2018\/06\/p191dhqc1b10fbvc0u8peuo1dkr3.jpg 834w\" sizes=\"auto, (max-width: 425px) 100vw, 425px\" \/><\/a><\/p>\n<p><strong>Zaj\u00edmav\u00e9 odkazy:<\/strong><\/p>\n<blockquote class=\"wp-embedded-content\" data-secret=\"4m7eqdyYne\"><p><a href=\"http:\/\/razdolye.cerkov.ru\/2015\/07\/17\/svyatye-carstvennye-strastoterpcy-kratkoe-zhitie\/\">\u0421\u0432\u044f\u0442\u044b\u0435 \u0426\u0430\u0440\u0441\u0442\u0432\u0435\u043d\u043d\u044b\u0435 \u0421\u0442\u0440\u0430\u0441\u0442\u043e\u0442\u0435\u0440\u043f\u0446\u044b. \u041a\u0440\u0430\u0442\u043a\u043e\u0435 \u0436\u0438\u0442\u0438\u0435.<\/a><\/p><\/blockquote>\n<p><iframe loading=\"lazy\" class=\"wp-embedded-content\" sandbox=\"allow-scripts\" security=\"restricted\" style=\"position: absolute; clip: rect(1px, 1px, 1px, 1px);\" src=\"http:\/\/razdolye.cerkov.ru\/2015\/07\/17\/svyatye-carstvennye-strastoterpcy-kratkoe-zhitie\/embed\/#?secret=4m7eqdyYne\" data-secret=\"4m7eqdyYne\" width=\"600\" height=\"338\" title=\"\u00ab\u0421\u0432\u044f\u0442\u044b\u0435 \u0426\u0430\u0440\u0441\u0442\u0432\u0435\u043d\u043d\u044b\u0435 \u0421\u0442\u0440\u0430\u0441\u0442\u043e\u0442\u0435\u0440\u043f\u0446\u044b. \u041a\u0440\u0430\u0442\u043a\u043e\u0435 \u0436\u0438\u0442\u0438\u0435.\u00bb &#8212; \u0425\u0440\u0430\u043c \u0426\u0430\u0440\u0441\u0442\u0432\u0435\u043d\u043d\u044b\u0445 \u0421\u0442\u0440\u0430\u0441\u0442\u043e\u0442\u0435\u0440\u043f\u0446\u0435\u0432 \" frameborder=\"0\" marginwidth=\"0\" marginheight=\"0\" scrolling=\"no\"><\/iframe><\/p>\n<p><a href=\"http:\/\/akafist.ru\/saints\/carstvennye-strastoterpcy\/kratkoe-zhitie\">http:\/\/akafist.ru\/saints\/carstvennye-strastoterpcy\/kratkoe-zhitie<\/a><\/p>\n<p><a href=\"http:\/\/www.pravoslavie.ru\/105169.html\">http:\/\/www.pravoslavie.ru\/105169.html<\/a><\/p>\n<p><a href=\"https:\/\/pravoslavie.ru\/106621.html\">https:\/\/pravoslavie.ru\/106621.html<\/a><\/p>\n<p><a href=\"https:\/\/pravoslavie.ru\/75191.html\">https:\/\/pravoslavie.ru\/75191.html<\/a><\/p>\n<p><a href=\"https:\/\/pravoslavie.ru\/105169.html\">https:\/\/pravoslavie.ru\/105169.html<\/a><\/p>\n<p><a href=\"https:\/\/cs.wikipedia.org\/wiki\/Zavra%C5%BEd%C4%9Bn%C3%AD_carsk%C3%A9_rodiny\">https:\/\/cs.wikipedia.org\/wiki\/Zavra%C5%BEd%C4%9Bn%C3%AD_carsk%C3%A9_rodiny<\/a><\/p>\n<p><span class=\"embed-youtube\" style=\"text-align:center; display: block;\"><iframe loading=\"lazy\" class=\"youtube-player\" width=\"700\" height=\"394\" src=\"https:\/\/www.youtube.com\/embed\/F17kgxg0_z0?version=3&#038;rel=1&#038;showsearch=0&#038;showinfo=1&#038;iv_load_policy=1&#038;fs=1&#038;hl=el&#038;autohide=2&#038;wmode=transparent\" allowfullscreen=\"true\" style=\"border:0;\" sandbox=\"allow-scripts allow-same-origin allow-popups allow-presentation allow-popups-to-escape-sandbox\"><\/iframe><\/span><\/p>\n<p><span class=\"embed-youtube\" style=\"text-align:center; display: block;\"><iframe loading=\"lazy\" class=\"youtube-player\" width=\"700\" height=\"394\" src=\"https:\/\/www.youtube.com\/embed\/tTZeFl8c0Ks?version=3&#038;rel=1&#038;showsearch=0&#038;showinfo=1&#038;iv_load_policy=1&#038;fs=1&#038;hl=el&#038;autohide=2&#038;wmode=transparent\" allowfullscreen=\"true\" style=\"border:0;\" sandbox=\"allow-scripts allow-same-origin allow-popups allow-presentation allow-popups-to-escape-sandbox\"><\/iframe><\/span><\/p>\n<p>&nbsp;<\/p>\n","protected":false},"excerpt":{"rendered":"<p>Svat\u00ed car\u0161t\u00ed strastot\u011brpci a mu\u010dedn\u00edci: car Mikul\u00e1\u0161 II., carevna Alexandra, carevi\u010d Alexej, velkokn\u011b\u017eny Olga, Ta\u0165\u00e1na, Marie a Anast\u00e1zie (pam\u00e1tka 4. \/ 17. \u010dervence) \u00a0Ka\u017ed\u00fd vlada\u0159 m\u016f\u017ee vl\u00e1dnout, ale jen c\u00edsa\u0159 m\u016f\u017ee zem\u0159\u00edt\u00a0za sv\u016fj n\u00e1rod. (Svt. Basil Velik\u00fd) &nbsp; Svat\u00fd car a strastot\u011brpec\u00b9 Mikul\u00e1\u0161 (Nikolaj) II. se narodil 6. \/ 19. kv\u011btna roku 1868 v\u00a0Carsk\u00e9m Selu,&#8230;<\/p>\n","protected":false},"author":3,"featured_media":0,"comment_status":"open","ping_status":"open","sticky":false,"template":"","format":"standard","meta":{"jetpack_post_was_ever_published":false,"_jetpack_newsletter_access":"","_jetpack_dont_email_post_to_subs":false,"_jetpack_newsletter_tier_id":0,"_jetpack_memberships_contains_paywalled_content":false,"_jetpack_memberships_contains_paid_content":false,"footnotes":"","jetpack_publicize_message":"","jetpack_publicize_feature_enabled":true,"jetpack_social_post_already_shared":true,"jetpack_social_options":{"image_generator_settings":{"template":"highway","default_image_id":0,"font":"","enabled":false},"version":2}},"categories":[14,12,17],"tags":[],"class_list":["post-2325","post","type-post","status-publish","format-standard","hentry","category-dejiny-pravoslavi","category-pravoslavi","category-zivoty-svatych"],"jetpack_publicize_connections":[],"jetpack_featured_media_url":"","jetpack_sharing_enabled":true,"jetpack_shortlink":"https:\/\/wp.me\/p9GyX2-Bv","jetpack-related-posts":[],"_links":{"self":[{"href":"https:\/\/pravoslavnebrno.cz\/el\/wp-json\/wp\/v2\/posts\/2325","targetHints":{"allow":["GET"]}}],"collection":[{"href":"https:\/\/pravoslavnebrno.cz\/el\/wp-json\/wp\/v2\/posts"}],"about":[{"href":"https:\/\/pravoslavnebrno.cz\/el\/wp-json\/wp\/v2\/types\/post"}],"author":[{"embeddable":true,"href":"https:\/\/pravoslavnebrno.cz\/el\/wp-json\/wp\/v2\/users\/3"}],"replies":[{"embeddable":true,"href":"https:\/\/pravoslavnebrno.cz\/el\/wp-json\/wp\/v2\/comments?post=2325"}],"version-history":[{"count":25,"href":"https:\/\/pravoslavnebrno.cz\/el\/wp-json\/wp\/v2\/posts\/2325\/revisions"}],"predecessor-version":[{"id":5857,"href":"https:\/\/pravoslavnebrno.cz\/el\/wp-json\/wp\/v2\/posts\/2325\/revisions\/5857"}],"wp:attachment":[{"href":"https:\/\/pravoslavnebrno.cz\/el\/wp-json\/wp\/v2\/media?parent=2325"}],"wp:term":[{"taxonomy":"category","embeddable":true,"href":"https:\/\/pravoslavnebrno.cz\/el\/wp-json\/wp\/v2\/categories?post=2325"},{"taxonomy":"post_tag","embeddable":true,"href":"https:\/\/pravoslavnebrno.cz\/el\/wp-json\/wp\/v2\/tags?post=2325"}],"curies":[{"name":"wp","href":"https:\/\/api.w.org\/{rel}","templated":true}]}}