{"id":188,"date":"2018-02-18T17:01:49","date_gmt":"2018-02-18T16:01:49","guid":{"rendered":"http:\/\/pravoslavbrno.cz\/?p=188"},"modified":"2018-02-18T17:01:49","modified_gmt":"2018-02-18T16:01:49","slug":"kanon-svateho-ondreje-kretskeho","status":"publish","type":"post","link":"https:\/\/pravoslavnebrno.cz\/el\/kanon-svateho-ondreje-kretskeho\/","title":{"rendered":"K\u00e1non svat\u00e9ho Ond\u0159eje Kr\u00e9tsk\u00e9ho"},"content":{"rendered":"<p>(\u00faryvek)<\/p>\n<p>Velkolep\u00e1 b\u00e1se\u0148 svat\u00e9ho Ond\u0159eje, kr\u00e9tsk\u00e9ho arcibiskupa (\u1f08\u03bd\u03b4\u03c1\u03ad\u03b1\u03c2 \u039a\u03c1\u03ae\u03c4\u03b7\u03c2), poch\u00e1zej\u00edc\u00ed z p\u0159elomu 7. a 8. stolet\u00ed, je drahocenn\u00fdm klenotem liturgick\u00e9 poezie C\u00edrkve, jen\u017e se dodnes \u010dte v pravoslavn\u00fdch chr\u00e1mech a sv\u00fdmi vzne\u0161en\u00fdmi obrazy n\u00e1m odkr\u00fdv\u00e1 prav\u00fd smysl Svat\u00e9 \u010dty\u0159ic\u00e1tnice: ukazuje cestu hlubok\u00e9ho pok\u00e1n\u00ed, probuzen\u00ed z duchovn\u00edho sp\u00e1nku, uv\u011bdom\u011bn\u00ed si vlastn\u00ed h\u0159\u00ed\u0161nosti a vyz\u00fdv\u00e1 k n\u00e1vratu k Prameni ve\u0161ker\u00e9ho dobra, k\u00a0nejmilostiv\u011bj\u0161\u00edmu Hospodinu.<\/p>\n<p>N\u00ed\u017ee uv\u00e1d\u00edme alespo\u0148 n\u011bkter\u00e9 z p\u0159ekr\u00e1sn\u00fdch a hluboce j\u00edmav\u00fdch zp\u011bv\u016f tohoto postn\u00edho k\u00e1nonu, \u010dten\u00e9ho v prvn\u00ed \u010dty\u0159i dny Velk\u00e9ho postu, je\u017e n\u00e1m mohou otev\u0159\u00edt br\u00e1nu pok\u00e1n\u00ed, vedouc\u00ed do Nebesk\u00e9ho kr\u00e1lovstv\u00ed\u2026<\/p>\n<p style=\"text-align: center;\"><a href=\"http:\/\/pravoslavbrno.cz\/wp-content\/uploads\/2018\/02\/\u0386\u03b3\u03b9\u03bf\u03c220\u0391\u03bd\u03b4\u03c1\u03ad\u03b1\u03c220\u039a\u03c1\u03ae\u03c4\u03b7\u03c2.jpg\"><img loading=\"lazy\" decoding=\"async\" class=\"alignnone  wp-image-192\" src=\"http:\/\/pravoslavbrno.cz\/wp-content\/uploads\/2018\/02\/\u0386\u03b3\u03b9\u03bf\u03c220\u0391\u03bd\u03b4\u03c1\u03ad\u03b1\u03c220\u039a\u03c1\u03ae\u03c4\u03b7\u03c2-300x238.jpg\" alt=\"\" width=\"428\" height=\"340\" srcset=\"https:\/\/pravoslavnebrno.cz\/wp-content\/uploads\/2018\/02\/\u0386\u03b3\u03b9\u03bf\u03c220\u0391\u03bd\u03b4\u03c1\u03ad\u03b1\u03c220\u039a\u03c1\u03ae\u03c4\u03b7\u03c2-300x238.jpg 300w, https:\/\/pravoslavnebrno.cz\/wp-content\/uploads\/2018\/02\/\u0386\u03b3\u03b9\u03bf\u03c220\u0391\u03bd\u03b4\u03c1\u03ad\u03b1\u03c220\u039a\u03c1\u03ae\u03c4\u03b7\u03c2.jpg 320w\" sizes=\"auto, (max-width: 428px) 100vw, 428px\" \/><\/a><a href=\"http:\/\/pravoslavbrno.cz\/wp-content\/uploads\/2018\/02\/800px-The_Ladder_of_Divine_Ascent_Monastery_of_St_Catherine_Sinai_12th_century.jpg\">\u00a0<\/a><\/p>\n<p>Pomocn\u00edk a ochr\u00e1nce zjevil se mi ke sp\u00e1se: On je m\u016fj B\u016fh a budu ho oslavovat, B\u016fh Otce m\u00e9ho, a budu ho vyvy\u0161ovat, nebo\u0165 zjevil se ve sl\u00e1v\u011b sv\u00e9. (Ex 15, 1-2)<\/p>\n<p style=\"text-align: center;\"><strong>Smiluj se nade mnou, Bo\u017ee, smiluj se.<\/strong><\/p>\n<p>Odkud za\u010dnu oplak\u00e1vat \u017eivota sv\u00e9ho ne\u0161\u0165astn\u00e9 skutky? Jak\u00fd u\u010din\u00edm za\u010d\u00e1tek, \u00f3 Kriste, tomuto \u017ealozp\u011bvu? P\u0159esto jako milosrdn\u00fd dej mi h\u0159\u00edch\u016f odpu\u0161t\u011bn\u00ed.<\/p>\n<p>Zaslou\u017een\u011b vyhn\u00e1n byl z R\u00e1je Adam, \u017ee nezachoval jedin\u00e9ho p\u0159ik\u00e1z\u00e1n\u00ed tv\u00e9ho, Spasiteli: jak\u00fd pak trest stihne mne, st\u00e1le odm\u00edtaj\u00edc\u00edho o\u017eivuj\u00edc\u00ed slova tv\u00e1? (Gen 3, 24)<\/p>\n<p style=\"text-align: center;\"><strong>Sl\u00e1va Otci i Synu i Svat\u00e9mu Duchu.<\/strong><\/p>\n<p>Nadbytostn\u00e1 Trojice, v Jednot\u011b ct\u011bn\u00e1, sejmi ze mne t\u011b\u017ek\u00e9 b\u0159\u00edm\u011b, b\u0159\u00edm\u011b h\u0159\u00edchu, a jako milosrdn\u00e1 dej mi slzy l\u00edtosti.<\/p>\n<p style=\"text-align: center;\"><strong>I nyn\u00ed i v\u017edycky a\u017e na v\u011bky v\u011bk\u016f, amen.<\/strong><\/p>\n<p>Bohorodice, nad\u011bje a z\u00e1\u0161tito t\u011bch, kte\u0159\u00ed t\u011b oslavuj\u00ed, sejmi ze mne t\u011b\u017ek\u00e9 b\u0159\u00edm\u011b h\u0159\u00edchu, a jako Vl\u00e1dkyn\u011b p\u0159e\u010dist\u00e1 p\u0159ijmi mne kaj\u00edc\u00edho se.<\/p>\n<p>Probu\u010f se, \u00f3 du\u0161e m\u00e1, a p\u0159em\u00fd\u0161lej o skutc\u00edch sv\u00fdch, kter\u00e9 jsi sp\u00e1chala; p\u0159edstav je o\u010d\u00edm sv\u00fdm a pokrop slzami sv\u00fdmi; vypov\u011bz up\u0159\u00edmn\u011b sv\u00e9 skutky, my\u0161lenky sv\u00e9 Kristu a ospravedl\u0148 se.<\/p>\n<p style=\"text-align: center;\"><strong>Smiluj se nade mnou, Bo\u017ee, smiluj se.<\/strong><\/p>\n<p>Up\u0159\u00edmn\u011b p\u0159in\u00e1\u0161\u00edm tob\u011b, Spasiteli, slzy o\u010d\u00ed sv\u00fdch a vzdechy z hloubi srdce, kter\u00e9 vol\u00e1: Bo\u017ee, zh\u0159e\u0161il jsem p\u0159ed Tebou, slituj se nade mnou.<\/p>\n<p style=\"text-align: center;\"><strong>\u00a0\u00a0\u00a0\u00a0\u00a0\u00a0\u00a0\u00a0\u00a0\u00a0\u00a0\u00a0\u00a0\u00a0\u00a0\u00a0 Sl\u00e1va Otci i Synu i Svat\u00e9mu Duchu. I nyn\u00ed i v\u017edycky a\u017e na v\u011bky v\u011bk\u016f, amen.<\/strong><\/p>\n<p>Du\u0161e m\u00e1, \u00f3 du\u0161e m\u00e1, vsta\u0148, pro\u010d sp\u00ed\u0161? Konec se bl\u00ed\u017e\u00ed, m\u00e1\u0161 b\u00fdt zkrou\u0161ena; probu\u010f se, aby slitoval se nad tebou Kristus B\u016fh, <!--more--><\/p>\n<p style=\"text-align: center;\"><strong>Smiluj se nade mnou, Bo\u017ee, smiluj se.<\/strong><\/p>\n<p>Smiluj se nade mnou h\u0159\u00ed\u0161n\u00fdm, \u00f3 Spasiteli, probu\u010f mou mysl k obr\u00e1cen\u00ed, p\u0159ijmi mne kaj\u00edc\u00edho se, slituj se nad volaj\u00edc\u00edm: zh\u0159e\u0161il jsem p\u0159ed Tebou, spasi\u017e mne; p\u00e1chal jsem nepravosti, smiluj se nade mnou.<\/p>\n<p>Z Nov\u00e9ho z\u00e1kona ukazuji ti, du\u0161e, p\u0159\u00edklady, kter\u00e9 vedou k l\u00edtosti: n\u00e1sleduj tedy horliv\u011b spravedliv\u00e9, stra\u0148 se h\u0159\u00ed\u0161n\u00fdch a vypros si slitov\u00e1n\u00ed u Krista modlitbami, postem, \u010distotou a u\u0161lechtilost\u00ed.<\/p>\n<p>Kristus se stal \u010dlov\u011bkem a volal k pok\u00e1n\u00ed lotry a smilnice; kaj se, du\u0161e: dve\u0159e kr\u00e1lovstv\u00ed nebesk\u00e9ho jsou ji\u017e otev\u0159eny a d\u0159\u00edve ne\u017e ty vch\u00e1zej\u00ed v n\u011b kaj\u00edc\u00ed se farizeov\u00e9, celn\u00edci i cizolo\u017en\u00edci.<\/p>\n<p>Kristus se stal \u010dlov\u011bkem, t\u011blesn\u011b se mnou vstoupil v obecenstv\u00ed, a v\u0161e, co je v lidsk\u00e9 p\u0159irozenosti, dobrovoln\u011b zakusil krom\u011b h\u0159\u00edchu, aby ti uk\u00e1zal, du\u0161e, vzor a obraz sv\u00e9ho pon\u00ed\u017een\u00ed.<\/p>\n<p>Kristus spasil mudrce, povolal past\u00fd\u0159e, mno\u017estv\u00ed nevi\u0148\u00e1tek u\u010dinil mu\u010dedn\u00edky, proslavil starce a zest\u00e1rlou vdovu. Nen\u00e1sledovala jsi je horliv\u011b, \u00f3 du\u0161e, ani skutkem, ani \u017eivotem; proto b\u011bda tob\u011b, a\u017e bude\u0161 souzena.<\/p>\n<p>Pot\u00e9, co se postil P\u00e1n \u010dty\u0159icet dn\u00ed na pou\u0161ti, zla\u010dn\u011bl, a uk\u00e1zal tak sv\u00e9 lidstv\u00ed. Neochabuj, du\u0161e, jestli se na tebe vrhne nep\u0159\u00edtel, ale modlitbou a postem a\u0165 odra\u017een je od nohou tv\u00fdch.<\/p>\n<p style=\"text-align: center;\"><strong>Ctihodn\u00fd ot\u010de Ond\u0159eji, pros Boha za n\u00e1s.<\/strong><\/p>\n<p>Ond\u0159eji ctihodn\u00fd, ot\u010de trojbla\u017een\u00fd, past\u00fd\u0159i kr\u00e9tsk\u00fd, nep\u0159est\u00e1vej se modlit za ty, kte\u0159\u00ed t\u011b op\u011bvuj\u00ed, abychom zbaveni byli v\u0161eho hn\u011bvu, z\u00e1rmutku, z\u00e1huby a h\u0159\u00edch\u016f nes\u010detn\u00fdch, my, kte\u0159\u00ed st\u00e1le ct\u00edme tvou pam\u00e1tku.<\/p>\n<p style=\"text-align: center;\"><strong>Smiluj se nade mnou, Bo\u017ee, smiluj se.<\/strong><\/p>\n<p>\u00dactyhodn\u00e9 je man\u017eelstv\u00ed a lo\u017ee neposkvrn\u011bn\u00e9; nebo\u0165 po\u017eehnal je Kristus, kdy\u017e v t\u011ble v K\u00e1n\u011b na svatb\u011b jedl, vodu ve v\u00edno prom\u011bnil a uk\u00e1zal t\u00edm prvn\u00ed z\u00e1zrak, abys ty, du\u0161e, se obr\u00e1tila.<\/p>\n<p style=\"text-align: center;\"><strong>Smiluj se nade mnou, Bo\u017ee, smiluj se.<\/strong><\/p>\n<p>V\u00edm, Milosrdn\u00fd, zh\u0159e\u0161il jsem, kdy\u017e jsem poskvrnil svou schr\u00e1nku t\u011blesnou; p\u0159ijmi mne v\u0161ak v pok\u00e1n\u00ed a povolej k pozn\u00e1n\u00ed, abych se nestal ko\u0159ist\u00ed a pokrmem nep\u0159\u00edtele; s\u00e1m, Spasiteli, slituj se nade mnou!<\/p>\n<p style=\"text-align: center;\"><strong>Ctihodn\u00e1 matko Marie, pros Boha za n\u00e1s.<\/strong><\/p>\n<p>A\u010dkoliv jsi upadla v hlubinu velik\u00fdch ne\u0159est\u00ed, nez\u016fstalas tam, ale vy\u0161\u0161\u00ed my\u0161lenkou vedena, Marie, vy\u0161la jsi skrze skutky k zjevn\u011b dokonal\u00e9 ctnosti, ku p\u0159ekvapen\u00ed and\u011bl\u016f.<\/p>\n<p style=\"text-align: center;\"><strong>Smiluj se nade mnou, Bo\u017ee, smiluj se.<\/strong><\/p>\n<p>Pad\u00e1m p\u0159ed tebou a p\u0159in\u00e1\u0161\u00edm ti jako slzy slova sv\u00e1: zh\u0159e\u0161il jsem, jak nezh\u0159e\u0161ila ani smilnice, a \u017eil jsem nez\u00e1konn\u011b jako nikdo jin\u00fd na zemi; p\u0159esto slituj se, Pane, nad tvorem sv\u00fdm a zavolej mne zp\u011bt.<\/p>\n<p>U\u0161et\u0159i, Spasiteli, tvora sv\u00e9ho a jako past\u00fd\u0159 vyhledej, co je ztracen\u00e9ho; navra\u0165 zbloudilou ovci, vysvobo\u010f mne od vlka a u\u010di\u0148 jednou z ovc\u00ed st\u00e1da sv\u00e9ho<strong>\u2026<\/strong><\/p>\n<p style=\"text-align: right;\"><em>\u010cerp\u00e1no ze star\u0161\u00edch \u010d\u00edsel Dobr\u00e9ho past\u00fd\u0159e<\/em><\/p>\n","protected":false},"excerpt":{"rendered":"<p>(\u00faryvek) Velkolep\u00e1 b\u00e1se\u0148 svat\u00e9ho Ond\u0159eje, kr\u00e9tsk\u00e9ho arcibiskupa (\u1f08\u03bd\u03b4\u03c1\u03ad\u03b1\u03c2 \u039a\u03c1\u03ae\u03c4\u03b7\u03c2), poch\u00e1zej\u00edc\u00ed z p\u0159elomu 7. a 8. stolet\u00ed, je drahocenn\u00fdm klenotem liturgick\u00e9 poezie C\u00edrkve, jen\u017e se dodnes \u010dte v pravoslavn\u00fdch chr\u00e1mech a sv\u00fdmi vzne\u0161en\u00fdmi obrazy n\u00e1m odkr\u00fdv\u00e1 prav\u00fd smysl Svat\u00e9 \u010dty\u0159ic\u00e1tnice: ukazuje cestu hlubok\u00e9ho pok\u00e1n\u00ed, probuzen\u00ed z duchovn\u00edho sp\u00e1nku, uv\u011bdom\u011bn\u00ed si vlastn\u00ed h\u0159\u00ed\u0161nosti a vyz\u00fdv\u00e1 k n\u00e1vratu&#8230;<\/p>\n","protected":false},"author":3,"featured_media":0,"comment_status":"open","ping_status":"open","sticky":false,"template":"","format":"standard","meta":{"jetpack_post_was_ever_published":false,"_jetpack_newsletter_access":"","_jetpack_dont_email_post_to_subs":false,"_jetpack_newsletter_tier_id":0,"_jetpack_memberships_contains_paywalled_content":false,"_jetpack_memberships_contains_paid_content":false,"footnotes":"","jetpack_publicize_message":"","jetpack_publicize_feature_enabled":true,"jetpack_social_post_already_shared":false,"jetpack_social_options":{"image_generator_settings":{"template":"highway","default_image_id":0,"font":"","enabled":false},"version":2}},"categories":[9,4],"tags":[],"class_list":["post-188","post","type-post","status-publish","format-standard","hentry","category-pouceni-svatych-otcu","category-pouceni"],"jetpack_publicize_connections":[],"jetpack_featured_media_url":"","jetpack_sharing_enabled":true,"jetpack_shortlink":"https:\/\/wp.me\/p9GyX2-32","jetpack-related-posts":[],"_links":{"self":[{"href":"https:\/\/pravoslavnebrno.cz\/el\/wp-json\/wp\/v2\/posts\/188","targetHints":{"allow":["GET"]}}],"collection":[{"href":"https:\/\/pravoslavnebrno.cz\/el\/wp-json\/wp\/v2\/posts"}],"about":[{"href":"https:\/\/pravoslavnebrno.cz\/el\/wp-json\/wp\/v2\/types\/post"}],"author":[{"embeddable":true,"href":"https:\/\/pravoslavnebrno.cz\/el\/wp-json\/wp\/v2\/users\/3"}],"replies":[{"embeddable":true,"href":"https:\/\/pravoslavnebrno.cz\/el\/wp-json\/wp\/v2\/comments?post=188"}],"version-history":[{"count":3,"href":"https:\/\/pravoslavnebrno.cz\/el\/wp-json\/wp\/v2\/posts\/188\/revisions"}],"predecessor-version":[{"id":193,"href":"https:\/\/pravoslavnebrno.cz\/el\/wp-json\/wp\/v2\/posts\/188\/revisions\/193"}],"wp:attachment":[{"href":"https:\/\/pravoslavnebrno.cz\/el\/wp-json\/wp\/v2\/media?parent=188"}],"wp:term":[{"taxonomy":"category","embeddable":true,"href":"https:\/\/pravoslavnebrno.cz\/el\/wp-json\/wp\/v2\/categories?post=188"},{"taxonomy":"post_tag","embeddable":true,"href":"https:\/\/pravoslavnebrno.cz\/el\/wp-json\/wp\/v2\/tags?post=188"}],"curies":[{"name":"wp","href":"https:\/\/api.w.org\/{rel}","templated":true}]}}