{"id":1583,"date":"2018-05-01T19:01:18","date_gmt":"2018-05-01T18:01:18","guid":{"rendered":"http:\/\/pravoslavbrno.cz\/?p=1583"},"modified":"2018-05-01T19:04:30","modified_gmt":"2018-05-01T18:04:30","slug":"vyznam-vzpominani-jmen-pri-svate-proskomidii","status":"publish","type":"post","link":"https:\/\/pravoslavnebrno.cz\/el\/vyznam-vzpominani-jmen-pri-svate-proskomidii\/","title":{"rendered":"Jak z\u00e1sadn\u00ed v\u00fdznam m\u00e1 vzpom\u00edn\u00e1n\u00ed jmen p\u0159i svat\u00e9 Proskomidii"},"content":{"rendered":"<h2 style=\"text-align: center;\"><strong>Pane Je\u017e\u00ed\u0161i Kriste, smiluj se nad n\u00e1mi!<\/strong><\/h2>\n<p style=\"text-align: center;\"><a href=\"http:\/\/pravoslavbrno.cz\/wp-content\/uploads\/2018\/05\/31472554_367339210420549_1715845142763536384_n.jpg\"><img loading=\"lazy\" decoding=\"async\" class=\"alignnone wp-image-1582\" src=\"http:\/\/pravoslavbrno.cz\/wp-content\/uploads\/2018\/05\/31472554_367339210420549_1715845142763536384_n-200x300.jpg\" alt=\"\" width=\"379\" height=\"569\" srcset=\"https:\/\/pravoslavnebrno.cz\/wp-content\/uploads\/2018\/05\/31472554_367339210420549_1715845142763536384_n-200x300.jpg 200w, https:\/\/pravoslavnebrno.cz\/wp-content\/uploads\/2018\/05\/31472554_367339210420549_1715845142763536384_n.jpg 320w\" sizes=\"auto, (max-width: 379px) 100vw, 379px\" \/><\/a><\/p>\n<p style=\"text-align: center;\"><em>Ctihodn\u00fd otec Jakovos Tsalikis, nov\u011b kanonizovan\u00fd \u0159eck\u00fd sv\u011btec<\/em><\/p>\n<p>Kdy\u017e kn\u011bz vyb\u00edr\u00e1 \u010d\u00e1sti\u010dky z\u00a0prosfory, aby vzpom\u00ednal jm\u00e9na v\u011b\u0159\u00edc\u00edch p\u0159i svat\u00e9 Proskomidii, sestupuje And\u011bl P\u00e1n\u011b a p\u0159ij\u00edm\u00e1 tato vzpom\u00ednan\u00e1 jm\u00e9na a p\u0159in\u00e1\u0161\u00ed je a p\u0159edkl\u00e1d\u00e1 je k\u00a0tr\u016fnu na\u0161eho P\u00e1na Je\u017e\u00ed\u0161e Krista jako modlitbu za ty, kte\u0159\u00ed byli vzpomenuti.<\/p>\n<p>Jen si p\u0159edstavte a pouva\u017eujte nad t\u00edm, jak v\u00fdznamn\u00e9 je, kdy\u017e jsou va\u0161e jm\u00e9na vzpomenuta p\u0159i svat\u00e9 Proskomidii.<\/p>\n<p style=\"text-align: left;\">Ctihodn\u00fd Jakovos Tsalikis<\/p>\n","protected":false},"excerpt":{"rendered":"<p>Pane Je\u017e\u00ed\u0161i Kriste, smiluj se nad n\u00e1mi! Ctihodn\u00fd otec Jakovos Tsalikis, nov\u011b kanonizovan\u00fd \u0159eck\u00fd sv\u011btec Kdy\u017e kn\u011bz vyb\u00edr\u00e1 \u010d\u00e1sti\u010dky z\u00a0prosfory, aby vzpom\u00ednal jm\u00e9na v\u011b\u0159\u00edc\u00edch p\u0159i svat\u00e9 Proskomidii, sestupuje And\u011bl P\u00e1n\u011b a p\u0159ij\u00edm\u00e1 tato vzpom\u00ednan\u00e1 jm\u00e9na a p\u0159in\u00e1\u0161\u00ed je a p\u0159edkl\u00e1d\u00e1 je k\u00a0tr\u016fnu na\u0161eho P\u00e1na Je\u017e\u00ed\u0161e Krista jako modlitbu za ty, kte\u0159\u00ed byli vzpomenuti. Jen si&#8230;<\/p>\n","protected":false},"author":3,"featured_media":0,"comment_status":"open","ping_status":"open","sticky":false,"template":"","format":"standard","meta":{"jetpack_post_was_ever_published":false,"_jetpack_newsletter_access":"","_jetpack_dont_email_post_to_subs":false,"_jetpack_newsletter_tier_id":0,"_jetpack_memberships_contains_paywalled_content":false,"_jetpack_memberships_contains_paid_content":false,"footnotes":"","jetpack_publicize_message":"","jetpack_publicize_feature_enabled":true,"jetpack_social_post_already_shared":true,"jetpack_social_options":{"image_generator_settings":{"template":"highway","default_image_id":0,"font":"","enabled":false},"version":2}},"categories":[9],"tags":[],"class_list":["post-1583","post","type-post","status-publish","format-standard","hentry","category-pouceni-svatych-otcu"],"jetpack_publicize_connections":[],"jetpack_featured_media_url":"","jetpack_sharing_enabled":true,"jetpack_shortlink":"https:\/\/wp.me\/p9GyX2-px","jetpack-related-posts":[],"_links":{"self":[{"href":"https:\/\/pravoslavnebrno.cz\/el\/wp-json\/wp\/v2\/posts\/1583","targetHints":{"allow":["GET"]}}],"collection":[{"href":"https:\/\/pravoslavnebrno.cz\/el\/wp-json\/wp\/v2\/posts"}],"about":[{"href":"https:\/\/pravoslavnebrno.cz\/el\/wp-json\/wp\/v2\/types\/post"}],"author":[{"embeddable":true,"href":"https:\/\/pravoslavnebrno.cz\/el\/wp-json\/wp\/v2\/users\/3"}],"replies":[{"embeddable":true,"href":"https:\/\/pravoslavnebrno.cz\/el\/wp-json\/wp\/v2\/comments?post=1583"}],"version-history":[{"count":4,"href":"https:\/\/pravoslavnebrno.cz\/el\/wp-json\/wp\/v2\/posts\/1583\/revisions"}],"predecessor-version":[{"id":1587,"href":"https:\/\/pravoslavnebrno.cz\/el\/wp-json\/wp\/v2\/posts\/1583\/revisions\/1587"}],"wp:attachment":[{"href":"https:\/\/pravoslavnebrno.cz\/el\/wp-json\/wp\/v2\/media?parent=1583"}],"wp:term":[{"taxonomy":"category","embeddable":true,"href":"https:\/\/pravoslavnebrno.cz\/el\/wp-json\/wp\/v2\/categories?post=1583"},{"taxonomy":"post_tag","embeddable":true,"href":"https:\/\/pravoslavnebrno.cz\/el\/wp-json\/wp\/v2\/tags?post=1583"}],"curies":[{"name":"wp","href":"https:\/\/api.w.org\/{rel}","templated":true}]}}