{"id":1148,"date":"2018-04-04T20:47:36","date_gmt":"2018-04-04T19:47:36","guid":{"rendered":"http:\/\/pravoslavbrno.cz\/?p=1148"},"modified":"2018-04-04T20:52:20","modified_gmt":"2018-04-04T19:52:20","slug":"paschalni-pozdrav-duchovniho-spravce-vericim-ve-zdaru-n-sazavou","status":"publish","type":"post","link":"https:\/\/pravoslavnebrno.cz\/el\/paschalni-pozdrav-duchovniho-spravce-vericim-ve-zdaru-n-sazavou\/","title":{"rendered":"Pasch\u00e1ln\u00ed pozdrav duchovn\u00edho spr\u00e1vce v\u011b\u0159\u00edc\u00edm ve \u017d\u010f\u00e1ru n. S\u00e1zavou"},"content":{"rendered":"<h3><strong>Mil\u00ed moji v\u011b\u0159\u00edc\u00ed c\u00edrkevn\u00ed obce ve \u017d\u010f\u00e1ru nad S\u00e1zavou,<\/strong><\/h3>\n<h3 style=\"text-align: center;\"><strong>Christos Voskrese! Kristus vstal z\u00a0mrtv\u00fdch!<br \/>\n<\/strong><strong>\u201eDnes n\u00e1m nastala svat\u00e1 Pascha. Pascha nov\u00e1 a svat\u00e1!\u201c <\/strong><\/h3>\n<p style=\"text-align: center;\"><a href=\"http:\/\/pravoslavbrno.cz\/wp-content\/uploads\/2018\/04\/4935.jpg\"><img loading=\"lazy\" decoding=\"async\" class=\"alignnone wp-image-1149\" src=\"http:\/\/pravoslavbrno.cz\/wp-content\/uploads\/2018\/04\/4935-300x215.jpg\" alt=\"\" width=\"572\" height=\"410\" srcset=\"https:\/\/pravoslavnebrno.cz\/wp-content\/uploads\/2018\/04\/4935-300x215.jpg 300w, https:\/\/pravoslavnebrno.cz\/wp-content\/uploads\/2018\/04\/4935-768x551.jpg 768w, https:\/\/pravoslavnebrno.cz\/wp-content\/uploads\/2018\/04\/4935-700x502.jpg 700w, https:\/\/pravoslavnebrno.cz\/wp-content\/uploads\/2018\/04\/4935.jpg 800w\" sizes=\"auto, (max-width: 572px) 100vw, 572px\" \/><\/a><\/p>\n<h4>Obrac\u00edm se na V\u00e1s na v\u0161echny slovy K\u00e1nonu sv. Ond\u0159eje Kr\u00e9tsk\u00e9ho, kter\u00e1 prav\u00ed: \u201e\u0411\u043e\u0433 \u0438\u0434\u0435\u0436\u0435 \u0445\u043e\u0449\u0435\u0442, \u043f\u043e\u0431\u0435\u0436\u0434\u0430\u0435\u0442\u0441\u044f \u0435\u0441\u0442\u0435\u0441\u0442\u0432\u0430 \u0447\u0438\u043d.\u201c To znamen\u00e1, \u017ee v\u00a0souladu s\u00a0c\u00edrkevn\u00ed Tradic\u00ed v\u011b\u0159\u00edme, \u017ee tam, kde \u201eB\u016fh chce\u201c, tam se \u201eru\u0161\u00ed i z\u00e1kony p\u0159\u00edrody\u201c (viz Bohorodi\u010den, P\u00edse\u0148 4). D\u00edky tomu v\u00edme, \u017ee se d\u011bje n\u011bco podivuhodn\u00e9ho a z\u00e1zra\u010dn\u00e9ho.<\/h4>\n<h4>Jedn\u00edm takov\u00fdm aktu\u00e1ln\u00edm a sou\u010dasn\u011b velik\u00fdm z\u00e1zrakem je \u201epovst\u00e1n\u00ed\u201c nov\u00e9 c\u00edrkevn\u00ed obce ve \u017d\u010f\u00e1ru nad S\u00e1zavou. Va\u0161\u00ed obce, nebo\u0165 Vy jste obecenstv\u00ed brat\u0159\u00ed a sester v\u00a0Kristu, shrom\u00e1\u017ed\u011bn\u00fdch kolem sv\u00e9ho biskupa, kolem sv\u00e9ho past\u00fd\u0159e, kolem samotn\u00e9ho Spasitele, jak jasn\u011b vypl\u00fdv\u00e1 z\u00a0evangeln\u00edch slov: \u201eNebo\u0165 kdekoli se shrom\u00e1\u017ed\u00ed dva nebo t\u0159i v m\u00e9m jm\u00e9nu, tam jsem j\u00e1 uprost\u0159ed nich. (Mat 18,20) A V\u00e1s je ji\u017e nesrovnateln\u011b v\u00edce.<\/h4>\n<h4>Jak dob\u0159e v\u00edte, \u017d\u010f\u00e1r nad S\u00e1zavou, kde Va\u0161e nov\u00e1 c\u00edrkevn\u00ed obec vznikla, zahrnuje z\u00a0pohledu c\u00edrkevn\u00ed spr\u00e1vy tak\u00e9 dal\u0161\u00ed m\u011bsta: spolu s\u00a0Nov\u00fdm M\u011bstem na Morav\u011b\u00a0rovn\u011b\u017e K\u0159i\u017eanov a dal\u0161\u00ed p\u0159ilehl\u00e1 m\u011bste\u010dka a vesni\u010dky, kde v\u0161ude \u017eijete a pracujete, kde tak\u00e9 p\u016fsob\u00edte jako pravoslavn\u00ed k\u0159es\u0165an\u00e9, kte\u0159\u00ed sv\u011bdomit\u011b a s\u00a0radost\u00ed zachov\u00e1vaj\u00ed sv\u00e9 zbo\u017en\u00e9 tradice, bohoslu\u017eby, v\u00edru a duchovnost.<\/h4>\n<h4>A proto je moje radost dvojn\u00e1sobn\u00e1, kdy\u017e se do\u017e\u00edv\u00e1m tohoto velk\u00e9ho dne, kdy v\u00a0tomto m\u011bst\u011b a ve Va\u0161\u00ed farnosti bude slavena v\u016fbec prvn\u00ed historick\u00e1 pasch\u00e1ln\u00ed liturgie. Prvn\u00ed Pascha podle na\u0161ich tradic, a nav\u00edc v\u00a0p\u0159ekr\u00e1sn\u00e9m chr\u00e1mu Svat\u00e9 Trojice.<\/h4>\n<h4>V\u011b\u0159\u00edm a t\u011b\u0161\u00edm se, \u017ee budeme moci spole\u010dn\u011b pro\u017e\u00edt tyto slavnostn\u00ed chv\u00edle pln\u00e9 nebesk\u00e9 radosti, nebo\u0165 pr\u00e1v\u011b z\u00a0nebe sestoupili svat\u00ed and\u011bl\u00e9, kte\u0159\u00ed prvn\u00ed zv\u011bstovali \u017een\u00e1m nesouc\u00edm myro, \u017ee P\u00e1na Je\u017e\u00ed\u0161e v\u00a0hrob\u011b ji\u017e nenaleznou, nebo\u0165 \u201evstal z\u00a0mrtv\u00fdch\u201c!<\/h4>\n<h4>And\u011bl pak odpov\u011bd\u011bl \u017een\u00e1m: \u201eVy se nebojte. V\u017edy\u0165 v\u00edm, \u017ee hled\u00e1te uk\u0159i\u017eovan\u00e9ho Je\u017e\u00ed\u0161e. Nen\u00ed tu, nebo\u0165 vstal, jak p\u0159edpov\u011bd\u011bl. Poj\u010fte, pohle\u010fte na m\u00edsto, kde le\u017eel P\u00e1n. Jd\u011bte rychle a \u0159ekn\u011bte jeho u\u010dedn\u00edk\u016fm,<br \/>\n\u017ee byl vzk\u0159\u00ed\u0161en z mrtv\u00fdch.\u201c (Mat 28, 5-7)<\/h4>\n<h4>Dovolte, abych svou zdravici zakon\u010dil slovy na\u0161\u00ed kr\u00e1sn\u00e9 duchovn\u00ed p\u00edsn\u011b, kter\u00e1 sv\u011bd\u010d\u00ed o nadp\u0159irozen\u00e9m charakteru a okolnostech tohoto sv\u00e1tku a kter\u00e1 n\u00e1s uji\u0161\u0165uje, \u017ee n\u00e1\u0161 P\u00e1n je Vl\u00e1dce nad \u017eivotem a smrt\u00ed, kter\u00e9ho op\u011bvuj\u00ed bytosti nejen pozemsk\u00e9, tedy my lid\u00e9, n\u00fdbr\u017e tak\u00e9 ty nebesk\u00e9, svat\u00ed and\u011bl\u00e9: \u201eVoskresenije Tvoje, Christe Spase, Anheli pojut na nebesich, i nas na zemli spodobi \u010distym serdcem tebe pity i slavity (Tv\u00e9 vzk\u0159\u00ed\u0161en\u00ed, Kriste Spasiteli, op\u011bvuj\u00ed and\u011bl\u00e9 na nebes\u00edch. U\u010di\u0148, abychom t\u011b i my na zemi \u010dist\u00fdm srdcem op\u011bvovali a slavili).\u201c<\/h4>\n<h4>Nu\u017ee, p\u011bjme spole\u010dn\u011b Bohu p\u00edse\u0148, chvalme Ho jako Jeho obl\u00edben\u00fd a Duchem Svat\u00fdm\u00a0inspirovan\u00fd kr\u00e1l a prorok David: \u201eTo jest den, kter\u00fd\u017e u\u010dinil Hospodin, a proto radujme se a veselme se v n\u011bm.\u201c (\u017dalm 118,24)<\/h4>\n<h4>P\u0159eji V\u00e1m v\u0161em od Vzk\u0159\u00ed\u0161en\u00e9ho Spasitele radostnou Paschu a mnoho zdrav\u00ed<br \/>\na radosti do Va\u0161ich \u017eivot\u016f!<\/h4>\n<h4 style=\"text-align: right;\">V\u00e1\u0161 duchovn\u00ed otec\u00a0<strong>Jozef Fejsak<\/strong><\/h4>\n<h4 style=\"text-align: right;\">Ve \u017d\u010f\u00e1ru nad S\u00e1zavou (Pascha Kristova\u00a02018)<\/h4>\n","protected":false},"excerpt":{"rendered":"<p>Mil\u00ed moji v\u011b\u0159\u00edc\u00ed c\u00edrkevn\u00ed obce ve \u017d\u010f\u00e1ru nad S\u00e1zavou, Christos Voskrese! Kristus vstal z\u00a0mrtv\u00fdch! \u201eDnes n\u00e1m nastala svat\u00e1 Pascha. Pascha nov\u00e1 a svat\u00e1!\u201c Obrac\u00edm se na V\u00e1s na v\u0161echny slovy K\u00e1nonu sv. Ond\u0159eje Kr\u00e9tsk\u00e9ho, kter\u00e1 prav\u00ed: \u201e\u0411\u043e\u0433 \u0438\u0434\u0435\u0436\u0435 \u0445\u043e\u0449\u0435\u0442, \u043f\u043e\u0431\u0435\u0436\u0434\u0430\u0435\u0442\u0441\u044f \u0435\u0441\u0442\u0435\u0441\u0442\u0432\u0430 \u0447\u0438\u043d.\u201c To znamen\u00e1, \u017ee v\u00a0souladu s\u00a0c\u00edrkevn\u00ed Tradic\u00ed v\u011b\u0159\u00edme, \u017ee tam, kde \u201eB\u016fh chce\u201c, tam&#8230;<\/p>\n","protected":false},"author":3,"featured_media":0,"comment_status":"open","ping_status":"open","sticky":false,"template":"","format":"standard","meta":{"jetpack_post_was_ever_published":false,"_jetpack_newsletter_access":"","_jetpack_dont_email_post_to_subs":false,"_jetpack_newsletter_tier_id":0,"_jetpack_memberships_contains_paywalled_content":false,"_jetpack_memberships_contains_paid_content":false,"footnotes":"","jetpack_publicize_message":"","jetpack_publicize_feature_enabled":true,"jetpack_social_post_already_shared":true,"jetpack_social_options":{"image_generator_settings":{"template":"highway","default_image_id":0,"font":"","enabled":false},"version":2}},"categories":[11],"tags":[],"class_list":["post-1148","post","type-post","status-publish","format-standard","hentry","category-homilie"],"jetpack_publicize_connections":[],"jetpack_featured_media_url":"","jetpack_sharing_enabled":true,"jetpack_shortlink":"https:\/\/wp.me\/p9GyX2-iw","jetpack-related-posts":[],"_links":{"self":[{"href":"https:\/\/pravoslavnebrno.cz\/el\/wp-json\/wp\/v2\/posts\/1148","targetHints":{"allow":["GET"]}}],"collection":[{"href":"https:\/\/pravoslavnebrno.cz\/el\/wp-json\/wp\/v2\/posts"}],"about":[{"href":"https:\/\/pravoslavnebrno.cz\/el\/wp-json\/wp\/v2\/types\/post"}],"author":[{"embeddable":true,"href":"https:\/\/pravoslavnebrno.cz\/el\/wp-json\/wp\/v2\/users\/3"}],"replies":[{"embeddable":true,"href":"https:\/\/pravoslavnebrno.cz\/el\/wp-json\/wp\/v2\/comments?post=1148"}],"version-history":[{"count":6,"href":"https:\/\/pravoslavnebrno.cz\/el\/wp-json\/wp\/v2\/posts\/1148\/revisions"}],"predecessor-version":[{"id":1155,"href":"https:\/\/pravoslavnebrno.cz\/el\/wp-json\/wp\/v2\/posts\/1148\/revisions\/1155"}],"wp:attachment":[{"href":"https:\/\/pravoslavnebrno.cz\/el\/wp-json\/wp\/v2\/media?parent=1148"}],"wp:term":[{"taxonomy":"category","embeddable":true,"href":"https:\/\/pravoslavnebrno.cz\/el\/wp-json\/wp\/v2\/categories?post=1148"},{"taxonomy":"post_tag","embeddable":true,"href":"https:\/\/pravoslavnebrno.cz\/el\/wp-json\/wp\/v2\/tags?post=1148"}],"curies":[{"name":"wp","href":"https:\/\/api.w.org\/{rel}","templated":true}]}}