{"id":438,"date":"2018-02-27T12:02:06","date_gmt":"2018-02-27T11:02:06","guid":{"rendered":"http:\/\/pravoslavbrno.cz\/?p=438"},"modified":"2018-02-27T12:35:36","modified_gmt":"2018-02-27T11:35:36","slug":"prave-proto-je-clovek-nestastny","status":"publish","type":"post","link":"http:\/\/pravoslavnebrno.cz\/uk\/prave-proto-je-clovek-nestastny\/","title":{"rendered":"Pro\u010d je \u010dlov\u011bk ne\u0161\u0165astn\u00fd"},"content":{"rendered":"<p style=\"text-align: center;\"><a href=\"http:\/\/pravoslavbrno.cz\/wp-content\/uploads\/2018\/02\/267962-111.jpg\"><img loading=\"lazy\" decoding=\"async\" class=\"alignnone wp-image-441\" src=\"http:\/\/pravoslavbrno.cz\/wp-content\/uploads\/2018\/02\/267962-111.jpg\" alt=\"\" width=\"299\" height=\"427\" \/><\/a><\/p>\n<p>\u201eModlitbou \u010dlov\u011bk roz\u0161i\u0159uje cel\u00e9 sv\u00e9 byt\u00ed a obj\u00edm\u00e1 cel\u00fd sv\u011bt; teprve tehdy se \u010dlov\u011bk skute\u010dn\u011b raduje ze \u017eivota. Modlitba v dne\u0161n\u00edm sv\u011bt\u011b chyb\u00ed, a proto je sv\u011bt ne\u0161\u0165astn\u00fd. \u010clov\u011bk, by\u0165 je stvo\u0159en\u00fdm byt\u00edm a m\u00e1 sv\u00e9 ohrani\u010den\u00ed, m\u016f\u017ee prost\u0159ednictv\u00edm modlitby vej\u00edt ve spole\u010denstv\u00ed s\u00a0nestvo\u0159en\u00fdm a nekone\u010dn\u00fdm Bohem.\u201c<\/p>\n<p style=\"text-align: right;\">Starec Efrem Vatopedsk\u00fd<\/p>\n","protected":false},"excerpt":{"rendered":"<p>\u201eModlitbou \u010dlov\u011bk roz\u0161i\u0159uje cel\u00e9 sv\u00e9 byt\u00ed a obj\u00edm\u00e1 cel\u00fd sv\u011bt; teprve tehdy se \u010dlov\u011bk skute\u010dn\u011b raduje ze \u017eivota. Modlitba v dne\u0161n\u00edm sv\u011bt\u011b chyb\u00ed, a proto je sv\u011bt ne\u0161\u0165astn\u00fd. \u010clov\u011bk, by\u0165 je stvo\u0159en\u00fdm byt\u00edm a m\u00e1 sv\u00e9 ohrani\u010den\u00ed, m\u016f\u017ee prost\u0159ednictv\u00edm modlitby vej\u00edt ve spole\u010denstv\u00ed s\u00a0nestvo\u0159en\u00fdm a nekone\u010dn\u00fdm Bohem.\u201c Starec Efrem Vatopedsk\u00fd<\/p>\n","protected":false},"author":3,"featured_media":0,"comment_status":"open","ping_status":"open","sticky":false,"template":"","format":"standard","meta":{"jetpack_post_was_ever_published":false,"_jetpack_newsletter_access":"","_jetpack_dont_email_post_to_subs":false,"_jetpack_newsletter_tier_id":0,"_jetpack_memberships_contains_paywalled_content":false,"_jetpack_memberships_contains_paid_content":false,"footnotes":"","jetpack_publicize_message":"","jetpack_publicize_feature_enabled":true,"jetpack_social_post_already_shared":true,"jetpack_social_options":{"image_generator_settings":{"template":"highway","default_image_id":0,"font":"","enabled":false},"version":2}},"categories":[11,10,4],"tags":[],"class_list":["post-438","post","type-post","status-publish","format-standard","hentry","category-homilie","category-pouceni-z-pateriku","category-pouceni"],"jetpack_publicize_connections":[],"jetpack_featured_media_url":"","jetpack_sharing_enabled":true,"jetpack_shortlink":"https:\/\/wp.me\/p9GyX2-74","jetpack-related-posts":[],"_links":{"self":[{"href":"http:\/\/pravoslavnebrno.cz\/uk\/wp-json\/wp\/v2\/posts\/438","targetHints":{"allow":["GET"]}}],"collection":[{"href":"http:\/\/pravoslavnebrno.cz\/uk\/wp-json\/wp\/v2\/posts"}],"about":[{"href":"http:\/\/pravoslavnebrno.cz\/uk\/wp-json\/wp\/v2\/types\/post"}],"author":[{"embeddable":true,"href":"http:\/\/pravoslavnebrno.cz\/uk\/wp-json\/wp\/v2\/users\/3"}],"replies":[{"embeddable":true,"href":"http:\/\/pravoslavnebrno.cz\/uk\/wp-json\/wp\/v2\/comments?post=438"}],"version-history":[{"count":6,"href":"http:\/\/pravoslavnebrno.cz\/uk\/wp-json\/wp\/v2\/posts\/438\/revisions"}],"predecessor-version":[{"id":446,"href":"http:\/\/pravoslavnebrno.cz\/uk\/wp-json\/wp\/v2\/posts\/438\/revisions\/446"}],"wp:attachment":[{"href":"http:\/\/pravoslavnebrno.cz\/uk\/wp-json\/wp\/v2\/media?parent=438"}],"wp:term":[{"taxonomy":"category","embeddable":true,"href":"http:\/\/pravoslavnebrno.cz\/uk\/wp-json\/wp\/v2\/categories?post=438"},{"taxonomy":"post_tag","embeddable":true,"href":"http:\/\/pravoslavnebrno.cz\/uk\/wp-json\/wp\/v2\/tags?post=438"}],"curies":[{"name":"wp","href":"https:\/\/api.w.org\/{rel}","templated":true}]}}