{"id":3063,"date":"2018-08-16T23:00:02","date_gmt":"2018-08-16T22:00:02","guid":{"rendered":"http:\/\/pravoslavbrno.cz\/?p=3063"},"modified":"2018-08-17T05:13:35","modified_gmt":"2018-08-17T04:13:35","slug":"svatek-promeneni-ukazujici-nam-pokorneho-jezise-i-bohocloveka-krista","status":"publish","type":"post","link":"http:\/\/pravoslavnebrno.cz\/uk\/svatek-promeneni-ukazujici-nam-pokorneho-jezise-i-bohocloveka-krista\/","title":{"rendered":"Sv\u00e1tek Prom\u011bn\u011bn\u00ed ukazuj\u00edc\u00ed n\u00e1m pokorn\u00e9ho Je\u017e\u00ed\u0161e i boho\u010dlov\u011bka Krista"},"content":{"rendered":"<h2 style=\"text-align: center;\"><strong>Slovo ke sv\u00e1tku \u201eProm\u011bn\u011bn\u00ed P\u00e1n\u011b\u201c<br \/>\n<\/strong><strong>Podle d\u00edla (\u2020) archim. Georgia Grigoriatsk\u00e9ho<\/strong><\/h2>\n<h3 style=\"text-align: center;\"><strong>\u00a0<\/strong><strong>V Bohu zesnul\u00e9ho igumena Posv\u00e1tn\u00e9ho monast\u00fdru<br \/>\n<\/strong><strong>\u0158eho\u0159e na Svat\u00e9 Ho\u0159e Athos<\/strong><\/h3>\n<p style=\"text-align: center;\"><strong>\u00a0<a href=\"http:\/\/pravoslavbrno.cz\/wp-content\/uploads\/2018\/04\/\u03b1\u03c1\u03c8\u03b7\u03b9\u03bc.-\u0393\u03b5\u03c9\u03c1\u03b3\u03b9\u03bf\u03c2.png\"><img loading=\"lazy\" decoding=\"async\" class=\"alignnone wp-image-1161\" src=\"http:\/\/pravoslavbrno.cz\/wp-content\/uploads\/2018\/04\/\u03b1\u03c1\u03c8\u03b7\u03b9\u03bc.-\u0393\u03b5\u03c9\u03c1\u03b3\u03b9\u03bf\u03c2-300x225.png\" alt=\"\" width=\"568\" height=\"426\" srcset=\"http:\/\/pravoslavnebrno.cz\/wp-content\/uploads\/2018\/04\/\u03b1\u03c1\u03c8\u03b7\u03b9\u03bc.-\u0393\u03b5\u03c9\u03c1\u03b3\u03b9\u03bf\u03c2-300x225.png 300w, http:\/\/pravoslavnebrno.cz\/wp-content\/uploads\/2018\/04\/\u03b1\u03c1\u03c8\u03b7\u03b9\u03bc.-\u0393\u03b5\u03c9\u03c1\u03b3\u03b9\u03bf\u03c2-80x60.png 80w, http:\/\/pravoslavnebrno.cz\/wp-content\/uploads\/2018\/04\/\u03b1\u03c1\u03c8\u03b7\u03b9\u03bc.-\u0393\u03b5\u03c9\u03c1\u03b3\u03b9\u03bf\u03c2.png 471w\" sizes=\"auto, (max-width: 568px) 100vw, 568px\" \/><\/a><\/strong><\/p>\n<p>Na ka\u017ed\u00e9ho, kter\u00fd se v\u00a0t\u011bchto dnech p\u0159ibli\u017euje ke sv\u00e1tku Prom\u011bn\u011bn\u00ed P\u00e1n\u011b, mus\u00ed, cht\u011b necht\u011b, u\u010dinit velk\u00fd dojem zejm\u00e9na ta skute\u010dnost, \u017ee k\u00a0tomuto slavn\u00e9mu dni se poj\u00ed zvl\u00e1\u0161tn\u00ed a zcela neopakovateln\u00e1 zku\u0161enost na\u0161\u00ed svat\u00e9 C\u00edrkve, kter\u00e1 je vyj\u00e1d\u0159ena bohohlasn\u00fdmi zp\u011bvy posv\u00e1tn\u00fdch text\u016f a mystickou teologi\u00ed svat\u00fdch Otc\u016f, jako\u017e<br \/>\ni duchovn\u00edm p\u0159\u00ednosem pravoslavn\u00e9ho mni\u0161stv\u00ed.<\/p>\n<p>Starec Georgios Grigoriatsk\u00fd pronesl bezpo\u010det homili\u00ed p\u0159i p\u0159\u00edle\u017eitosti tohoto sv\u00e1tku b\u011bhem sv\u00e9ho dlouh\u00e9ho, \u010dty\u0159icetilet\u00e9ho igumenstv\u00ed v\u00a0monast\u00fdru sv. \u0158eho\u0159e na Sv. Ho\u0159e Athos.<!--more--><\/p>\n<p>V\u00a0t\u011bchto sv\u00fdch k\u00e1z\u00e1n\u00edch v\u017edy zd\u016fraz\u0148oval n\u011bkolik dimenz\u00ed tohoto sv\u00e1tku, p\u0159i\u010dem\u017e jako hlavn\u00ed z\u00a0nich vyzdvihoval tu \u201echristologickou\u201c. \u201eDne\u0161n\u00ed sv\u00e1tek,\u201c jak v\u00a0roce 1981 napsal, \u201em\u00e1 charakter christologick\u00fd, nebo\u0165 n\u00e1m ukazuje, kdo je pokorn\u00fd Je\u017e\u00ed\u0161 \u2013 jako \u010dlov\u011bk.<a href=\"http:\/\/pravoslavbrno.cz\/wp-admin\/post-new.php#_ftn1\" name=\"_ftnref1\">[1]<\/a><\/p>\n<p>Starec Georgios vz\u00e1p\u011bt\u00ed dod\u00e1v\u00e1 a dopl\u0148uje, \u017ee ve sv\u00e1tku Prom\u011bn\u011bn\u00ed p\u0159ich\u00e1z\u00edme<br \/>\ni k\u00a0pozn\u00e1n\u00ed druh\u00e9 p\u0159irozenosti na\u0161eho Spasitele, a sice: t\u00e9 bo\u017esk\u00e9. \u201e(Sv\u00e1tek&#8230;) n\u00e1m odhaluje tak\u00e9 Jeho bo\u017estv\u00ed, Jeho p\u0159edv\u011b\u010dnou existenci, \u201esl\u00e1vu, kterou m\u011bl od Otce je\u0161t\u011b p\u0159ed t\u00edm, ne\u017e byl (stvo\u0159en) sv\u011bt\u201c<a href=\"http:\/\/pravoslavbrno.cz\/wp-admin\/post-new.php#_ftn2\" name=\"_ftnref2\">[2]<\/a>.<\/p>\n<p style=\"text-align: center;\"><a href=\"http:\/\/pravoslavbrno.cz\/wp-content\/uploads\/2018\/08\/metamorfosi-610x330.jpg\"><img loading=\"lazy\" decoding=\"async\" class=\"alignnone wp-image-3065\" src=\"http:\/\/pravoslavbrno.cz\/wp-content\/uploads\/2018\/08\/metamorfosi-610x330-300x134.jpg\" alt=\"\" width=\"672\" height=\"300\" srcset=\"http:\/\/pravoslavnebrno.cz\/wp-content\/uploads\/2018\/08\/metamorfosi-610x330-300x134.jpg 300w, http:\/\/pravoslavnebrno.cz\/wp-content\/uploads\/2018\/08\/metamorfosi-610x330-700x313.jpg 700w, http:\/\/pravoslavnebrno.cz\/wp-content\/uploads\/2018\/08\/metamorfosi-610x330.jpg 738w\" sizes=\"auto, (max-width: 672px) 100vw, 672px\" \/><\/a><\/p>\n<p>Krom\u011b lidsk\u00e9ho a bo\u017esk\u00e9ho rozm\u011bru m\u00e1 sv\u00e1tek Prom\u011bn\u011bn\u00ed tak\u00e9 sv\u016fj v\u00fdznam \u201eantropologick\u00fd\u201c, \u201enebo\u0165 poukazuje na to, k\u00a0dosa\u017een\u00ed jak\u00e9 <em>sl\u00e1vy<\/em> je povol\u00e1n \u010dlov\u011bk, v\u011b\u0159\u00edc\u00ed, k\u0159es\u0165an, to znamen\u00e1, aby se \u00fa\u010dastnil Bo\u017e\u00ed blahodati a sl\u00e1vy vt\u011blen\u00e9ho Boha\u201c.<\/p>\n<p>Nezapome\u0148me ani na rozm\u011br \u201eeklesiologick\u00fd\u201c, nem\u00e9n\u011b v\u00fdznamn\u00fd, j\u00edm\u017e se za\u0161ti\u0165uje dne\u0161n\u00ed sv\u00e1tek. \u201eNebo\u0165 ukazuje Krista p\u016fsob\u00edc\u00edho v\u00a0C\u00edrkvi. V\u017edy\u0165 Kristus neexistuje mimo C\u00edrkev, nenab\u00edz\u00ed se (lidem) mimo C\u00edrkev. \u010clov\u011bk se nem\u016f\u017ee sjednotit s\u00a0Kristem mimo C\u00edrkev.\u201c \u201eDnes je,\u201c jak prav\u00ed starec Georgios, \u201eC\u00edrkev Star\u00e9ho a Nov\u00e9ho z\u00e1kona p\u0159\u00edtomna, sjednocena kolem N\u011bho, Jen\u017e jest st\u0159edobodem Star\u00e9ho a Nov\u00e9ho z\u00e1kona, kolem boho\u010dlov\u011bka Krista.\u201c<\/p>\n<p>A to p\u0159itom nen\u00ed je\u0161t\u011b kone\u010dn\u00fd v\u00fd\u010det podivuhodn\u00fdch vlastnost\u00ed, je\u017e objevujeme na p\u0159\u00edkladu t\u011bchto vskutku nadp\u0159irozen\u00fdch ud\u00e1lost\u00ed dne\u0161n\u00edho sv\u00e1tku.<\/p>\n<p style=\"text-align: center;\"><a href=\"http:\/\/pravoslavbrno.cz\/wp-content\/uploads\/2018\/08\/11751815_10206255037928802_4333979246005923366_n.jpg\"><img loading=\"lazy\" decoding=\"async\" class=\"alignnone wp-image-3064\" src=\"http:\/\/pravoslavbrno.cz\/wp-content\/uploads\/2018\/08\/11751815_10206255037928802_4333979246005923366_n-300x208.jpg\" alt=\"\" width=\"564\" height=\"391\" srcset=\"http:\/\/pravoslavnebrno.cz\/wp-content\/uploads\/2018\/08\/11751815_10206255037928802_4333979246005923366_n-300x208.jpg 300w, http:\/\/pravoslavnebrno.cz\/wp-content\/uploads\/2018\/08\/11751815_10206255037928802_4333979246005923366_n-700x486.jpg 700w, http:\/\/pravoslavnebrno.cz\/wp-content\/uploads\/2018\/08\/11751815_10206255037928802_4333979246005923366_n.jpg 720w\" sizes=\"auto, (max-width: 564px) 100vw, 564px\" \/><\/a><\/p>\n<p>Dal\u0161\u00edm poznatkem a indici\u00ed je charakter \u201eeschatologick\u00fd\u201c.<\/p>\n<p>Starec Georgios nazna\u010duje, \u017ee d\u00edky tomuto sv\u00e1tku pozorujeme, by\u0165 jen pod z\u00e1vojem tajemstv\u00ed a z\u00e1hady, st\u00e1le jen ve st\u00ednu (nadch\u00e1zej\u00edc\u00edch ud\u00e1lost\u00ed), p\u0159edev\u0161\u00edm ty skute\u010dnosti, kter\u00e9 budou pln\u011b zjeveny ve v\u0161\u00ed sv\u00e9 jasnosti a z\u00e1\u0159i p\u0159i p\u0159\u00edchodu Nebesk\u00e9ho kr\u00e1lovstv\u00ed.<\/p>\n<p>&#8230;<\/p>\n<p><strong>Dokon\u010den\u00ed i cel\u00fd p\u0159\u00edsp\u011bvek je k dispozici pod n\u00ed\u017ee uveden\u00fdm odkazem:<\/strong><\/p>\n<p style=\"text-align: center;\"><a href=\"http:\/\/pravoslavbrno.cz\/wp-content\/uploads\/2018\/08\/Archim.-Georgios-Grigoriatsk\u00fd_Slovo-ke-sv\u00e1tku-Prom\u011bn\u011bn\u00ed-P\u00e1n\u011b.pdf\">Archim. Georgios Grigoriatsk\u00fd_Slovo ke sv\u00e1tku Prom\u011bn\u011bn\u00ed P\u00e1n\u011b<\/a><\/p>\n<p style=\"text-align: right;\"><strong>vybral a p\u0159elo\u017eil Michal Dvo\u0159\u00e1\u010dek<\/strong><\/p>\n<p><strong>Hlavn\u00ed bibliografick\u00fd pramen:<\/strong><\/p>\n<p>(+) \u0391\u03c1\u03c7\u03b9\u03bc. \u0393\u03b5\u03ce\u03c1\u03b3\u03b9\u03bf\u03c2 (\u039a\u03b1\u03c8\u03ac\u03bd\u03b7\u03c2), \u039a\u03b1\u03b8\u03b7\u03b3\u03bf\u03cd\u03bc\u03b5\u03bd\u03bf\u03c2 \u03c4\u03b7\u03c2 \u0399\u03b5\u03c1\u03ac\u03c2 \u039c\u03bf\u03bd\u03ae\u03c2 \u039f\u03c3\u03af\u03bf\u03c5 \u0393\u03c1\u03b7\u03b3\u03bf\u03c1\u03af\u03bf\u03c5, \u0386\u03b3\u03b9\u03bf\u03bd \u038c\u03c1\u03bf\u03c2. \u0395\u03b9\u03c2 \u03c4\u03b7\u03bd \u0398\u03b5\u03af\u03b1\u03bd \u039c\u03b5\u03c4\u03b1\u03bc\u03cc\u03c1\u03c6\u03c9\u03c3\u03b9\u03bd \u03c4\u03bf\u03c5 \u03a3\u03c9\u03c4\u03ae\u03c1\u03bf\u03c2 (1981). \u0399n: \u039f\u03bc\u03b9\u03bb\u03af\u03b5\u03c2 \u03c3\u03b5 \u03b1\u03ba\u03af\u03bd\u03b7\u03c4\u03b5\u03c2 \u0394\u03b5\u03c3\u03c0\u03bf\u03c4\u03b9\u03ba\u03ad\u03c2 \u03ba\u03b1\u03b9 \u0398\u03b5\u03bf\u03bc\u03b7\u03c4\u03bf\u03c1\u03b9\u03ba\u03ad\u03c2 \u03b5\u03bf\u03c1\u03c4\u03ad\u03c2 \u0391\u2019 (\u03c4\u03c9\u03bd \u03b5\u03c4\u03ce\u03bd 1981-1991). \u0388\u03ba\u03b4\u03bf\u03c3\u03b9\u03c2 \u0399\u03b5\u03c1\u03ac\u03c2 \u039c\u03bf\u03bd\u03ae\u03c2 \u039f\u03c3\u03af\u03bf\u03c5 \u0393\u03c1\u03b7\u03b3\u03bf\u03c1\u03af\u03bf\u03c5, \u0386\u03b3\u03b9\u03bf\u03bd \u038c\u03c1\u03bf\u03c2 2015, s. 112-117. ISBN: 978-960-7553-34-8.<\/p>\n<p><span class=\"embed-youtube\" style=\"text-align:center; display: block;\"><iframe loading=\"lazy\" class=\"youtube-player\" width=\"700\" height=\"394\" src=\"https:\/\/www.youtube.com\/embed\/RvTYCEGKPGA?version=3&#038;rel=1&#038;showsearch=0&#038;showinfo=1&#038;iv_load_policy=1&#038;fs=1&#038;hl=uk&#038;autohide=2&#038;wmode=transparent\" allowfullscreen=\"true\" style=\"border:0;\" sandbox=\"allow-scripts allow-same-origin allow-popups allow-presentation allow-popups-to-escape-sandbox\"><\/iframe><\/span><\/p>\n<p><span class=\"embed-youtube\" style=\"text-align:center; display: block;\"><iframe loading=\"lazy\" class=\"youtube-player\" width=\"700\" height=\"394\" src=\"https:\/\/www.youtube.com\/embed\/7vKnpTabGxA?version=3&#038;rel=1&#038;showsearch=0&#038;showinfo=1&#038;iv_load_policy=1&#038;fs=1&#038;hl=uk&#038;autohide=2&#038;wmode=transparent\" allowfullscreen=\"true\" style=\"border:0;\" sandbox=\"allow-scripts allow-same-origin allow-popups allow-presentation allow-popups-to-escape-sandbox\"><\/iframe><\/span><\/p>\n","protected":false},"excerpt":{"rendered":"<p>Slovo ke sv\u00e1tku \u201eProm\u011bn\u011bn\u00ed P\u00e1n\u011b\u201c Podle d\u00edla (\u2020) archim. Georgia Grigoriatsk\u00e9ho \u00a0V Bohu zesnul\u00e9ho igumena Posv\u00e1tn\u00e9ho monast\u00fdru \u0158eho\u0159e na Svat\u00e9 Ho\u0159e Athos \u00a0 Na ka\u017ed\u00e9ho, kter\u00fd se v\u00a0t\u011bchto dnech p\u0159ibli\u017euje ke sv\u00e1tku Prom\u011bn\u011bn\u00ed P\u00e1n\u011b, mus\u00ed, cht\u011b necht\u011b, u\u010dinit velk\u00fd dojem zejm\u00e9na ta skute\u010dnost, \u017ee k\u00a0tomuto slavn\u00e9mu dni se poj\u00ed zvl\u00e1\u0161tn\u00ed a zcela neopakovateln\u00e1 zku\u0161enost na\u0161\u00ed&#8230;<\/p>\n","protected":false},"author":3,"featured_media":0,"comment_status":"open","ping_status":"open","sticky":false,"template":"","format":"standard","meta":{"jetpack_post_was_ever_published":false,"_jetpack_newsletter_access":"","_jetpack_dont_email_post_to_subs":false,"_jetpack_newsletter_tier_id":0,"_jetpack_memberships_contains_paywalled_content":false,"_jetpack_memberships_contains_paid_content":false,"footnotes":"","jetpack_publicize_message":"","jetpack_publicize_feature_enabled":true,"jetpack_social_post_already_shared":true,"jetpack_social_options":{"image_generator_settings":{"template":"highway","default_image_id":0,"font":"","enabled":false},"version":2}},"categories":[11,15],"tags":[],"class_list":["post-3063","post","type-post","status-publish","format-standard","hentry","category-homilie","category-verouka"],"jetpack_publicize_connections":[],"jetpack_featured_media_url":"","jetpack_sharing_enabled":true,"jetpack_shortlink":"https:\/\/wp.me\/p9GyX2-Np","jetpack-related-posts":[],"_links":{"self":[{"href":"http:\/\/pravoslavnebrno.cz\/uk\/wp-json\/wp\/v2\/posts\/3063","targetHints":{"allow":["GET"]}}],"collection":[{"href":"http:\/\/pravoslavnebrno.cz\/uk\/wp-json\/wp\/v2\/posts"}],"about":[{"href":"http:\/\/pravoslavnebrno.cz\/uk\/wp-json\/wp\/v2\/types\/post"}],"author":[{"embeddable":true,"href":"http:\/\/pravoslavnebrno.cz\/uk\/wp-json\/wp\/v2\/users\/3"}],"replies":[{"embeddable":true,"href":"http:\/\/pravoslavnebrno.cz\/uk\/wp-json\/wp\/v2\/comments?post=3063"}],"version-history":[{"count":5,"href":"http:\/\/pravoslavnebrno.cz\/uk\/wp-json\/wp\/v2\/posts\/3063\/revisions"}],"predecessor-version":[{"id":3244,"href":"http:\/\/pravoslavnebrno.cz\/uk\/wp-json\/wp\/v2\/posts\/3063\/revisions\/3244"}],"wp:attachment":[{"href":"http:\/\/pravoslavnebrno.cz\/uk\/wp-json\/wp\/v2\/media?parent=3063"}],"wp:term":[{"taxonomy":"category","embeddable":true,"href":"http:\/\/pravoslavnebrno.cz\/uk\/wp-json\/wp\/v2\/categories?post=3063"},{"taxonomy":"post_tag","embeddable":true,"href":"http:\/\/pravoslavnebrno.cz\/uk\/wp-json\/wp\/v2\/tags?post=3063"}],"curies":[{"name":"wp","href":"https:\/\/api.w.org\/{rel}","templated":true}]}}