{"id":2924,"date":"2018-08-06T12:11:54","date_gmt":"2018-08-06T11:11:54","guid":{"rendered":"http:\/\/pravoslavbrno.cz\/?p=2924"},"modified":"2024-03-15T08:15:13","modified_gmt":"2024-03-15T07:15:13","slug":"sbirka-pokracuje","status":"publish","type":"post","link":"http:\/\/pravoslavnebrno.cz\/uk\/sbirka-pokracuje\/","title":{"rendered":"Sb\u00edrka pokra\u010duje&#8230;"},"content":{"rendered":"<h2 style=\"text-align: center;\"><strong>Sb\u00edrka na pomoc p\u0159e\u017eiv\u0161\u00edm ob\u011btem ned\u00e1vn\u00fdch po\u017e\u00e1r\u016f v\u00a0Ath\u00e9n\u00e1ch pokra\u010duje&#8230;<\/strong><\/h2>\n<p style=\"text-align: center;\"><a href=\"http:\/\/pravoslavbrno.cz\/wp-content\/uploads\/2018\/08\/1600472-665186.jpg\"><img loading=\"lazy\" decoding=\"async\" class=\"alignnone wp-image-2932\" src=\"http:\/\/pravoslavbrno.cz\/wp-content\/uploads\/2018\/08\/1600472-665186-300x200.jpg\" alt=\"\" width=\"527\" height=\"351\" srcset=\"http:\/\/pravoslavnebrno.cz\/wp-content\/uploads\/2018\/08\/1600472-665186-300x200.jpg 300w, http:\/\/pravoslavnebrno.cz\/wp-content\/uploads\/2018\/08\/1600472-665186-768x512.jpg 768w, http:\/\/pravoslavnebrno.cz\/wp-content\/uploads\/2018\/08\/1600472-665186-700x467.jpg 700w, http:\/\/pravoslavnebrno.cz\/wp-content\/uploads\/2018\/08\/1600472-665186-800x534.jpg 800w, http:\/\/pravoslavnebrno.cz\/wp-content\/uploads\/2018\/08\/1600472-665186.jpg 1180w\" sizes=\"auto, (max-width: 527px) 100vw, 527px\" \/><\/a><\/p>\n<p style=\"text-align: left;\">V\u00a0souladu s\u00a0p\u0159edb\u011b\u017enou informac\u00ed, zve\u0159ejn\u011bnou na webov\u00fdch str\u00e1nk\u00e1ch PCO v\u00a0Brn\u011b, jako\u017e i na FB profilu \u201e\u0158ekov\u00e9 v\u00a0Brn\u011b\u201c, byla v\u00a0ned\u011bli 5. srpna 2018\u00a0provedena v\u00a0Pravoslavn\u00e9 c\u00edrkevn\u00ed obci v\u00a0Brn\u011b hromadn\u00e1 sb\u00edrka na pomoc p\u0159e\u017eiv\u0161\u00edm ob\u011btem ni\u010div\u00fdch po\u017e\u00e1r\u016f v\u00a0\u0158ecku.<\/p>\n<p>Tato sb\u00edrka shrom\u00e1\u017edila ur\u010dit\u00fd finan\u010dn\u00ed obnos a nad\u00e1le pokra\u010duje,\u00a0po cel\u00fd nadch\u00e1zej\u00ed m\u011bs\u00edc, aby na\u0161e pomoc byla co nej\u00fa\u010dinn\u011bj\u0161\u00ed.<!--more--><\/p>\n<p>Odkaz na d\u0159\u00edve zve\u0159ejn\u011bnou Aktualitu:<\/p>\n<p><a href=\"http:\/\/pravoslavbrno.cz\/panychida-za-zesnule-obeti-reckych-pozaru-v-athenach\/\">http:\/\/pravoslavbrno.cz\/panychida-za-zesnule-obeti-reckych-pozaru-v-athenach\/<\/a><\/p>\n<p><strong>Doslov<\/strong><\/p>\n<p>Krom\u011b zn\u00e1m\u00e9ho \u010desk\u00e9ho p\u0159\u00edslov\u00ed, kter\u00e9 zn\u00ed: \u201eKdo rychle d\u00e1v\u00e1, dvakr\u00e1t d\u00e1v\u00e1\u201c, lze zm\u00ednit tak\u00e9 jedno c\u00edrkevn\u00ed, kter\u00e1 prav\u00ed: \u017ee \u201eRuka d\u00e1vaj\u00edc\u00edho nez\u016fstane pr\u00e1zdn\u00e1.\u201c<\/p>\n<p>Zaposlouchejme se v\u0161ak tak\u00e9 do slov \u017ealm\u016f, v\u00a0nich\u017e se svat\u00fd prorok David vyzn\u00e1v\u00e1 ze sv\u00e9ho pevn\u00e9ho p\u0159esv\u011bd\u010den\u00ed, \u017ee \u010dlov\u011bk, jeho\u017e nebesk\u00fdm Past\u00fd\u0159em je s\u00e1m Hospodin, \u201cnebude m\u00edt (v \u017eivot\u011b) nikdy nedostatku\u201c.<\/p>\n<p>A pokud by se n\u011bkdy stalo, \u017ee n\u011bjak\u00fd \u010dlov\u011bk p\u0159ijde o sv\u016fj majek, z\u016fstane-li v\u011brn\u00fd Bohu, v Jeho moci bude op\u011bt takov\u00e9ho \u010dlov\u011bka pozdvihnout a zahrnout ho svou milost\u00ed, kter\u00e1 je darem nejvz\u00e1cn\u011bj\u0161\u00edm.<\/p>\n<p style=\"text-align: center;\"><a href=\"http:\/\/pravoslavbrno.cz\/wp-content\/uploads\/2018\/08\/V\u00fdst\u0159i\u017eek1.png\"><img loading=\"lazy\" decoding=\"async\" class=\"alignnone wp-image-2925\" src=\"http:\/\/pravoslavbrno.cz\/wp-content\/uploads\/2018\/08\/V\u00fdst\u0159i\u017eek1-213x300.png\" alt=\"\" width=\"322\" height=\"454\" srcset=\"http:\/\/pravoslavnebrno.cz\/wp-content\/uploads\/2018\/08\/V\u00fdst\u0159i\u017eek1-213x300.png 213w, http:\/\/pravoslavnebrno.cz\/wp-content\/uploads\/2018\/08\/V\u00fdst\u0159i\u017eek1.png 248w\" sizes=\"auto, (max-width: 322px) 100vw, 322px\" \/><\/a><\/p>\n<h3 style=\"text-align: center;\"><strong>\u017dalm 23<\/strong><\/h3>\n<ol>\n<li>\u017dalm David\u016fv. Hospodin jest m\u016fj past\u00fd\u0159, nebudu m\u00edti nedostatku.<\/li>\n<li>Na pastv\u00e1ch zelen\u00fdch pase mne, k vod\u00e1m tich\u00fdm mne p\u0159ivod\u00ed.<\/li>\n<li>Du\u0161i mou ob\u010derstvuje, vod\u00ed mne po stezk\u00e1ch spravedlnosti pro jm\u00e9no sv\u00e9.<\/li>\n<li>By\u0165 mi se dostalo j\u00edti p\u0159es \u00fadol\u00ed st\u00ednu smrti, nebudu se b\u00e1ti zl\u00e9ho, nebo ty se mnou jsi; prut tv\u016fj a h\u016fl tv\u00e1, to\u0165 mne pot\u011b\u0161uje.<\/li>\n<li>Stroj\u00ed\u0161 st\u016fl p\u0159ed obli\u010dejem m\u00fdm naproti m\u00fdm nep\u0159\u00e1tel\u016fm, pomazuje\u0161 olejem hlavy m\u00e9, kalich m\u016fj nal\u00e9v\u00e1\u0161, a\u017e opl\u00fdv\u00e1.<\/li>\n<li>Nadto i dobrota a milosrdenstv\u00ed n\u00e1sledovati mne budou po v\u0161ecky dny \u017eivota m\u00e9ho, a p\u0159eb\u00fdvati budu v dom\u011b Hospodinov\u011b za dlouh\u00e9 \u010dasy.<\/li>\n<\/ol>\n","protected":false},"excerpt":{"rendered":"<p>Sb\u00edrka na pomoc p\u0159e\u017eiv\u0161\u00edm ob\u011btem ned\u00e1vn\u00fdch po\u017e\u00e1r\u016f v\u00a0Ath\u00e9n\u00e1ch pokra\u010duje&#8230; V\u00a0souladu s\u00a0p\u0159edb\u011b\u017enou informac\u00ed, zve\u0159ejn\u011bnou na webov\u00fdch str\u00e1nk\u00e1ch PCO v\u00a0Brn\u011b, jako\u017e i na FB profilu \u201e\u0158ekov\u00e9 v\u00a0Brn\u011b\u201c, byla v\u00a0ned\u011bli 5. srpna 2018\u00a0provedena v\u00a0Pravoslavn\u00e9 c\u00edrkevn\u00ed obci v\u00a0Brn\u011b hromadn\u00e1 sb\u00edrka na pomoc p\u0159e\u017eiv\u0161\u00edm ob\u011btem ni\u010div\u00fdch po\u017e\u00e1r\u016f v\u00a0\u0158ecku. Tato sb\u00edrka shrom\u00e1\u017edila ur\u010dit\u00fd finan\u010dn\u00ed obnos a nad\u00e1le pokra\u010duje,\u00a0po cel\u00fd nadch\u00e1zej\u00ed m\u011bs\u00edc,&#8230;<\/p>\n","protected":false},"author":3,"featured_media":0,"comment_status":"open","ping_status":"open","sticky":false,"template":"","format":"standard","meta":{"jetpack_post_was_ever_published":false,"_jetpack_newsletter_access":"","_jetpack_dont_email_post_to_subs":false,"_jetpack_newsletter_tier_id":0,"_jetpack_memberships_contains_paywalled_content":false,"_jetpack_memberships_contains_paid_content":false,"footnotes":"","jetpack_publicize_message":"","jetpack_publicize_feature_enabled":true,"jetpack_social_post_already_shared":true,"jetpack_social_options":{"image_generator_settings":{"template":"highway","default_image_id":0,"font":"","enabled":false},"version":2}},"categories":[],"tags":[],"class_list":["post-2924","post","type-post","status-publish","format-standard","hentry"],"jetpack_publicize_connections":[],"jetpack_featured_media_url":"","jetpack_sharing_enabled":true,"jetpack_shortlink":"https:\/\/wp.me\/p9GyX2-La","jetpack-related-posts":[],"_links":{"self":[{"href":"http:\/\/pravoslavnebrno.cz\/uk\/wp-json\/wp\/v2\/posts\/2924","targetHints":{"allow":["GET"]}}],"collection":[{"href":"http:\/\/pravoslavnebrno.cz\/uk\/wp-json\/wp\/v2\/posts"}],"about":[{"href":"http:\/\/pravoslavnebrno.cz\/uk\/wp-json\/wp\/v2\/types\/post"}],"author":[{"embeddable":true,"href":"http:\/\/pravoslavnebrno.cz\/uk\/wp-json\/wp\/v2\/users\/3"}],"replies":[{"embeddable":true,"href":"http:\/\/pravoslavnebrno.cz\/uk\/wp-json\/wp\/v2\/comments?post=2924"}],"version-history":[{"count":6,"href":"http:\/\/pravoslavnebrno.cz\/uk\/wp-json\/wp\/v2\/posts\/2924\/revisions"}],"predecessor-version":[{"id":2934,"href":"http:\/\/pravoslavnebrno.cz\/uk\/wp-json\/wp\/v2\/posts\/2924\/revisions\/2934"}],"wp:attachment":[{"href":"http:\/\/pravoslavnebrno.cz\/uk\/wp-json\/wp\/v2\/media?parent=2924"}],"wp:term":[{"taxonomy":"category","embeddable":true,"href":"http:\/\/pravoslavnebrno.cz\/uk\/wp-json\/wp\/v2\/categories?post=2924"},{"taxonomy":"post_tag","embeddable":true,"href":"http:\/\/pravoslavnebrno.cz\/uk\/wp-json\/wp\/v2\/tags?post=2924"}],"curies":[{"name":"wp","href":"https:\/\/api.w.org\/{rel}","templated":true}]}}