{"id":2794,"date":"2018-07-28T20:15:16","date_gmt":"2018-07-28T19:15:16","guid":{"rendered":"http:\/\/pravoslavbrno.cz\/?p=2794"},"modified":"2018-07-28T20:15:45","modified_gmt":"2018-07-28T19:15:45","slug":"panychida-za-zesnule-obeti-reckych-pozaru-v-athenach","status":"publish","type":"post","link":"http:\/\/pravoslavnebrno.cz\/uk\/panychida-za-zesnule-obeti-reckych-pozaru-v-athenach\/","title":{"rendered":"Panychida za zesnul\u00e9 \u0159eck\u00e9 ob\u011bti ni\u010div\u00fdch po\u017e\u00e1r\u016f v Ath\u00e9n\u00e1ch"},"content":{"rendered":"<h3 style=\"text-align: center;\"><strong>Upokoj, Hospodine, du\u0161e zesnul\u00fdch slu\u017eebn\u00edk\u016f sv\u00fdch&#8230;<\/strong><\/h3>\n<p style=\"text-align: center;\"><a href=\"http:\/\/pravoslavbrno.cz\/wp-content\/uploads\/2018\/07\/d2db4ee73a3590c5221d6f03a55fc185.jpg\"><img loading=\"lazy\" decoding=\"async\" class=\"alignnone wp-image-2795\" src=\"http:\/\/pravoslavbrno.cz\/wp-content\/uploads\/2018\/07\/d2db4ee73a3590c5221d6f03a55fc185-300x200.jpg\" alt=\"\" width=\"588\" height=\"392\" srcset=\"http:\/\/pravoslavnebrno.cz\/wp-content\/uploads\/2018\/07\/d2db4ee73a3590c5221d6f03a55fc185-300x200.jpg 300w, http:\/\/pravoslavnebrno.cz\/wp-content\/uploads\/2018\/07\/d2db4ee73a3590c5221d6f03a55fc185.jpg 600w\" sizes=\"auto, (max-width: 588px) 100vw, 588px\" \/><\/a><\/p>\n<p>Se z\u00e1rmutkem a dojet\u00edm hled\u00edme na uhasl\u00e9 \u017eivoty mnoha \u0159eck\u00fdch ob\u010dan\u016f p\u0159i ned\u00e1vn\u00fdch katastrofick\u00fdch po\u017e\u00e1rech v\u00a0Ath\u00e9n\u00e1ch.<\/p>\n<p>Pravoslavn\u00e1 c\u00edrkevn\u00ed obec v\u00a0Brn\u011b se obrac\u00ed se sv\u00fdmi prosbami a modlitbami k\u00a0Hospodinu, aby On, P\u00e1n nad \u017eivotem a smrt\u00ed,\u00a0ud\u011blil pokoj du\u0161\u00edm t\u011bchto a v\u0161ech dal\u0161\u00edch zesnul\u00fdch slu\u017eebn\u00edk\u016f, aby jim byl prominut v\u0161elik\u00fd h\u0159\u00edch \u00famysln\u00fd i\u00a0ne\u00famysln\u00fd&#8230;<\/p>\n<p>Aby Hospodin B\u016fh um\u00edstil du\u0161e jejich tam, kde spravedliv\u00ed odpo\u010d\u00edvaj\u00ed.<\/p>\n<p>O\u00a0milost Bo\u017e\u00ed, Kr\u00e1lovstv\u00ed nebesk\u00e9 a\u00a0odpu\u0161t\u011bn\u00ed jejich h\u0159\u00edch\u016f\u00a0Krista, nesmrteln\u00e9ho Kr\u00e1le a\u00a0Boha na\u0161eho, prosme&#8230;<!--more--><\/p>\n<p>P.S.<\/p>\n<p>V ned\u011bli 29.7. bude po svat\u00e9 liturgii slou\u017eena panychida (slu\u017eba za zesnul\u00e9) a n\u00e1sleduj\u00edc\u00ed\u00a0ned\u011bli bude provedena sb\u00edrka na pomoc p\u0159e\u017eiv\u0161\u00edm p\u0159\u00edbuzn\u00fdm.<\/p>\n<p><strong>Z\u00e1v\u011bre\u010dn\u00e1 modlitba za zesnul\u00e9:<\/strong><\/p>\n<p><em>K\u00a0Hospodinu modleme se. <\/em><\/p>\n<p><em>Bo\u017ee duch\u016fv i\u00a0v\u0161elik\u00e9ho t\u011bla, jen\u017e smrt jsi p\u0159emohl, a\u00a0\u010f\u00e1bla zma\u0159il a\u00a0sv\u011btu sv\u00e9mu \u017eivot daroval; ty s\u00e1m, Hospodine, upokoj du\u0161e zesnul\u00fdch slu\u017eebn\u00edk\u016f sv\u00fdch (jm\u00e9na) v\u00a0m\u00edst\u011b sv\u011btla, v\u00a0m\u00edst\u011b hojnosti, v\u00a0m\u00edst\u011b pokoje, kde\u017e pominula bolest, z\u00e1rmutek a\u00a0lkan\u00ed. <\/em><\/p>\n<p><em>V\u0161elik\u00fd h\u0159\u00edch, jeho\u017e zesnul\u00ed se dopustili a\u0165 slovem, a\u0165 skutkem aneb pomy\u0161len\u00edm, odpus\u0165 jim, jako dobrotiv\u00fd a\u00a0lidumiln\u00fd B\u016fh. Nebo\u0165 nen\u00ed \u010dlov\u011bka, je\u017e by \u017eiv byl a\u00a0neh\u0159e\u0161il, ty jedin\u00fd jsi bez h\u0159\u00edchu, spravedlnost tv\u00e1 jest spravedlnost na v\u011bky, a\u00a0slovo tv\u00e9 jest Pravda. <\/em><\/p>\n<p><em>Nebo\u0165 ty jsi vzk\u0159\u00ed\u0161en\u00ed i\u00a0\u017eivot a\u00a0pokoj zesnul\u00fdch slu\u017eebn\u00edk\u016f sv\u00fdch (jm\u00e9na), Kriste Bo\u017ee n\u00e1\u0161, a\u00a0tob\u011b chv\u00e1lu vzd\u00e1v\u00e1me s\u00a0bezpo\u010d\u00e1te\u010dn\u00fdm Otcem tv\u00fdm a\u00a0p\u0159esvat\u00fdm a\u00a0blah\u00fdm a\u00a0o\u017eivuj\u00edc\u00edm Duchem tv\u00fdm nyn\u00ed i\u00a0v\u017edycky a\u017e na v\u011bky v\u011bk\u016fv. <\/em><\/p>\n<p><em>Amen. <\/em><\/p>\n<p style=\"text-align: right;\">PCO v Brn\u011b<\/p>\n<p><strong>Zdroj:<\/strong><\/p>\n<p><a href=\"http:\/\/www.orthodoxia.cz\/modlitby\/liturgie.htm\">http:\/\/www.orthodoxia.cz\/modlitby\/liturgie.htm<\/a><\/p>\n<p>Dal\u0161\u00ed <strong>zve\u0159ejn\u011bn\u00e9 p\u0159\u00edsp\u011bvky<\/strong> na FB &#8220;\u0158ekov\u00e9 v Brn\u011b&#8221;:<\/p>\n<p><a href=\"https:\/\/www.facebook.com\/groups\/GreeksInBrno\/permalink\/2097231680317922\/\">https:\/\/www.facebook.com\/groups\/GreeksInBrno\/permalink\/2097231680317922\/<\/a><\/p>\n","protected":false},"excerpt":{"rendered":"<p>Upokoj, Hospodine, du\u0161e zesnul\u00fdch slu\u017eebn\u00edk\u016f sv\u00fdch&#8230; Se z\u00e1rmutkem a dojet\u00edm hled\u00edme na uhasl\u00e9 \u017eivoty mnoha \u0159eck\u00fdch ob\u010dan\u016f p\u0159i ned\u00e1vn\u00fdch katastrofick\u00fdch po\u017e\u00e1rech v\u00a0Ath\u00e9n\u00e1ch. Pravoslavn\u00e1 c\u00edrkevn\u00ed obec v\u00a0Brn\u011b se obrac\u00ed se sv\u00fdmi prosbami a modlitbami k\u00a0Hospodinu, aby On, P\u00e1n nad \u017eivotem a smrt\u00ed,\u00a0ud\u011blil pokoj du\u0161\u00edm t\u011bchto a v\u0161ech dal\u0161\u00edch zesnul\u00fdch slu\u017eebn\u00edk\u016f, aby jim byl prominut v\u0161elik\u00fd h\u0159\u00edch&#8230;<\/p>\n","protected":false},"author":3,"featured_media":0,"comment_status":"open","ping_status":"open","sticky":false,"template":"","format":"standard","meta":{"jetpack_post_was_ever_published":false,"_jetpack_newsletter_access":"","_jetpack_dont_email_post_to_subs":false,"_jetpack_newsletter_tier_id":0,"_jetpack_memberships_contains_paywalled_content":false,"_jetpack_memberships_contains_paid_content":false,"footnotes":"","jetpack_publicize_message":"","jetpack_publicize_feature_enabled":true,"jetpack_social_post_already_shared":true,"jetpack_social_options":{"image_generator_settings":{"template":"highway","default_image_id":0,"font":"","enabled":false},"version":2}},"categories":[],"tags":[],"class_list":["post-2794","post","type-post","status-publish","format-standard","hentry"],"jetpack_publicize_connections":[],"jetpack_featured_media_url":"","jetpack_sharing_enabled":true,"jetpack_shortlink":"https:\/\/wp.me\/p9GyX2-J4","jetpack-related-posts":[],"_links":{"self":[{"href":"http:\/\/pravoslavnebrno.cz\/uk\/wp-json\/wp\/v2\/posts\/2794","targetHints":{"allow":["GET"]}}],"collection":[{"href":"http:\/\/pravoslavnebrno.cz\/uk\/wp-json\/wp\/v2\/posts"}],"about":[{"href":"http:\/\/pravoslavnebrno.cz\/uk\/wp-json\/wp\/v2\/types\/post"}],"author":[{"embeddable":true,"href":"http:\/\/pravoslavnebrno.cz\/uk\/wp-json\/wp\/v2\/users\/3"}],"replies":[{"embeddable":true,"href":"http:\/\/pravoslavnebrno.cz\/uk\/wp-json\/wp\/v2\/comments?post=2794"}],"version-history":[{"count":4,"href":"http:\/\/pravoslavnebrno.cz\/uk\/wp-json\/wp\/v2\/posts\/2794\/revisions"}],"predecessor-version":[{"id":2799,"href":"http:\/\/pravoslavnebrno.cz\/uk\/wp-json\/wp\/v2\/posts\/2794\/revisions\/2799"}],"wp:attachment":[{"href":"http:\/\/pravoslavnebrno.cz\/uk\/wp-json\/wp\/v2\/media?parent=2794"}],"wp:term":[{"taxonomy":"category","embeddable":true,"href":"http:\/\/pravoslavnebrno.cz\/uk\/wp-json\/wp\/v2\/categories?post=2794"},{"taxonomy":"post_tag","embeddable":true,"href":"http:\/\/pravoslavnebrno.cz\/uk\/wp-json\/wp\/v2\/tags?post=2794"}],"curies":[{"name":"wp","href":"https:\/\/api.w.org\/{rel}","templated":true}]}}