{"id":2381,"date":"2018-06-26T09:22:27","date_gmt":"2018-06-26T08:22:27","guid":{"rendered":"http:\/\/pravoslavbrno.cz\/?p=2381"},"modified":"2018-06-26T09:34:05","modified_gmt":"2018-06-26T08:34:05","slug":"doplneni-k-puvodni-zprave-o-krtu-africkeho-krale-davida","status":"publish","type":"post","link":"http:\/\/pravoslavnebrno.cz\/uk\/doplneni-k-puvodni-zprave-o-krtu-africkeho-krale-davida\/","title":{"rendered":"Dopln\u011bn\u00ed k p\u016fvodn\u00ed zpr\u00e1v\u011b o k\u0159tu africk\u00e9ho kr\u00e1le Davida"},"content":{"rendered":"<p><strong>Dopln\u011bn\u00ed k\u00a0p\u016fvodn\u00ed zpr\u00e1v\u011b:<\/strong><\/p>\n<p><a href=\"http:\/\/pravoslavbrno.cz\/aktuality\/africky-kral-z-pobrezi-slonoviny-prijal-pravoslavny-krest-na-svate-hore-athos\/\">http:\/\/pravoslavbrno.cz\/aktuality\/africky-kral-z-pobrezi-slonoviny-prijal-pravoslavny-krest-na-svate-hore-athos\/<\/a><\/p>\n<h2 style=\"text-align: center;\"><strong>Africk\u00fd kmenov\u00fd kr\u00e1l p\u0159ijal pravoslavn\u00fd k\u0159est<br \/>\nna Svat\u00e9 Ho\u0159e Athos<\/strong><\/h2>\n<p style=\"text-align: center;\"><a href=\"http:\/\/pravoslavbrno.cz\/wp-content\/uploads\/2018\/06\/\u0391\u03c6\u03c1\u03b9\u03ba\u03b1\u03bd\u03cc\u03c220\u03b2\u03b1\u03c3\u03b9\u03bb\u03b9\u03ac\u03c220\u0394\u03b1\u03b2\u03af\u03b420\u03bc\u03b520\u03c4\u03bf\u03b9\u03c7\u03bf\u03b3\u03c1\u03b1\u03c6\u03af\u03b1.jpg\"><img loading=\"lazy\" decoding=\"async\" class=\"alignnone wp-image-2387\" src=\"http:\/\/pravoslavbrno.cz\/wp-content\/uploads\/2018\/06\/\u0391\u03c6\u03c1\u03b9\u03ba\u03b1\u03bd\u03cc\u03c220\u03b2\u03b1\u03c3\u03b9\u03bb\u03b9\u03ac\u03c220\u0394\u03b1\u03b2\u03af\u03b420\u03bc\u03b520\u03c4\u03bf\u03b9\u03c7\u03bf\u03b3\u03c1\u03b1\u03c6\u03af\u03b1-300x208.jpg\" alt=\"\" width=\"526\" height=\"365\" srcset=\"http:\/\/pravoslavnebrno.cz\/wp-content\/uploads\/2018\/06\/\u0391\u03c6\u03c1\u03b9\u03ba\u03b1\u03bd\u03cc\u03c220\u03b2\u03b1\u03c3\u03b9\u03bb\u03b9\u03ac\u03c220\u0394\u03b1\u03b2\u03af\u03b420\u03bc\u03b520\u03c4\u03bf\u03b9\u03c7\u03bf\u03b3\u03c1\u03b1\u03c6\u03af\u03b1-300x208.jpg 300w, http:\/\/pravoslavnebrno.cz\/wp-content\/uploads\/2018\/06\/\u0391\u03c6\u03c1\u03b9\u03ba\u03b1\u03bd\u03cc\u03c220\u03b2\u03b1\u03c3\u03b9\u03bb\u03b9\u03ac\u03c220\u0394\u03b1\u03b2\u03af\u03b420\u03bc\u03b520\u03c4\u03bf\u03b9\u03c7\u03bf\u03b3\u03c1\u03b1\u03c6\u03af\u03b1.jpg 550w\" sizes=\"auto, (max-width: 526px) 100vw, 526px\" \/><\/a><\/p>\n<p>Svat\u00e1 Hora Athos p\u0159edstavuje slavn\u00fd \u201emaj\u00e1k\u201c pravoslav\u00ed a jej\u00ed duchovn\u00ed z\u00e1\u0159e p\u0159ekra\u010duje hranice \u0159eck\u00e9ho st\u00e1tu, a zahrnuje tak doslova cel\u00fd sv\u011bt.<\/p>\n<p>Toto duchovn\u00ed vyza\u0159ov\u00e1n\u00ed, kter\u00e9 p\u0159ekra\u010duje hranice n\u00e1rod\u016f, kmen\u016f a jazyk\u016f, potvrzuje zcela jedine\u010dn\u00fdm zp\u016fsobem ono v\u0161epravoslavn\u00e9 poselstv\u00ed pravoslavn\u00e9 v\u00edry a samotn\u00e9 p\u0159ik\u00e1z\u00e1n\u00ed P\u00e1na Je\u017e\u00ed\u0161e, kter\u00e9 dal sv\u00fdm u\u010dedn\u00edk\u016fm, kdy\u017e pravil: \u201eProto jd\u011bte, d\u011blejte u\u010dedn\u00edky ze v\u0161ech n\u00e1rod\u016f&#8230;\u201c (srov. Mt 28,19)<\/p>\n<p>Svat\u00e1 Hora Athos nejen \u017ee d\u00e1v\u00e1 duchovn\u00ed veden\u00ed cel\u00e9mu sv\u011btu, ale je tak\u00e9 magnetem pro lidi ze v\u0161ech ekonomick\u00fdch, spole\u010densk\u00fdch a duchovn\u00edch t\u0159\u00edd, bez ohledu na jejich rasu, jazyk nebo n\u00e1bo\u017eenstv\u00ed.<!--more--><\/p>\n<p>Kdy\u017e n\u011bkdo hovo\u0159\u00ed se Svatohorci, pochop\u00ed, \u017ee dokonce ateist\u00e9 \u010di lid\u00e9 dob\u0159e rozpolo\u017een\u00ed, kte\u0159\u00ed vyzn\u00e1vaj\u00ed jin\u00e9 k\u0159es\u0165ansk\u00e9 vyzn\u00e1n\u00ed, velmi \u010dasto nav\u0161t\u011bvuj\u00ed Svatou Horu, aby zde hledali \u017eiv\u00e9 projevy pravoslavn\u00e9 duchovnosti. N\u011bkte\u0159\u00ed z\u00a0nich nakonec nach\u00e1zej\u00ed prav\u00e9ho Boha zde a p\u0159ij\u00edmaj\u00ed pravoslavn\u00fd k\u0159est ve st\u00ednu t\u00e9to Svat\u00e9 Hory.<\/p>\n<p><a href=\"http:\/\/pravoslavbrno.cz\/wp-content\/uploads\/2018\/06\/\u0391\u03c6\u03c1\u03b9\u03ba\u03b1\u03bd\u03cc\u03c220\u03b2\u03b1\u03c3\u03b9\u03bb\u03b9\u03ac\u03c220\u0394\u03b1\u03b2\u03af\u03b4203.jpg\"><img loading=\"lazy\" decoding=\"async\" class=\"wp-image-2383 aligncenter\" src=\"http:\/\/pravoslavbrno.cz\/wp-content\/uploads\/2018\/06\/\u0391\u03c6\u03c1\u03b9\u03ba\u03b1\u03bd\u03cc\u03c220\u03b2\u03b1\u03c3\u03b9\u03bb\u03b9\u03ac\u03c220\u0394\u03b1\u03b2\u03af\u03b4203-300x155.jpg\" alt=\"\" width=\"585\" height=\"302\" srcset=\"http:\/\/pravoslavnebrno.cz\/wp-content\/uploads\/2018\/06\/\u0391\u03c6\u03c1\u03b9\u03ba\u03b1\u03bd\u03cc\u03c220\u03b2\u03b1\u03c3\u03b9\u03bb\u03b9\u03ac\u03c220\u0394\u03b1\u03b2\u03af\u03b4203-300x155.jpg 300w, http:\/\/pravoslavnebrno.cz\/wp-content\/uploads\/2018\/06\/\u0391\u03c6\u03c1\u03b9\u03ba\u03b1\u03bd\u03cc\u03c220\u03b2\u03b1\u03c3\u03b9\u03bb\u03b9\u03ac\u03c220\u0394\u03b1\u03b2\u03af\u03b4203.jpg 660w\" sizes=\"auto, (max-width: 585px) 100vw, 585px\" \/><\/a><\/p>\n<p>Tak\u00e9 africk\u00fd kmenov\u00fd kr\u00e1l<em> Tchiffi Zae Jean Gervais<\/em>, jeden z n\u00e1\u010deln\u00edk\u016f kmene Krou<br \/>\nv Pob\u0159e\u017e\u00ed slonoviny, se dne 7. \u010dervna stal \u010dlenem pravoslavn\u00e9 Kristovy C\u00edrkve a p\u0159ijal jm\u00e9no kr\u00e1le a proroka Davida. T\u00edm, kdo ho ke k\u0159tu p\u0159ivedl a p\u0159ipravil k t\u00e9to tajnod\u011bjn\u00e9 ud\u00e1losti, byl otec jeromonach Dion\u00fdsios z Monast\u00fdru Kutlumusiu. Tato vz\u00e1cn\u00e1 ud\u00e1lost byla ji\u017e d\u0159\u00edve zve\u0159ejn\u011bna v\u00a0r\u00e1mci port\u00e1lu <em>Pentapostagma.gr<\/em> a pozd\u011bji p\u0159evzata na webu na\u0161\u00ed farnosti.<\/p>\n<p>Kr\u00e1l Tchiffi Zie Jean Gervais je gener\u00e1ln\u00edm tajemn\u00edkem F\u00f3ra kr\u00e1l\u016f, princ\u016f a tradi\u010dn\u00edch v\u016fdc\u016f Afriky, kter\u00e9 bylo zalo\u017eeno v srpnu 2008 v Bengh\u00e1z\u00ed v Libyi a s\u00eddl\u00ed v\u00a0Sirti v Libyi.<\/p>\n<p style=\"text-align: center;\"><a href=\"http:\/\/pravoslavbrno.cz\/wp-content\/uploads\/2018\/06\/\u03b4\u03b1\u03c5\u03b9\u03b4.jpg\"><img loading=\"lazy\" decoding=\"async\" class=\"alignnone wp-image-2385\" src=\"http:\/\/pravoslavbrno.cz\/wp-content\/uploads\/2018\/06\/\u03b4\u03b1\u03c5\u03b9\u03b4-229x300.jpg\" alt=\"\" width=\"324\" height=\"424\" srcset=\"http:\/\/pravoslavnebrno.cz\/wp-content\/uploads\/2018\/06\/\u03b4\u03b1\u03c5\u03b9\u03b4-229x300.jpg 229w, http:\/\/pravoslavnebrno.cz\/wp-content\/uploads\/2018\/06\/\u03b4\u03b1\u03c5\u03b9\u03b4.jpg 371w\" sizes=\"auto, (max-width: 324px) 100vw, 324px\" \/><\/a><\/p>\n<p>Je tak\u00e9 hlavou Spojen\u00e9ho africk\u00e9ho kr\u00e1lovstv\u00ed, \u201enepolitick\u00e9 platformy pro soci\u00e1ln\u00ed rozvoj, kter\u00e1 podporuje p\u0159edsednictv\u00ed a n\u00e1rodn\u00ed vl\u00e1du, instituce a (africk\u00e9) n\u00e1rody p\u0159i podpo\u0159e n\u00e1rodn\u00edch rozvojov\u00fdch pl\u00e1n\u016f\u201c.<\/p>\n<p><strong>Shrnut\u00ed d\u0159\u00edv\u011bj\u0161\u00ed zpr\u00e1vy dle Pentapostagma.gr:<\/strong><\/p>\n<p>Kr\u00e1l Tchiffi byl demokraticky zvolen 535 kr\u00e1li, princi a tradi\u010dn\u00edmi v\u016fdci jako st\u00e1l\u00fd sekret\u00e1\u0159 tohoto F\u00f3ra.<\/p>\n<p>F\u00f3rum bylo vytvo\u0159eno za \u00fa\u010delem vytvo\u0159en\u00ed vhodn\u00e9ho subjektu, jeho\u017e prost\u0159ednictv\u00edm by m\u011bla lidsk\u00e1 pr\u00e1va v Africe siln\u011bj\u0161\u00ed hlas, respektovan\u00fd nap\u0159\u00ed\u010d Africkou uni\u00ed, jednotliv\u00fdmi prezidentsk\u00fdmi kancel\u00e1\u0159emi v Africe a tak\u00e9 Organizac\u00ed spojen\u00fdch n\u00e1rod\u016f.<\/p>\n<p style=\"text-align: center;\"><a href=\"http:\/\/pravoslavbrno.cz\/wp-content\/uploads\/2018\/06\/\u0391\u03c6\u03c1\u03b9\u03ba\u03b1\u03bd\u03cc\u03c220\u03b2\u03b1\u03c3\u03b9\u03bb\u03b9\u03ac\u03c220\u0394\u03b1\u03b2\u03af\u03b4201.jpg\"><img loading=\"lazy\" decoding=\"async\" class=\"alignnone wp-image-2384\" src=\"http:\/\/pravoslavbrno.cz\/wp-content\/uploads\/2018\/06\/\u0391\u03c6\u03c1\u03b9\u03ba\u03b1\u03bd\u03cc\u03c220\u03b2\u03b1\u03c3\u03b9\u03bb\u03b9\u03ac\u03c220\u0394\u03b1\u03b2\u03af\u03b4201-187x300.jpg\" alt=\"\" width=\"328\" height=\"526\" srcset=\"http:\/\/pravoslavnebrno.cz\/wp-content\/uploads\/2018\/06\/\u0391\u03c6\u03c1\u03b9\u03ba\u03b1\u03bd\u03cc\u03c220\u03b2\u03b1\u03c3\u03b9\u03bb\u03b9\u03ac\u03c220\u0394\u03b1\u03b2\u03af\u03b4201-187x300.jpg 187w, http:\/\/pravoslavnebrno.cz\/wp-content\/uploads\/2018\/06\/\u0391\u03c6\u03c1\u03b9\u03ba\u03b1\u03bd\u03cc\u03c220\u03b2\u03b1\u03c3\u03b9\u03bb\u03b9\u03ac\u03c220\u0394\u03b1\u03b2\u03af\u03b4201.jpg 374w\" sizes=\"auto, (max-width: 328px) 100vw, 328px\" \/><\/a><\/p>\n<p>V roce 2015, tehdy ji\u017e k\u0159es\u0165an, odpov\u011bd\u011bl kr\u00e1l David na v\u00fdzvu od Boha a zalo\u017eil Spojen\u00e9 kr\u00e1lovstv\u00ed Afriky, aby fungovalo jako nepolitick\u00e1 platforma pro spole\u010densk\u00fd rozvoj v\u0161ech Afri\u010dan\u016f.<\/p>\n<p>Pod jeho veden\u00edm Spojen\u00e9 kr\u00e1lovstv\u00ed Afriky ne\u00fanavn\u011b pracuje na uskute\u010dn\u011bn\u00ed sv\u00fdch deseti zakl\u00e1daj\u00edc\u00edch z\u00e1vazk\u016f, kter\u00fdmi jsou:<\/p>\n<ol>\n<li>podpora tradi\u010dn\u00edho rozvoje vl\u00e1dnut\u00ed,<\/li>\n<li>podpora m\u00edru a stability,<\/li>\n<li>podpora p\u0159\u00edstupu k z\u00e1kladn\u00ed zdravotn\u00ed p\u00e9\u010di,<\/li>\n<li>podpora nez\u00e1vadnosti potravin a vody,<\/li>\n<li>podpora p\u0159\u00edsunu investic<\/li>\n<li>podpora z\u00e1kladn\u00edho vzd\u011bl\u00e1v\u00e1n\u00ed, rozvoje ml\u00e1de\u017ee a rozvoje dovednost\u00ed prost\u0159ednictv\u00edm technologi\u00ed,<\/li>\n<li>podpora rovnosti mu\u017e\u016f a \u017een<\/li>\n<li>podpora glob\u00e1ln\u00edho v\u00fdzkumu nerost\u016f a p\u0159\u00edrodn\u00edch zdroj\u016f<\/li>\n<li>podpora vytv\u00e1\u0159en\u00ed technologick\u00e9 platformy pro komunikaci mezi z\u00fa\u010dastn\u011bn\u00fdmi stranami a komunitami<\/li>\n<li>podpora zachov\u00e1n\u00ed tradice, kultury a africk\u00e9ho d\u011bdictv\u00ed.<\/li>\n<\/ol>\n<p>Kr\u00e1l David se samoz\u0159ejm\u011b neocitl na Svat\u00e9 Ho\u0159e jen tak, zcela n\u00e1hodn\u011b.<\/p>\n<p style=\"text-align: center;\"><a href=\"http:\/\/pravoslavbrno.cz\/wp-content\/uploads\/2018\/06\/\u0391\u03ba\u03c4\u03ae20\u0395\u03bb\u03b5\u03c6_20\u03b720\u03b2\u03b1\u03c3\u03b9\u03ba\u03ae20\u03c6\u03c9\u03c4\u03bf.jpg\"><img loading=\"lazy\" decoding=\"async\" class=\"alignnone wp-image-2386\" src=\"http:\/\/pravoslavbrno.cz\/wp-content\/uploads\/2018\/06\/\u0391\u03ba\u03c4\u03ae20\u0395\u03bb\u03b5\u03c6_20\u03b720\u03b2\u03b1\u03c3\u03b9\u03ba\u03ae20\u03c6\u03c9\u03c4\u03bf-300x300.jpg\" alt=\"\" width=\"516\" height=\"516\" srcset=\"http:\/\/pravoslavnebrno.cz\/wp-content\/uploads\/2018\/06\/\u0391\u03ba\u03c4\u03ae20\u0395\u03bb\u03b5\u03c6_20\u03b720\u03b2\u03b1\u03c3\u03b9\u03ba\u03ae20\u03c6\u03c9\u03c4\u03bf-300x300.jpg 300w, http:\/\/pravoslavnebrno.cz\/wp-content\/uploads\/2018\/06\/\u0391\u03ba\u03c4\u03ae20\u0395\u03bb\u03b5\u03c6_20\u03b720\u03b2\u03b1\u03c3\u03b9\u03ba\u03ae20\u03c6\u03c9\u03c4\u03bf-150x150.jpg 150w, http:\/\/pravoslavnebrno.cz\/wp-content\/uploads\/2018\/06\/\u0391\u03ba\u03c4\u03ae20\u0395\u03bb\u03b5\u03c6_20\u03b720\u03b2\u03b1\u03c3\u03b9\u03ba\u03ae20\u03c6\u03c9\u03c4\u03bf.jpg 540w\" sizes=\"auto, (max-width: 516px) 100vw, 516px\" \/><\/a><\/p>\n<p>Pravoslavn\u00e1 misie v zemi Pob\u0159e\u017e\u00ed slonoviny m\u00e1 dlouhou tradici a tak\u00e9 po\u017eehn\u00e1n\u00ed Alexandrijsk\u00e9ho patriarch\u00e1tu. Prakticky se realizuje v\u00a0r\u00e1mci Metropolie se s\u00eddlem v\u00a0Akk\u0159e.<\/p>\n<p>Co je zaj\u00edmav\u00e9, \u017ee k\u0159es\u0165an\u00e9 p\u0159edstavuj\u00ed v\u00a0t\u00e9to zemi v\u016fbec nejv\u011bt\u0161\u00ed skupinu, p\u0159ibli\u017en\u011b 44% obyvatel se hl\u00e1s\u00ed ke k\u0159es\u0165anstv\u00ed (v\u011bt\u0161inou jde o \u0159\u00edmsk\u00e9 katol\u00edky) a 37% tvo\u0159\u00ed muslimov\u00e9. Pravoslavn\u00fdch nen\u00ed mnoho, ale za to jsou v\u00a0t\u00e9to zemi\u00a0zna\u010dn\u011b\u00a0aktivn\u00ed.<\/p>\n<p>Za zm\u00ednku stoj\u00ed tak\u00e9 to, \u017ee ji\u017e uprost\u0159ed ob\u010dansk\u00e9 v\u00e1lky v roce 2011 do\u0161lo k\u00a0hromadn\u00fdm k\u0159t\u016fm pravoslavn\u00fdch k\u0159es\u0165an\u016f.<\/p>\n<p><strong>Zdroj:<\/strong> Dimokratia.gr a dal\u0161\u00ed<\/p>\n<p><a href=\"http:\/\/grforafrica.blogspot.com\/2018\/01\/orthodoxe-kirche-der-elfenbeinkuste.html\">http:\/\/grforafrica.blogspot.com\/2018\/01\/orthodoxe-kirche-der-elfenbeinkuste.html<\/a><\/p>\n<p><a href=\"http:\/\/o-nekros.blogspot.com\/2018\/06\/african-king-baptized-on-holy-mountain.html\">http:\/\/o-nekros.blogspot.com\/2018\/06\/african-king-baptized-on-holy-mountain.html<\/a><\/p>\n<p><strong>P\u016fvodn\u011b zve\u0159ejn\u011bn\u00e1 zpr\u00e1va na webu PCO v\u00a0Brn\u011b:<\/strong><\/p>\n<blockquote class=\"wp-embedded-content\" data-secret=\"cG0KrLxt94\"><p><a href=\"http:\/\/pravoslavbrno.cz\/aktuality\/africky-kral-z-pobrezi-slonoviny-prijal-pravoslavny-krest-na-svate-hore-athos\/\">Africk\u00fd kr\u00e1l z Pob\u0159e\u017e\u00ed slonoviny p\u0159ijal pravoslavn\u00fd k\u0159est na Svat\u00e9 Ho\u0159e Athos<\/a><\/p><\/blockquote>\n<p><iframe loading=\"lazy\" class=\"wp-embedded-content\" sandbox=\"allow-scripts\" security=\"restricted\" style=\"position: absolute; clip: rect(1px, 1px, 1px, 1px);\" src=\"http:\/\/pravoslavbrno.cz\/aktuality\/africky-kral-z-pobrezi-slonoviny-prijal-pravoslavny-krest-na-svate-hore-athos\/embed\/#?secret=cG0KrLxt94\" data-secret=\"cG0KrLxt94\" width=\"600\" height=\"338\" title=\"&#8222;Africk\u00fd kr\u00e1l z Pob\u0159e\u017e\u00ed slonoviny p\u0159ijal pravoslavn\u00fd k\u0159est na Svat\u00e9 Ho\u0159e Athos&#8220; &#8212; Pravoslavn\u00e1 c\u00edrkevn\u00ed obec p\u0159i chr\u00e1mu svat\u00e9ho V\u00e1clava v Brn\u011b\" frameborder=\"0\" marginwidth=\"0\" marginheight=\"0\" scrolling=\"no\"><\/iframe><\/p>\n<p>&nbsp;<\/p>\n","protected":false},"excerpt":{"rendered":"<p>Dopln\u011bn\u00ed k\u00a0p\u016fvodn\u00ed zpr\u00e1v\u011b: http:\/\/pravoslavbrno.cz\/aktuality\/africky-kral-z-pobrezi-slonoviny-prijal-pravoslavny-krest-na-svate-hore-athos\/ Africk\u00fd kmenov\u00fd kr\u00e1l p\u0159ijal pravoslavn\u00fd k\u0159est na Svat\u00e9 Ho\u0159e Athos Svat\u00e1 Hora Athos p\u0159edstavuje slavn\u00fd \u201emaj\u00e1k\u201c pravoslav\u00ed a jej\u00ed duchovn\u00ed z\u00e1\u0159e p\u0159ekra\u010duje hranice \u0159eck\u00e9ho st\u00e1tu, a zahrnuje tak doslova cel\u00fd sv\u011bt. Toto duchovn\u00ed vyza\u0159ov\u00e1n\u00ed, kter\u00e9 p\u0159ekra\u010duje hranice n\u00e1rod\u016f, kmen\u016f a jazyk\u016f, potvrzuje zcela jedine\u010dn\u00fdm zp\u016fsobem ono v\u0161epravoslavn\u00e9 poselstv\u00ed pravoslavn\u00e9 v\u00edry a&#8230;<\/p>\n","protected":false},"author":3,"featured_media":0,"comment_status":"open","ping_status":"open","sticky":false,"template":"","format":"standard","meta":{"jetpack_post_was_ever_published":false,"_jetpack_newsletter_access":"","_jetpack_dont_email_post_to_subs":false,"_jetpack_newsletter_tier_id":0,"_jetpack_memberships_contains_paywalled_content":false,"_jetpack_memberships_contains_paid_content":false,"footnotes":"","jetpack_publicize_message":"","jetpack_publicize_feature_enabled":true,"jetpack_social_post_already_shared":true,"jetpack_social_options":{"image_generator_settings":{"template":"highway","default_image_id":0,"font":"","enabled":false},"version":2}},"categories":[12],"tags":[],"class_list":["post-2381","post","type-post","status-publish","format-standard","hentry","category-pravoslavi"],"jetpack_publicize_connections":[],"jetpack_featured_media_url":"","jetpack_sharing_enabled":true,"jetpack_shortlink":"https:\/\/wp.me\/p9GyX2-Cp","jetpack-related-posts":[],"_links":{"self":[{"href":"http:\/\/pravoslavnebrno.cz\/uk\/wp-json\/wp\/v2\/posts\/2381","targetHints":{"allow":["GET"]}}],"collection":[{"href":"http:\/\/pravoslavnebrno.cz\/uk\/wp-json\/wp\/v2\/posts"}],"about":[{"href":"http:\/\/pravoslavnebrno.cz\/uk\/wp-json\/wp\/v2\/types\/post"}],"author":[{"embeddable":true,"href":"http:\/\/pravoslavnebrno.cz\/uk\/wp-json\/wp\/v2\/users\/3"}],"replies":[{"embeddable":true,"href":"http:\/\/pravoslavnebrno.cz\/uk\/wp-json\/wp\/v2\/comments?post=2381"}],"version-history":[{"count":5,"href":"http:\/\/pravoslavnebrno.cz\/uk\/wp-json\/wp\/v2\/posts\/2381\/revisions"}],"predecessor-version":[{"id":2388,"href":"http:\/\/pravoslavnebrno.cz\/uk\/wp-json\/wp\/v2\/posts\/2381\/revisions\/2388"}],"wp:attachment":[{"href":"http:\/\/pravoslavnebrno.cz\/uk\/wp-json\/wp\/v2\/media?parent=2381"}],"wp:term":[{"taxonomy":"category","embeddable":true,"href":"http:\/\/pravoslavnebrno.cz\/uk\/wp-json\/wp\/v2\/categories?post=2381"},{"taxonomy":"post_tag","embeddable":true,"href":"http:\/\/pravoslavnebrno.cz\/uk\/wp-json\/wp\/v2\/tags?post=2381"}],"curies":[{"name":"wp","href":"https:\/\/api.w.org\/{rel}","templated":true}]}}