{"id":742,"date":"2018-03-13T06:43:15","date_gmt":"2018-03-13T05:43:15","guid":{"rendered":"http:\/\/pravoslavbrno.cz\/?p=742"},"modified":"2018-03-13T06:43:15","modified_gmt":"2018-03-13T05:43:15","slug":"sila-nejkratsi-modlitby-pane-smiluj-se","status":"publish","type":"post","link":"http:\/\/pravoslavnebrno.cz\/ru\/sila-nejkratsi-modlitby-pane-smiluj-se\/","title":{"rendered":"S\u00edla nejkrat\u0161\u00ed modlitby &#171;Pane, smiluj se!&#187;"},"content":{"rendered":"<p><span style=\"line-height: 150%; font-family: 'Times New Roman','serif'; font-size: 14pt;\"><span style=\"color: #000000;\">\u201eHospodi pomiluj!\u201c \u2013 \u201ePane, smiluj se!\u201c Jedn\u00e1 se o nejkrat\u0161\u00ed modlitbu. Sou\u010dasn\u011b jde tak\u00e9<br \/>\no nejkrat\u0161\u00ed vyzn\u00e1n\u00ed, dokonce krat\u0161\u00ed ne\u017e slova pok\u00e1n\u00ed evangeln\u00edho celn\u00edka (viz Luk 18, 13), kter\u00fd z\u00a0hlubiny sv\u00e9ho zkrou\u0161en\u00e9ho srdce pronesl p\u011bt slov. Neust\u00e1l\u00e9 opakov\u00e1n\u00ed \u201eHospodi pomiluj\u201c \u2013 \u201ePane, smiluj se\u201c n\u00e1m tak\u00e9 p\u0159ipom\u00edn\u00e1, \u017ee na\u0161e h\u0159\u00ed\u0161n\u00e9 p\u00e1dy jsou neust\u00e1l\u00e9. P\u0159i tom ale nejsme ne\u010dinn\u00ed, ale naopak neust\u00e1le, aktivn\u011b vz\u00fdv\u00e1me a pros\u00edme o slitov\u00e1n\u00ed, o Bo\u017e\u00ed smilov\u00e1n\u00ed. <\/span><\/span><\/p>\n<p style=\"text-align: center;\"><a href=\"http:\/\/pravoslavbrno.cz\/wp-content\/uploads\/2018\/03\/210731_p.jpg\"><img loading=\"lazy\" decoding=\"async\" class=\"alignnone wp-image-741\" src=\"http:\/\/pravoslavbrno.cz\/wp-content\/uploads\/2018\/03\/210731_p-281x300.jpg\" alt=\"\" width=\"422\" height=\"451\" srcset=\"http:\/\/pravoslavnebrno.cz\/wp-content\/uploads\/2018\/03\/210731_p-281x300.jpg 281w, http:\/\/pravoslavnebrno.cz\/wp-content\/uploads\/2018\/03\/210731_p.jpg 550w\" sizes=\"auto, (max-width: 422px) 100vw, 422px\" \/><\/a><\/p>\n<p><span style=\"line-height: 150%; font-family: 'Times New Roman','serif'; font-size: 14pt;\"><span style=\"color: #000000;\">Podle slov spravedliv\u00e9ho Jana Kron\u0161tadtsk\u00e9ho tato modlitba bije na\u0161\u00ed hrdost, na\u0161i p\u00fdchu, a vyz\u00fdv\u00e1 v\u00a0takto sm\u00fd\u0161lej\u00edc\u00edch pocit pokory, kter\u00e1 je z\u00e1kladem v\u0161ech k\u0159es\u0165ansk\u00fdch ctnost\u00ed. Tato kr\u00e1tk\u00e1 modlitba je sou\u010dasn\u011b\u00a0i nejv\u00edce pot\u0159ebnou modlitbou pro ka\u017ed\u00e9ho h\u0159\u00ed\u0161n\u00edka, nebo\u0165 se j\u00ed syt\u00ed jako pokrmem a nap\u00e1j\u00ed jako n\u00e1pojem. Je pro takov\u00e9ho \u010dlov\u011bka nezbytn\u00fdm l\u00e9kem pro jeho du\u0161i. Je doslova dechem jeho du\u0161e.<\/span><\/span><\/p>\n<p><span style=\"line-height: 150%; font-family: 'Times New Roman','serif'; font-size: 14pt;\"><span style=\"color: #000000;\">Kdo \u010dasto a od srdce pron\u00e1\u0161\u00ed slova: \u201eHospodi pomiluj\u201c \u2013 Pane, smiluj se\u201c, znamen\u00e1 to, \u017ee je \u017eiv\u00fd a duchovn\u011b zdrav\u00fd.<\/span><\/span><\/p>\n<p><span style=\"line-height: 150%; font-family: 'Times New Roman','serif'; font-size: 14pt;\"><span style=\"color: #000000;\">A kdo ne\u0159\u00edk\u00e1 anebo se styd\u00ed \u0159\u00edkat tuto kr\u00e1tkou modlitbu, ten je mrtev anebo smrteln\u011b nemocen.<\/span><\/span><\/p>\n<p><span style=\"line-height: 150%; font-family: 'Times New Roman','serif'; font-size: 14pt;\"><span style=\"color: #000000;\">Budeme se d\u00e1le posilovat ve v\u00ed\u0159e, nebo\u0165 s\u00a0n\u00e1mi jest B\u016fh.<\/span><\/span><\/p>\n<p style=\"text-align: right;\"><span style=\"line-height: 150%; font-family: 'Times New Roman','serif'; font-size: 14pt;\"><span style=\"color: #000000;\">P\u0159ipravil a p\u0159elo\u017eil o. Marek M.<\/span><\/span><\/p>\n<p align=\"right\"><span style=\"font-family: 'Times New Roman','serif'; font-size: 14pt;\"><a href=\"https:\/\/www.facebook.com\/Valaaminok\/videos\/1394802417252513\/\">https:\/\/www.facebook.com\/Valaaminok\/videos\/1394802417252513\/<\/a><\/span><\/p>\n","protected":false},"excerpt":{"rendered":"<p>\u201eHospodi pomiluj!\u201c \u2013 \u201ePane, smiluj se!\u201c Jedn\u00e1 se o nejkrat\u0161\u00ed modlitbu. Sou\u010dasn\u011b jde tak\u00e9 o nejkrat\u0161\u00ed vyzn\u00e1n\u00ed, dokonce krat\u0161\u00ed ne\u017e slova pok\u00e1n\u00ed evangeln\u00edho celn\u00edka (viz Luk 18, 13), kter\u00fd z\u00a0hlubiny sv\u00e9ho zkrou\u0161en\u00e9ho srdce pronesl p\u011bt slov. Neust\u00e1l\u00e9 opakov\u00e1n\u00ed \u201eHospodi pomiluj\u201c \u2013 \u201ePane, smiluj se\u201c n\u00e1m tak\u00e9 p\u0159ipom\u00edn\u00e1, \u017ee na\u0161e h\u0159\u00ed\u0161n\u00e9 p\u00e1dy jsou neust\u00e1l\u00e9. P\u0159i tom&#8230;<\/p>\n","protected":false},"author":3,"featured_media":0,"comment_status":"open","ping_status":"open","sticky":false,"template":"","format":"standard","meta":{"jetpack_post_was_ever_published":false,"_jetpack_newsletter_access":"","_jetpack_dont_email_post_to_subs":false,"_jetpack_newsletter_tier_id":0,"_jetpack_memberships_contains_paywalled_content":false,"_jetpack_memberships_contains_paid_content":false,"footnotes":"","jetpack_publicize_message":"","jetpack_publicize_feature_enabled":true,"jetpack_social_post_already_shared":true,"jetpack_social_options":{"image_generator_settings":{"template":"highway","default_image_id":0,"font":"","enabled":false},"version":2}},"categories":[4],"tags":[],"class_list":["post-742","post","type-post","status-publish","format-standard","hentry","category-pouceni"],"jetpack_publicize_connections":[],"jetpack_featured_media_url":"","jetpack_sharing_enabled":true,"jetpack_shortlink":"https:\/\/wp.me\/p9GyX2-bY","jetpack-related-posts":[],"_links":{"self":[{"href":"http:\/\/pravoslavnebrno.cz\/ru\/wp-json\/wp\/v2\/posts\/742","targetHints":{"allow":["GET"]}}],"collection":[{"href":"http:\/\/pravoslavnebrno.cz\/ru\/wp-json\/wp\/v2\/posts"}],"about":[{"href":"http:\/\/pravoslavnebrno.cz\/ru\/wp-json\/wp\/v2\/types\/post"}],"author":[{"embeddable":true,"href":"http:\/\/pravoslavnebrno.cz\/ru\/wp-json\/wp\/v2\/users\/3"}],"replies":[{"embeddable":true,"href":"http:\/\/pravoslavnebrno.cz\/ru\/wp-json\/wp\/v2\/comments?post=742"}],"version-history":[{"count":3,"href":"http:\/\/pravoslavnebrno.cz\/ru\/wp-json\/wp\/v2\/posts\/742\/revisions"}],"predecessor-version":[{"id":745,"href":"http:\/\/pravoslavnebrno.cz\/ru\/wp-json\/wp\/v2\/posts\/742\/revisions\/745"}],"wp:attachment":[{"href":"http:\/\/pravoslavnebrno.cz\/ru\/wp-json\/wp\/v2\/media?parent=742"}],"wp:term":[{"taxonomy":"category","embeddable":true,"href":"http:\/\/pravoslavnebrno.cz\/ru\/wp-json\/wp\/v2\/categories?post=742"},{"taxonomy":"post_tag","embeddable":true,"href":"http:\/\/pravoslavnebrno.cz\/ru\/wp-json\/wp\/v2\/tags?post=742"}],"curies":[{"name":"wp","href":"https:\/\/api.w.org\/{rel}","templated":true}]}}