{"id":4388,"date":"2019-01-01T01:52:52","date_gmt":"2019-01-01T00:52:52","guid":{"rendered":"http:\/\/pravoslavbrno.cz\/?p=4388"},"modified":"2018-12-24T22:02:37","modified_gmt":"2018-12-24T21:02:37","slug":"otec-andreas-konanos-znamy-recky-pravoslavny-kazatel","status":"publish","type":"post","link":"http:\/\/pravoslavnebrno.cz\/ru\/otec-andreas-konanos-znamy-recky-pravoslavny-kazatel\/","title":{"rendered":"Otec Andreas (Konanos) &#8212; zn\u00e1m\u00fd \u0159eck\u00fd pravoslavn\u00fd kazatel"},"content":{"rendered":"<h2 style=\"text-align: center;\"><strong>Otec archim. Andreas (Konanos)<\/strong><\/h2>\n<p style=\"text-align: center;\"><a href=\"http:\/\/pravoslavbrno.cz\/wp-content\/uploads\/2018\/12\/Pater-Konanos.png\"><img loading=\"lazy\" decoding=\"async\" class=\"alignnone wp-image-4384\" src=\"http:\/\/pravoslavbrno.cz\/wp-content\/uploads\/2018\/12\/Pater-Konanos-300x115.png\" alt=\"\" width=\"558\" height=\"214\" srcset=\"http:\/\/pravoslavnebrno.cz\/wp-content\/uploads\/2018\/12\/Pater-Konanos-300x115.png 300w, http:\/\/pravoslavnebrno.cz\/wp-content\/uploads\/2018\/12\/Pater-Konanos-768x294.png 768w, http:\/\/pravoslavnebrno.cz\/wp-content\/uploads\/2018\/12\/Pater-Konanos-700x268.png 700w, http:\/\/pravoslavnebrno.cz\/wp-content\/uploads\/2018\/12\/Pater-Konanos-800x307.png 800w, http:\/\/pravoslavnebrno.cz\/wp-content\/uploads\/2018\/12\/Pater-Konanos.png 809w\" sizes=\"auto, (max-width: 558px) 100vw, 558px\" \/><\/a><\/p>\n<p><strong>M\u00edsto \u00favodu<\/strong><\/p>\n<p>Leto\u0161n\u00ed lednov\u00e9 (m\u011bs\u00ed\u010dn\u00ed) pou\u010den\u00ed za\u010d\u00edn\u00e1me pom\u011brn\u011b nev\u0161edn\u00edm t\u00e9matem.<\/p>\n<p>Na\u0161e zraky a z\u00e1jem spo\u010dinuly na dnes ji\u017e zn\u00e1m\u00e9m \u0159eck\u00e9m kazateli, otci archim. Andreasovi (Konanosovi), jeho\u017e vpravd\u011b otev\u0159en\u00fd, otcovsk\u00fd a duchovn\u00ed p\u0159\u00edstup ke v\u0161em jeho poslucha\u010d\u016fm mu zajistil nejen v\u0161eobecnou zn\u00e1most, ale tak\u00e9 velkou oblibu v \u0159ad\u00e1ch p\u0159edev\u0161\u00edm \u0159eck\u00fdch pravoslavn\u00fdch v\u011b\u0159\u00edc\u00edch.<\/p>\n<p>P\u0159edn\u00e1\u0161ky a homilie otce Andrease jsou v\u0161ak zn\u00e1my i za hranicemi \u0158ecka. Lze se s nimi setkat nap\u0159. na str\u00e1nk\u00e1ch Sret\u011bnsk\u00e9ho monast\u00fdru v Rusku (viz www.pravoslavie.ru) a jinde.<!--more--><\/p>\n<p>D\u0159\u00edve ne\u017e zve\u0159ejn\u00edme jedno z inspirativn\u00edch pou\u010den\u00ed otce Andrease, kter\u00e9 pro tento m\u011bs\u00edc p\u0159ipravil n\u00e1\u0161 otec Marek (Mal\u00edk), zm\u00edn\u00edme v n\u011bkolika stru\u010dn\u00fdch \u010drt\u00e1ch z\u00e1kladn\u00ed \u017eivotopisn\u00e9 \u00fadaje o tomto novodob\u00e9m \u0159eck\u00e9m &#171;mision\u00e1\u0159i l\u00e1sky&#187;.<\/p>\n<p style=\"text-align: center;\"><a href=\"http:\/\/pravoslavbrno.cz\/wp-content\/uploads\/2019\/01\/\u03c0_\u0391\u03bd\u03b4\u03c1\u03ad\u03b1\u03c2-\u039a\u03bf\u03bd\u03ac\u03bd\u03bf\u03c2.jpg\"><img loading=\"lazy\" decoding=\"async\" class=\"alignnone wp-image-4392\" src=\"http:\/\/pravoslavbrno.cz\/wp-content\/uploads\/2019\/01\/\u03c0_\u0391\u03bd\u03b4\u03c1\u03ad\u03b1\u03c2-\u039a\u03bf\u03bd\u03ac\u03bd\u03bf\u03c2-300x210.jpg\" alt=\"\" width=\"561\" height=\"393\" srcset=\"http:\/\/pravoslavnebrno.cz\/wp-content\/uploads\/2019\/01\/\u03c0_\u0391\u03bd\u03b4\u03c1\u03ad\u03b1\u03c2-\u039a\u03bf\u03bd\u03ac\u03bd\u03bf\u03c2-300x210.jpg 300w, http:\/\/pravoslavnebrno.cz\/wp-content\/uploads\/2019\/01\/\u03c0_\u0391\u03bd\u03b4\u03c1\u03ad\u03b1\u03c2-\u039a\u03bf\u03bd\u03ac\u03bd\u03bf\u03c2-768x538.jpg 768w, http:\/\/pravoslavnebrno.cz\/wp-content\/uploads\/2019\/01\/\u03c0_\u0391\u03bd\u03b4\u03c1\u03ad\u03b1\u03c2-\u039a\u03bf\u03bd\u03ac\u03bd\u03bf\u03c2-700x490.jpg 700w, http:\/\/pravoslavnebrno.cz\/wp-content\/uploads\/2019\/01\/\u03c0_\u0391\u03bd\u03b4\u03c1\u03ad\u03b1\u03c2-\u039a\u03bf\u03bd\u03ac\u03bd\u03bf\u03c2-800x560.jpg 800w, http:\/\/pravoslavnebrno.cz\/wp-content\/uploads\/2019\/01\/\u03c0_\u0391\u03bd\u03b4\u03c1\u03ad\u03b1\u03c2-\u039a\u03bf\u03bd\u03ac\u03bd\u03bf\u03c2.jpg 920w\" sizes=\"auto, (max-width: 561px) 100vw, 561px\" \/><\/a><\/p>\n<p><strong>Kr\u00e1tk\u00fd medailon otce Andrease<\/strong><\/p>\n<p>Otec Andreas Konanos se narodil v roce 1970 v Mnichov\u011b.<\/p>\n<p>Po sv\u00e9m p\u0159est\u011bhov\u00e1n\u00ed do \u0158ecka \u017eil od roku 1977 v At\u00e9n\u00e1ch. V sou\u010dasn\u00e9 dob\u011b \u017eije v Ioannin\u011b v severoz\u00e1padn\u00edm \u0158ecku.<\/p>\n<p>Nejprve absolvoval klasick\u00e9 l\u00fdceum v Peristeri a pot\u00e9 studoval teologii v At\u00e9n\u00e1ch.<\/p>\n<p>Ned\u00e1vno zesnul\u00fd\u00a0arcibiskup Christodulos vysv\u011btil otce Andrease nejprve na di\u00e1kona (1999) a pozd\u011bji na presbytera (2000) a tak\u00e9\u00a0archimandritu.<\/p>\n<p>Otec Andreas ve sv\u00e9 tehdej\u0161\u00ed farnosti za\u010dal\u00a0konat r\u016fzn\u00e1 studentsk\u00e1 setk\u00e1n\u00ed, v\u0161eno\u010dn\u00ed bd\u011bn\u00ed,\u00a0besedy a homilie, jako\u017e i mnoh\u00e9 p\u0159edn\u00e1\u0161ky ve \u0160kole rodi\u010d\u016f a\u00a0tak\u00e9 v r\u016fzn\u00fdch duchovn\u00edch centrech\u00a0Ath\u00e9nsk\u00e9ho arcibiskupstv\u00ed.<\/p>\n<p>Od roku 2006 vede pravideln\u00e1 vys\u00edl\u00e1n\u00ed radiostanice Pirejsk\u00e9 c\u00edrkevn\u00ed eparchie.<\/p>\n<p>V\u011bhlas mu z\u00edskaly pr\u00e1v\u011b tato\u00a0vys\u00edl\u00e1n\u00ed na r\u016fzn\u00e1 duchovn\u00ed t\u00e9mata.<\/p>\n<p>Od\u00a0t\u00e9 doby cestuje po cel\u00e9m\u00a0\u0158ecku na pozv\u00e1n\u00ed m\u00edstn\u00edch metropolit\u016f.<\/p>\n<p>V minulosti p\u016fsobil nejen\u00a0v \u0158ecku, ale tak\u00e9 na Kypru \u010di ve Spojen\u00fdch st\u00e1tech americk\u00fdch.<\/p>\n<p>Jeho \u00fazk\u00e9 duchovn\u00ed pouto s Jeruzal\u00e9msk\u00fdm patriarch\u00e1tem, se Svatou Horou Athos a s mnoh\u00fdmi sou\u010dasn\u00fdmi pravoslavn\u00fdmi starci p\u0159edstavuj\u00ed nevy\u010derpateln\u00fd zdroj jeho inspirace a duchovn\u00ed s\u00edly v jeho \u017eivot\u011b.<\/p>\n<p style=\"text-align: right;\"><strong>MD<\/strong><\/p>\n<p><strong>Dosud vydan\u00e1 kni\u017en\u00ed d\u00edla:<\/strong><\/p>\n<p>(2017) \u0391\u03b3\u03ac\u03c0\u03b7 \u03b3\u03b9\u03b1 \u03c0\u03ac\u03bd\u03c4\u03b1, \u03a3\u03c9\u03bc\u03b1\u03c4\u03b5\u03af\u03bf \u03a0\u03b1\u03bd\u03b1\u03b3\u03af\u03b1 \u0393\u03ac\u03bb\u03b1\u03be\u03b1 \u03b7 \u0398\u03b1\u03bb\u03b1\u03c3\u03c3\u03bf\u03ba\u03c1\u03b1\u03c4\u03bf\u03cd\u03c3\u03b1<br \/>\n(L\u00e1ska nav\u017edy)<\/p>\n<p>(2017) \u0394\u03c5\u03bd\u03ac\u03bc\u03c9\u03c3\u03b5 \u03c4\u03b7\u03bd \u03c8\u03c5\u03c7\u03ae \u03c3\u03bf\u03c5, \u03a3\u03c9\u03bc\u03b1\u03c4\u03b5\u03af\u03bf \u03a0\u03b1\u03bd\u03b1\u03b3\u03af\u03b1 \u0393\u03ac\u03bb\u03b1\u03be\u03b1 \u03b7 \u0398\u03b1\u03bb\u03b1\u03c3\u03c3\u03bf\u03ba\u03c1\u03b1\u03c4\u03bf\u03cd\u03c3\u03b1<br \/>\n(Posilni svou du\u0161i)<\/p>\n<p>(2017) \u038c\u03bb\u03b1 \u03c4\u03bf\u03c5 \u03b3\u03ac\u03bc\u03bf\u03c5 \u03b4\u03cd\u03c3\u03ba\u03bf\u03bb\u03b1&#8230;, \u0386\u03b8\u03c9\u03c2 (\u03a3\u03c4\u03b1\u03bc\u03bf\u03cd\u03bb\u03b7 \u0391.\u0395.)<br \/>\n(V\u0161echno v man\u017eelstv\u00ed je obt\u00ed\u017en\u00e9)<\/p>\n<p>(2017) \u03a3\u03c4\u03bf \u03b2\u03ac\u03b8\u03bf\u03c2 \u03ba\u03ae\u03c0\u03bf\u03c2, \u0386\u03b8\u03c9\u03c2 (\u03a3\u03c4\u03b1\u03bc\u03bf\u03cd\u03bb\u03b7 \u0391.\u0395.)<br \/>\n(V hlubok\u00e9 zahrad\u011b)<\/p>\n<p>Otec Andreas spolupracoval tak\u00e9 nap\u0159. na souborn\u00e9m d\u00edle na t\u00e9ma &#171;Krize v rodin\u011b&#187; (\u039f\u03b9\u03ba\u03bf\u03b3\u03ad\u03bd\u03b5\u03b9\u03b1 \u03c3\u03b5 \u03ba\u03c1\u03af\u03c3\u03b7, \u0391\u03ba\u03c1\u03af\u03c4\u03b1\u03c2, 2009)<\/p>\n<p>&nbsp;<\/p>\n<p><strong>U\u017eite\u010dn\u00e9 odkazy:<\/strong><\/p>\n<p><a href=\"http:\/\/www.biblionet.gr\/\">www.biblionet.gr<\/a><\/p>\n<p><a href=\"https:\/\/www.facebook.com\/AndreasKonanosPage\/\">https:\/\/www.facebook.com\/AndreasKonanosPage\/<\/a><\/p>\n<div class=\"fb-video\" data-allowfullscreen=\"true\" data-href=\"https:\/\/www.facebook.com\/AndreasKonanosPage\/videos\/885169618183512\/\" style=\"background-color: #fff; display: inline-block;\"><\/div>\n<p>&nbsp;<\/p>\n","protected":false},"excerpt":{"rendered":"<p>Otec archim. Andreas (Konanos) M\u00edsto \u00favodu Leto\u0161n\u00ed lednov\u00e9 (m\u011bs\u00ed\u010dn\u00ed) pou\u010den\u00ed za\u010d\u00edn\u00e1me pom\u011brn\u011b nev\u0161edn\u00edm t\u00e9matem. Na\u0161e zraky a z\u00e1jem spo\u010dinuly na dnes ji\u017e zn\u00e1m\u00e9m \u0159eck\u00e9m kazateli, otci archim. Andreasovi (Konanosovi), jeho\u017e vpravd\u011b otev\u0159en\u00fd, otcovsk\u00fd a duchovn\u00ed p\u0159\u00edstup ke v\u0161em jeho poslucha\u010d\u016fm mu zajistil nejen v\u0161eobecnou zn\u00e1most, ale tak\u00e9 velkou oblibu v \u0159ad\u00e1ch p\u0159edev\u0161\u00edm \u0159eck\u00fdch pravoslavn\u00fdch v\u011b\u0159\u00edc\u00edch&#8230;.<\/p>\n","protected":false},"author":3,"featured_media":0,"comment_status":"open","ping_status":"open","sticky":false,"template":"","format":"standard","meta":{"jetpack_post_was_ever_published":false,"_jetpack_newsletter_access":"","_jetpack_dont_email_post_to_subs":false,"_jetpack_newsletter_tier_id":0,"_jetpack_memberships_contains_paywalled_content":false,"_jetpack_memberships_contains_paid_content":false,"footnotes":"","jetpack_publicize_message":"","jetpack_publicize_feature_enabled":true,"jetpack_social_post_already_shared":true,"jetpack_social_options":{"image_generator_settings":{"template":"highway","default_image_id":0,"font":"","enabled":false},"version":2}},"categories":[12],"tags":[],"class_list":["post-4388","post","type-post","status-publish","format-standard","hentry","category-pravoslavi"],"jetpack_publicize_connections":[],"jetpack_featured_media_url":"","jetpack_sharing_enabled":true,"jetpack_shortlink":"https:\/\/wp.me\/p9GyX2-18M","jetpack-related-posts":[],"_links":{"self":[{"href":"http:\/\/pravoslavnebrno.cz\/ru\/wp-json\/wp\/v2\/posts\/4388","targetHints":{"allow":["GET"]}}],"collection":[{"href":"http:\/\/pravoslavnebrno.cz\/ru\/wp-json\/wp\/v2\/posts"}],"about":[{"href":"http:\/\/pravoslavnebrno.cz\/ru\/wp-json\/wp\/v2\/types\/post"}],"author":[{"embeddable":true,"href":"http:\/\/pravoslavnebrno.cz\/ru\/wp-json\/wp\/v2\/users\/3"}],"replies":[{"embeddable":true,"href":"http:\/\/pravoslavnebrno.cz\/ru\/wp-json\/wp\/v2\/comments?post=4388"}],"version-history":[{"count":6,"href":"http:\/\/pravoslavnebrno.cz\/ru\/wp-json\/wp\/v2\/posts\/4388\/revisions"}],"predecessor-version":[{"id":4395,"href":"http:\/\/pravoslavnebrno.cz\/ru\/wp-json\/wp\/v2\/posts\/4388\/revisions\/4395"}],"wp:attachment":[{"href":"http:\/\/pravoslavnebrno.cz\/ru\/wp-json\/wp\/v2\/media?parent=4388"}],"wp:term":[{"taxonomy":"category","embeddable":true,"href":"http:\/\/pravoslavnebrno.cz\/ru\/wp-json\/wp\/v2\/categories?post=4388"},{"taxonomy":"post_tag","embeddable":true,"href":"http:\/\/pravoslavnebrno.cz\/ru\/wp-json\/wp\/v2\/tags?post=4388"}],"curies":[{"name":"wp","href":"https:\/\/api.w.org\/{rel}","templated":true}]}}