{"id":3461,"date":"2018-09-03T05:54:18","date_gmt":"2018-09-03T04:54:18","guid":{"rendered":"http:\/\/pravoslavbrno.cz\/?p=3461"},"modified":"2018-09-03T08:56:57","modified_gmt":"2018-09-03T07:56:57","slug":"aby-hospodin-udelil-nasim-detem-ducha-moudrosti-a-zjeveni","status":"publish","type":"post","link":"http:\/\/pravoslavnebrno.cz\/ru\/aby-hospodin-udelil-nasim-detem-ducha-moudrosti-a-zjeveni\/","title":{"rendered":"Aby Hospodin ud\u011blil na\u0161im d\u011btem &#171;ducha moudrosti a rozumu&#187;!"},"content":{"rendered":"<div id=\"id_5b8cba79078a17210300715\" class=\"text_exposed_root text_exposed\">\n<h2 style=\"text-align: center;\"><strong>Prob\u011bhla pobo\u017enost p\u0159ed za\u010d\u00e1tkem \u0161koln\u00edho roku<\/strong><\/h2>\n<p style=\"text-align: center;\"><a href=\"http:\/\/pravoslavbrno.cz\/wp-content\/uploads\/2018\/09\/imageresize.jpg\"><img loading=\"lazy\" decoding=\"async\" class=\"alignnone wp-image-3463\" src=\"http:\/\/pravoslavbrno.cz\/wp-content\/uploads\/2018\/09\/imageresize-225x300.jpg\" alt=\"\" width=\"478\" height=\"637\" srcset=\"http:\/\/pravoslavnebrno.cz\/wp-content\/uploads\/2018\/09\/imageresize-225x300.jpg 225w, http:\/\/pravoslavnebrno.cz\/wp-content\/uploads\/2018\/09\/imageresize.jpg 653w\" sizes=\"auto, (max-width: 478px) 100vw, 478px\" \/><\/a><\/p>\n<p>V ned\u011bli 2. z\u00e1\u0159\u00ed 2018 byla p\u0159ed ve\u010dern\u00ed bohoslu\u017ebou slou\u017eena pobo\u017enost p\u0159ed za\u010d\u00e1tkem \u0161koln\u00edho roku.<\/p>\n<p>D\u011bti z na\u0161\u00ed farnosti p\u0159i\u0161ly v hojn\u00e9m po\u010dtu spolu se sv\u00fdmi rodi\u010di.<\/p>\n<p>Duchovn\u00ed otcov\u00e9 se spolu s p\u0159\u00edtomn\u00fdmi rodi\u010di modlili, aby Hospodin &#171;seslal na tyto d\u00edtky\u00a0ducha moudrosti a rozumu a aby otev\u0159el jejich rozum i \u00fasta a osv\u00edtil jejich srdce k p\u0159ijet\u00ed pou\u010den\u00ed v dobr\u00fdch nauk\u00e1ch&#8230;&#187;.<\/p>\n<p>P\u0159ejeme v\u0161em d\u011btem, aby Bo\u017e\u00ed &#171;dary&#187;, jednou z\u00edskan\u00e9 p\u0159i svat\u00e9m k\u0159tu, dob\u0159e rozv\u00edjely a aby v\u017edy zachovaly pokoru a \u00factu ke sv\u00fdm duchovn\u00edm p\u0159edstaven\u00fdm, rodi\u010d\u016fm i u\u010ditel\u016fm.<\/p>\n<p>T\u011b\u0161\u00edme se, \u017ee na\u0161e d\u011bti budou dobr\u00fdmi pravoslavn\u00fdmi k\u0159es\u0165any, \u017ee se budou nad\u00e1le a pravideln\u011b\u00a0\u00fa\u010dastnit svat\u00fdch bohoslu\u017eeb a nav\u0161t\u011bvovat tak\u00e9\u00a0hodiny n\u00e1bo\u017eenstv\u00ed, aby jejich pozn\u00e1n\u00ed mohlo b\u00fdt &#171;k Bo\u017e\u00ed chv\u00e1le, k radosti rodi\u010d\u016f a vlasti i C\u00edrkvi k prosp\u011bchu&#187;.<\/p>\n<div class=\"text_exposed_show\">\n<p><strong>Fotografie<\/strong> ke shl\u00e9dnut\u00ed zde:<\/p>\n<div class=\"fb-post\" data-href=\"https:\/\/www.facebook.com\/SvatyVaclavBrno\/photos\/pcb.1865627570181478\/1865626850181550\/?type=3&#038;theater\" data-width=\"552\" style=\"background-color: #fff; display: inline-block;\"><\/div>\n<\/div>\n<\/div>\n<p><!--more--><\/p>\n","protected":false},"excerpt":{"rendered":"<p>Prob\u011bhla pobo\u017enost p\u0159ed za\u010d\u00e1tkem \u0161koln\u00edho roku V ned\u011bli 2. z\u00e1\u0159\u00ed 2018 byla p\u0159ed ve\u010dern\u00ed bohoslu\u017ebou slou\u017eena pobo\u017enost p\u0159ed za\u010d\u00e1tkem \u0161koln\u00edho roku. D\u011bti z na\u0161\u00ed farnosti p\u0159i\u0161ly v hojn\u00e9m po\u010dtu spolu se sv\u00fdmi rodi\u010di. Duchovn\u00ed otcov\u00e9 se spolu s p\u0159\u00edtomn\u00fdmi rodi\u010di modlili, aby Hospodin &#171;seslal na tyto d\u00edtky\u00a0ducha moudrosti a rozumu a aby otev\u0159el jejich rozum&#8230;<\/p>\n","protected":false},"author":3,"featured_media":0,"comment_status":"open","ping_status":"open","sticky":false,"template":"","format":"standard","meta":{"jetpack_post_was_ever_published":false,"_jetpack_newsletter_access":"","_jetpack_dont_email_post_to_subs":false,"_jetpack_newsletter_tier_id":0,"_jetpack_memberships_contains_paywalled_content":false,"_jetpack_memberships_contains_paid_content":false,"footnotes":"","jetpack_publicize_message":"","jetpack_publicize_feature_enabled":true,"jetpack_social_post_already_shared":true,"jetpack_social_options":{"image_generator_settings":{"template":"highway","default_image_id":0,"font":"","enabled":false},"version":2}},"categories":[15],"tags":[],"class_list":["post-3461","post","type-post","status-publish","format-standard","hentry","category-verouka"],"jetpack_publicize_connections":[],"jetpack_featured_media_url":"","jetpack_sharing_enabled":true,"jetpack_shortlink":"https:\/\/wp.me\/p9GyX2-TP","jetpack-related-posts":[],"_links":{"self":[{"href":"http:\/\/pravoslavnebrno.cz\/ru\/wp-json\/wp\/v2\/posts\/3461","targetHints":{"allow":["GET"]}}],"collection":[{"href":"http:\/\/pravoslavnebrno.cz\/ru\/wp-json\/wp\/v2\/posts"}],"about":[{"href":"http:\/\/pravoslavnebrno.cz\/ru\/wp-json\/wp\/v2\/types\/post"}],"author":[{"embeddable":true,"href":"http:\/\/pravoslavnebrno.cz\/ru\/wp-json\/wp\/v2\/users\/3"}],"replies":[{"embeddable":true,"href":"http:\/\/pravoslavnebrno.cz\/ru\/wp-json\/wp\/v2\/comments?post=3461"}],"version-history":[{"count":2,"href":"http:\/\/pravoslavnebrno.cz\/ru\/wp-json\/wp\/v2\/posts\/3461\/revisions"}],"predecessor-version":[{"id":3465,"href":"http:\/\/pravoslavnebrno.cz\/ru\/wp-json\/wp\/v2\/posts\/3461\/revisions\/3465"}],"wp:attachment":[{"href":"http:\/\/pravoslavnebrno.cz\/ru\/wp-json\/wp\/v2\/media?parent=3461"}],"wp:term":[{"taxonomy":"category","embeddable":true,"href":"http:\/\/pravoslavnebrno.cz\/ru\/wp-json\/wp\/v2\/categories?post=3461"},{"taxonomy":"post_tag","embeddable":true,"href":"http:\/\/pravoslavnebrno.cz\/ru\/wp-json\/wp\/v2\/tags?post=3461"}],"curies":[{"name":"wp","href":"https:\/\/api.w.org\/{rel}","templated":true}]}}