{"id":3455,"date":"2018-09-03T05:34:38","date_gmt":"2018-09-03T04:34:38","guid":{"rendered":"http:\/\/pravoslavbrno.cz\/?p=3455"},"modified":"2018-09-03T08:59:20","modified_gmt":"2018-09-03T07:59:20","slug":"vladyka-oleksandr-z-ukrajinske-pravoslavne-cirkve-v-brne","status":"publish","type":"post","link":"http:\/\/pravoslavnebrno.cz\/ru\/vladyka-oleksandr-z-ukrajinske-pravoslavne-cirkve-v-brne\/","title":{"rendered":"Vladyka Oleksandr z Ukrajinsk\u00e9 pravoslavn\u00e9 c\u00edrkve v Brn\u011b"},"content":{"rendered":"<h2 style=\"text-align: center;\"><strong>Archijerejsk\u00e1 liturgie s hostem<br \/>\nz Kyjevsk\u00e9 metropolie Ukrajinsk\u00e9 pravoslavn\u00e9 c\u00edrkve<\/strong><\/h2>\n<p style=\"text-align: center;\"><a href=\"http:\/\/pravoslavbrno.cz\/wp-content\/uploads\/2018\/09\/22.jpg\"><img loading=\"lazy\" decoding=\"async\" class=\"alignnone wp-image-3457\" src=\"http:\/\/pravoslavbrno.cz\/wp-content\/uploads\/2018\/09\/22-300x225.jpg\" alt=\"\" width=\"625\" height=\"469\" srcset=\"http:\/\/pravoslavnebrno.cz\/wp-content\/uploads\/2018\/09\/22-300x225.jpg 300w, http:\/\/pravoslavnebrno.cz\/wp-content\/uploads\/2018\/09\/22-768x576.jpg 768w, http:\/\/pravoslavnebrno.cz\/wp-content\/uploads\/2018\/09\/22-700x525.jpg 700w, http:\/\/pravoslavnebrno.cz\/wp-content\/uploads\/2018\/09\/22-800x600.jpg 800w, http:\/\/pravoslavnebrno.cz\/wp-content\/uploads\/2018\/09\/22-80x60.jpg 80w, http:\/\/pravoslavnebrno.cz\/wp-content\/uploads\/2018\/09\/22.jpg 960w\" sizes=\"auto, (max-width: 625px) 100vw, 625px\" \/><\/a><\/p>\n<p><strong>Vz\u00e1cn\u00e1 p\u0159\u00edtomnost vladyky Oleksandra (Drabinka) v\u00a0Brn\u011b<\/strong><\/p>\n<p>Prvn\u00ed z\u00e1\u0159ijovou ned\u011bli se v\u00a0brn\u011bnsk\u00e9m pravoslavn\u00e9m chr\u00e1mu sv. V\u00e1clava konala slavnostn\u00ed archijerejsk\u00e1 liturgie, kterou spolu s p\u0159eosv\u00edcen\u00fdm vladykou Izai\u00e1\u0161em, biskupem \u0160umpersk\u00fdm, slou\u017eil na pozv\u00e1n\u00ed Jeho Vysokop\u0159eosv\u00edcenosti Simeona, arcibiskupa Olomoucko-brn\u011bnsk\u00e9ho, Jeho Vysokop\u0159eosv\u00edcenost Oleksandr (Drabinko), metropolita Perejaslav\u2013Chmelnyck\u00fd a Vi\u0161nevsk\u00fd, vik\u00e1\u0159 Kyjevsk\u00e9 metropolie.<!--more--><\/p>\n<p>Jak se ji\u017e stalo dobr\u00fdm zvykem, oba vladykov\u00e9 byli p\u0159ed vstupem do brn\u011bnsk\u00e9ho chr\u00e1mu uv\u00edt\u00e1ni tradi\u010dn\u00edm slovansk\u00fdm oby\u010dejem: <em>chlebem a sol\u00ed<\/em>, zat\u00edmco jim na\u0161e d\u011bti p\u0159edaly kv\u011btiny.<\/p>\n<p>Ned\u011bln\u00ed k\u00e1z\u00e1n\u00ed na svat\u00e9 liturgii pronesl Vysokop\u0159eosv\u00edcen\u00fd vladyka Oleksandr, kter\u00fd v n\u011bm p\u0159ipomn\u011bl neust\u00e1vaj\u00edc\u00ed pomoc Matky Bo\u017e\u00ed, na kterou v obdob\u00ed po Jej\u00edm velk\u00e9m sv\u00e1tku Zesnut\u00ed \u010dasto vzpom\u00edn\u00e1me.<\/p>\n<p>Vladyka p\u0159ipomn\u011bl slova troparu, kter\u00fd vyjad\u0159uje velmi p\u0159esn\u011b osobnost Matky Bo\u017e\u00ed<br \/>\na jej\u00ed vztah k n\u00e1m: \u201eP\u0159i zesnut\u00ed sv\u011bt jsi neopustila, Bohorodice\u2026\u201c A my, kte\u0159\u00ed jsme byli osvojeni Matkou Bo\u017e\u00ed, skrze Kristova slova na k\u0159\u00ed\u017ei (viz Jn 19, 26-27), se tak k n\u00ed m\u016f\u017eeme neust\u00e1le obracet, nebo\u0165 ona \u201ep\u0159\u00edmluvami sv\u00fdmi zbavuje od smrti du\u0161e na\u0161e\u201c.<\/p>\n<p>A v\u00a0tomto duchu, kdy\u017e p\u0159ich\u00e1z\u00edme do chr\u00e1mu a p\u0159ed n\u00e1mi je zobrazena na ikon\u011b Matka Bo\u017e\u00ed ve sv\u00e9m zesnut\u00ed, neust\u00e1le si m\u00e1me p\u0159ipom\u00ednat jej\u00ed neust\u00e1lou pomoc, kterou n\u00e1m ud\u00edl\u00ed jako na\u0161e Matka, v\u017edy p\u0159ipravena n\u00e1s vyslechnout, kdy\u017e se k n\u00ed s\u00a0v\u00edrou obrac\u00edme.<\/p>\n<p>Na z\u00e1v\u011br svat\u00e9 liturgie p\u0159edal vladyka Oleksandr chr\u00e1mu svat\u00e9ho V\u00e1clava velk\u00fd<br \/>\na nedoceniteln\u00fd dar, kter\u00fdm jsou \u010d\u00e1ste\u010dky ostatk\u016f svat\u00fdch nov\u00fdch mu\u010dedn\u00edk\u016f<br \/>\na vyznava\u010d\u016f \u2013 sv\u011btitele (svt.) Tichona (Bellavina), patriarchy moskevsk\u00e9ho, svt. Vladim\u00edra (Bohojavlensk\u00e9ho), metropolity Kyjevsk\u00e9ho a Hali\u010dsk\u00e9ho, svt. Tade\u00e1\u0161e (Uspensk\u00e9ho), arcibiskupa Tversk\u00e9ho a mnoha dal\u0161\u00edch!<\/p>\n<p>Vladyka sv\u00fdmi slovy zd\u016fraznil v\u00fdznam t\u011bchto nov\u00fdch mu\u010dedn\u00edk\u016f pro n\u00e1s v\u011b\u0159\u00edc\u00ed, a\u0165 ji\u017e \u017eijeme zde v\u00a0\u010cesk\u00e9 republice, nebo v\u00a0Rusku, na Ukrajin\u011b \u010di kdekoli jinde, kde se pam\u00e1tka t\u011bchto novodob\u00fdch svat\u00fdch pravoslavn\u011b p\u0159ipom\u00edn\u00e1.<\/p>\n<p>My, \u010de\u0161t\u00ed pravoslavn\u00ed, jsme spolu s\u00a0vladykou Oleksandrem vzpom\u00ednali tak\u00e9 na na\u0161eho drah\u00e9ho a Bohem zjeven\u00e9ho novomu\u010dedn\u00edka Gorazda, a to ji\u017e o den d\u0159\u00edve, b\u011bhem spole\u010dn\u011b konan\u00e9 svat\u00e9 liturgie v\u00a0jeho rodi\u0161ti v Hrub\u00e9 Vrbce.<\/p>\n<div class=\"fb-post\" data-href=\"https:\/\/www.facebook.com\/SvatyVaclavBrno\/photos\/ms.c.eJxFkVsOxDAMAm~_0ih8Q5~;4XW9Vu6O9ogqG1IlDYtqxA5s9eEAGrcyCAMZZAseDhcUFNBpRRuw37wGkjecGpBrFfwOV9lhSIMVwAT6gfGWb9BMqwaeq3KTMfgGMydhtWMroYSqGwvgJl2FS3z8A8keEzX2vp6GJ5PxBjxoUyIvsKVR2nQWptTLFvLSd0KXTPOGrc~;Eow~;6IRYWo~-.bps.a.1865585680185667\/1865585710185664\/?type=3&#038;theater\" data-width=\"552\" style=\"background-color: #fff; display: inline-block;\"><\/div>\n<p>V\u00fdznam v\u0161ech svat\u00fdch nov\u00fdch mu\u010dedn\u00edk\u016f pro n\u00e1s je takov\u00fd, \u017ee oni jsou v pravd\u011b <em>sv\u011bdky<\/em> (od slova martyr \u2013 \u0159ec. \u03bc\u03ac\u03c1\u03c4\u03c5\u03c1\u03b1\u03c2, \u03bc\u03ac\u03c1\u03c4\u03c5\u03c2) <em>Kristovy v\u00edry a l\u00e1sky<\/em>, kte\u0159\u00ed vydali sv\u00e9 sv\u011bdectv\u00ed smrt\u00ed, nebo\u0165 do d\u016fsledk\u016f naplnili Kristovo p\u0159ik\u00e1z\u00e1n\u00ed:<\/p>\n<p>\u201eTo je m\u00e9 p\u0159ik\u00e1z\u00e1n\u00ed, abyste se milovali navz\u00e1jem, jako jsem j\u00e1 miloval v\u00e1s. Nikdo nem\u00e1 v\u011bt\u0161\u00ed l\u00e1sku ne\u017e ten, kdo polo\u017e\u00ed \u017eivot za sv\u00e9 p\u0159\u00e1tele. Vy jste moji p\u0159\u00e1tel\u00e9, \u010din\u00edte-li, co v\u00e1m p\u0159ikazuji.\u201c (Jn 15,12-14)<\/p>\n<p>Po z\u00e1v\u011bre\u010dn\u00e9m slovu na konci svat\u00e9 liturgie byl nejprve vzpomenut n\u00e1\u0161 drah\u00fd Spasitel, nebo\u0165 jemu n\u00e1le\u017e\u00ed ve\u0161ker\u00e1 moc a duchovn\u00ed s\u00edla:<\/p>\n<p>\u201eVstav\u0161\u00ed z mrtv\u00fdch Kristus prav\u00fd B\u016fh n\u00e1\u0161, na p\u0159\u00edmluvy P\u0159e\u010dist\u00e9 Matky sv\u00e9 a v\u0161ech svat\u00fdch sv\u00fdch, aby se nad n\u00e1mi smiloval a spasil n\u00e1s, jako blah\u00fd a lidumil\u201c&#8230;<\/p>\n<p>A pak ji\u017e cel\u00fdm chr\u00e1mem prozvu\u010delo n\u011bkolikr\u00e1te ze srdce provolan\u00e9 \u201eMnoholet\u00ed na zdrav\u00ed a sp\u00e1su a blah\u00e1 l\u00e9ta\u201c!<\/p>\n<p style=\"text-align: right;\"><strong>p\u0159ipravil o. Marek Mal\u00edk<\/strong><\/p>\n<p><strong>Aktualita ke sta\u017een\u00ed zde:<\/strong><\/p>\n<p style=\"text-align: center;\"><a href=\"http:\/\/pravoslavbrno.cz\/wp-content\/uploads\/2018\/09\/Aktualita_Archijerejsk\u00e1-liturgie-s-hostem-z-Kyjevsk\u00e9-metropolie_z\u00e1\u0159\u00ed_PCO-Brno_2018.pdf\">Aktualita_Archijerejsk\u00e1 liturgie s hostem z Kyjevsk\u00e9 metropolie_z\u00e1\u0159\u00ed_PCO Brno_2018<\/a><\/p>\n<p><strong>Fotografie ke shl\u00e9dnut\u00ed<\/strong> <strong>zde!<\/strong><\/p>\n<div id=\"fb-root\"><\/div>\n<p><script>(function(d, s, id) {  var js, fjs = d.getElementsByTagName(s)[0];  if (d.getElementById(id)) return;  js = d.createElement(s); js.id = id;  js.src = 'https:\/\/connect.facebook.net\/cs_CZ\/sdk.js#xfbml=1&version=v3.1';  fjs.parentNode.insertBefore(js, fjs);}(document, 'script', 'facebook-jssdk'));<\/script><\/p>\n<div class=\"fb-post\" data-href=\"https:\/\/www.facebook.com\/media\/set\/?set=ms.c.eJxFkMENAzAIAzeqcBLA7L9YVWic78k~_I8DwsHQzcB~%3B6Bw24VtDNsv4gfU1iK5ENjEpEg1eJkaYLtBT7JXw7grYFqisRF~_QZAIGZdc1m~%3BRxJSYleWSaQk5CDU3mX1lSgSnkDu3dw2~%3BxDjsM~_~%3Ba0UR3oBDQ0iBXyAXoiRFrSyGwSVOA0oB~_bJqC~_IxVnI.bps.a.1865607460183489&amp;type=1&amp;__xts__[0]=68.ARDW90SX8ULbZNLk44SJr7zx2MPk9I3pttaAPZsBiJ5THx5Embi3nCywPqt7UZduY4Huo_27ZH3Da7-bcCuonSL4XvlDt6Ngme6TTYn8vmWaNuIs5W7QAlb-xgO9YGBLc3qpHp23TeOqNn2QgkM-5OfrxYBFDwRI3pqBVPRcIQ0rvb-nWzz2Mg&amp;__tn__=HH-R\" data-width=\"700\">\n<blockquote cite=\"https:\/\/www.facebook.com\/media\/set\/?set=a.1865607460183489&amp;type=3\" class=\"fb-xfbml-parse-ignore\">\n<p>N\u00e1v\u0161t\u011bva Jeho Vysoko\u0159eosv\u00edcenosti vladyky Oleksandra (Drabinko), metropolity Perejaslav \u2013 Chmelnyck\u00e9ho a Vi\u0161nevsk\u00e9ho,&#8230;<\/p>\n<p>Zve\u0159ejnil(a) <a href=\"https:\/\/www.facebook.com\/SvatyVaclavBrno\/\">Pravoslavn\u00e1 c\u00edrkevn\u00ed obec  p\u0159i chr\u00e1mu svat\u00e9ho V\u00e1clava v Brn\u011b<\/a> dne&nbsp;<a href=\"https:\/\/www.facebook.com\/media\/set\/?set=a.1865607460183489&amp;type=3\">Ned\u011ble 2. z\u00e1\u0159\u00ed 2018<\/a><\/p><\/blockquote>\n<\/div>\n","protected":false},"excerpt":{"rendered":"<p>Archijerejsk\u00e1 liturgie s hostem z Kyjevsk\u00e9 metropolie Ukrajinsk\u00e9 pravoslavn\u00e9 c\u00edrkve Vz\u00e1cn\u00e1 p\u0159\u00edtomnost vladyky Oleksandra (Drabinka) v\u00a0Brn\u011b Prvn\u00ed z\u00e1\u0159ijovou ned\u011bli se v\u00a0brn\u011bnsk\u00e9m pravoslavn\u00e9m chr\u00e1mu sv. V\u00e1clava konala slavnostn\u00ed archijerejsk\u00e1 liturgie, kterou spolu s p\u0159eosv\u00edcen\u00fdm vladykou Izai\u00e1\u0161em, biskupem \u0160umpersk\u00fdm, slou\u017eil na pozv\u00e1n\u00ed Jeho Vysokop\u0159eosv\u00edcenosti Simeona, arcibiskupa Olomoucko-brn\u011bnsk\u00e9ho, Jeho Vysokop\u0159eosv\u00edcenost Oleksandr (Drabinko), metropolita Perejaslav\u2013Chmelnyck\u00fd a Vi\u0161nevsk\u00fd, vik\u00e1\u0159 Kyjevsk\u00e9&#8230;<\/p>\n","protected":false},"author":3,"featured_media":0,"comment_status":"open","ping_status":"open","sticky":false,"template":"","format":"standard","meta":{"jetpack_post_was_ever_published":false,"_jetpack_newsletter_access":"","_jetpack_dont_email_post_to_subs":false,"_jetpack_newsletter_tier_id":0,"_jetpack_memberships_contains_paywalled_content":false,"_jetpack_memberships_contains_paid_content":false,"footnotes":"","jetpack_publicize_message":"","jetpack_publicize_feature_enabled":true,"jetpack_social_post_already_shared":true,"jetpack_social_options":{"image_generator_settings":{"template":"highway","default_image_id":0,"font":"","enabled":false},"version":2}},"categories":[12],"tags":[],"class_list":["post-3455","post","type-post","status-publish","format-standard","hentry","category-pravoslavi"],"jetpack_publicize_connections":[],"jetpack_featured_media_url":"","jetpack_sharing_enabled":true,"jetpack_shortlink":"https:\/\/wp.me\/p9GyX2-TJ","jetpack-related-posts":[],"_links":{"self":[{"href":"http:\/\/pravoslavnebrno.cz\/ru\/wp-json\/wp\/v2\/posts\/3455","targetHints":{"allow":["GET"]}}],"collection":[{"href":"http:\/\/pravoslavnebrno.cz\/ru\/wp-json\/wp\/v2\/posts"}],"about":[{"href":"http:\/\/pravoslavnebrno.cz\/ru\/wp-json\/wp\/v2\/types\/post"}],"author":[{"embeddable":true,"href":"http:\/\/pravoslavnebrno.cz\/ru\/wp-json\/wp\/v2\/users\/3"}],"replies":[{"embeddable":true,"href":"http:\/\/pravoslavnebrno.cz\/ru\/wp-json\/wp\/v2\/comments?post=3455"}],"version-history":[{"count":4,"href":"http:\/\/pravoslavnebrno.cz\/ru\/wp-json\/wp\/v2\/posts\/3455\/revisions"}],"predecessor-version":[{"id":3466,"href":"http:\/\/pravoslavnebrno.cz\/ru\/wp-json\/wp\/v2\/posts\/3455\/revisions\/3466"}],"wp:attachment":[{"href":"http:\/\/pravoslavnebrno.cz\/ru\/wp-json\/wp\/v2\/media?parent=3455"}],"wp:term":[{"taxonomy":"category","embeddable":true,"href":"http:\/\/pravoslavnebrno.cz\/ru\/wp-json\/wp\/v2\/categories?post=3455"},{"taxonomy":"post_tag","embeddable":true,"href":"http:\/\/pravoslavnebrno.cz\/ru\/wp-json\/wp\/v2\/tags?post=3455"}],"curies":[{"name":"wp","href":"https:\/\/api.w.org\/{rel}","templated":true}]}}