{"id":2765,"date":"2018-07-12T10:07:49","date_gmt":"2018-07-12T09:07:49","guid":{"rendered":"http:\/\/pravoslavbrno.cz\/?p=2765"},"modified":"2018-07-12T10:52:12","modified_gmt":"2018-07-12T09:52:12","slug":"zjeveni-sv-euthymie-vsechvalne-starci-paisije-behem-jeho-zivota","status":"publish","type":"post","link":"http:\/\/pravoslavnebrno.cz\/ru\/zjeveni-sv-euthymie-vsechvalne-starci-paisije-behem-jeho-zivota\/","title":{"rendered":"Zjeven\u00ed sv. Euth\u00fdmie V\u0161echvaln\u00e9 starci Paisijovi b\u011bhem jeho \u017eivota"},"content":{"rendered":"<h2 style=\"text-align: center;\"><strong>Z\u00e1zrak svat\u00e9 Euth\u00fdmie a sv\u011bdectv\u00ed svat\u00e9ho<br \/>\nstarce Paisije Svatohorce<\/strong><\/h2>\n<p style=\"text-align: center;\"><a href=\"http:\/\/pravoslavbrno.cz\/wp-content\/uploads\/2018\/07\/37008858_10156505973353523_3693374224736452608_n.jpg\"><img loading=\"lazy\" decoding=\"async\" class=\"alignnone wp-image-2766\" src=\"http:\/\/pravoslavbrno.cz\/wp-content\/uploads\/2018\/07\/37008858_10156505973353523_3693374224736452608_n-225x300.jpg\" alt=\"\" width=\"478\" height=\"637\" srcset=\"http:\/\/pravoslavnebrno.cz\/wp-content\/uploads\/2018\/07\/37008858_10156505973353523_3693374224736452608_n-225x300.jpg 225w, http:\/\/pravoslavnebrno.cz\/wp-content\/uploads\/2018\/07\/37008858_10156505973353523_3693374224736452608_n-700x933.jpg 700w, http:\/\/pravoslavnebrno.cz\/wp-content\/uploads\/2018\/07\/37008858_10156505973353523_3693374224736452608_n.jpg 720w\" sizes=\"auto, (max-width: 478px) 100vw, 478px\" \/><\/a><\/p>\n<p>V jednom ze sv\u00fdch dopis\u016f v\u011b\u0159\u00edc\u00edm starec Paisij napsal podrobnosti o\u00a0tom, jak se mu kdysi zjevila svat\u00e1 Euth\u00fdmie V\u0161echvaln\u00e1.<\/p>\n<p>\u201eB\u011bhem sv\u00e9ho \u017eivota nebudu schopen nikdy pln\u011b splatit svou velkou vd\u011b\u010dnost svat\u00e9 Euth\u00fdmii, o n\u00ed\u017e jsem do t\u00e9 doby nev\u011bd\u011bl, a a\u010dkoli jsem si to nijak nezaslou\u017eil, ona\u00a0mi jednoho dne projevila svoji velkou poctu.\u201c<\/p>\n<p>Starec n\u00e1m pak s\u00a0velkou pokorou vysv\u011btlil, \u017ee sv. Euth\u00fdmie se mu osobn\u011b zjevila, jak s\u00e1m pravil: \u201enikoli proto, \u017ee si to zaslou\u017e\u00edm, ale proto, \u017ee jsem se tehdy zab\u00fdval t\u00e9matem t\u00fdkaj\u00edc\u00edm se stavem C\u00edrkve obecn\u011b a ze dvou dal\u0161\u00edch d\u016fvod\u016f\u201c.<\/p>\n<p>V\u00a0t\u00e9to souvislosti pak je\u0161t\u011b starec dodal k\u00a0t\u00e9matu a osobnosti t\u00e9to sv\u011btice:<\/p>\n<p>\u201eTo, co na mne \u010din\u00ed nejv\u011bt\u0161\u00ed dojem, p\u0159edstavuje skute\u010dnost, jak moc tato drobou\u010dk\u00e1 a fyzicky slab\u00e1 (sv\u011btice) vydr\u017eela. \u0158ekl bys, \u017ee to byla jen mal\u00e1 \u201ekapka\u201c (drobou\u010dk\u00e9 lidsk\u00e9 stvo\u0159en\u00ed).\u201c<!--more--><\/p>\n<p><strong>Prameny:<\/strong><\/p>\n<p><a href=\"https:\/\/www.facebook.com\/208200148522\/photos\/a.10153228276518523.1073741836.208200148522\/10156505973348523\/?type=3&#038;theater\">https:\/\/www.facebook.com\/208200148522\/photos\/a.10153228276518523.1073741836.208200148522\/10156505973348523\/?type=3&#038;theater<\/a><\/p>\n<p><strong>Tropar<\/strong> svat\u00e9 Euth\u00fdmii:<\/p>\n<p><span class=\"embed-youtube\" style=\"text-align:center; display: block;\"><iframe loading=\"lazy\" class=\"youtube-player\" width=\"700\" height=\"394\" src=\"https:\/\/www.youtube.com\/embed\/TN-AO0CTPsU?version=3&#038;rel=1&#038;showsearch=0&#038;showinfo=1&#038;iv_load_policy=1&#038;fs=1&#038;hl=ru-RU&#038;autohide=2&#038;wmode=transparent\" allowfullscreen=\"true\" style=\"border:0;\" sandbox=\"allow-scripts allow-same-origin allow-popups allow-presentation allow-popups-to-escape-sandbox\"><\/iframe><\/span><\/p>\n<p><strong>Star\u0161\u00ed p\u0159\u00edsp\u011bvky<\/strong> a <strong>\u017divot<\/strong> svat\u00e9 Euth\u00fdmie v\u00a0p\u0159ekladu o. Marka Mal\u00edka:<\/p>\n<p><strong>Svat\u00e1 Euth\u00fdmie V\u0161echvaln\u00e1<\/strong> a jej\u00ed <strong>z\u00e1zra\u010dn\u00e9 upevn\u011bn\u00ed pravoslavn\u00e9 v\u00edry<\/strong><br \/>\n(pam\u00e1tka je slavena 16.\/29. z\u00e1\u0159\u00ed\u00a0a d\u00e1le 11.\/24. \u010dervence &#8212; v den p\u0159enesen\u00ed jej\u00edch svat\u00fdch ostatk\u016f do Konstantinopole)<\/p>\n<div class=\"fb-post\" data-href=\"https:\/\/www.facebook.com\/SvatyVaclavBrno\/posts\/682551548489092\" data-width=\"552\" style=\"background-color: #fff; display: inline-block;\"><\/div>\n<p><strong>Fotogalerie:<\/strong><\/p>\n<p>Dodnes netlen\u00e9 a zachoval\u00e9 svat\u00e9 ostatky sv. Euth\u00fdmie V\u0161echvaln\u00e9 ulo\u017een\u00e9 ve speci\u00e1ln\u00ed schr\u00e1n\u011b v\u00a0Chr\u00e1mu sv. Georgia v\u00a0prostor\u00e1ch Ekumenick\u00e9ho patriarch\u00e1tu v\u00a0Konstantinopoli (dne\u0161n\u00edm Instanbulu).<\/p>\n<p>Tato schr\u00e1na se svat\u00fdmi ostatky sv. Euth\u00fdmie je p\u0159en\u00e1\u0161ena doprost\u0159ed chr\u00e1mu jen jednou v roce, v den jej\u00edho sv\u00e1tku, a p\u0159i t\u00e9 p\u0159\u00edle\u017eitosti otev\u0159ena pro v\u011b\u0159\u00edc\u00ed, kte\u0159\u00ed se j\u00ed mohou dotknout a projevit n\u00e1le\u017eitou \u00factu.<\/p>\n<p><a href=\"http:\/\/pravoslavbrno.cz\/wp-content\/uploads\/2018\/07\/2018-07-11-08.55.17.jpg\"><img loading=\"lazy\" decoding=\"async\" class=\" wp-image-2769 aligncenter\" src=\"http:\/\/pravoslavbrno.cz\/wp-content\/uploads\/2018\/07\/2018-07-11-08.55.17-300x225.jpg\" alt=\"\" width=\"673\" height=\"505\" srcset=\"http:\/\/pravoslavnebrno.cz\/wp-content\/uploads\/2018\/07\/2018-07-11-08.55.17-300x225.jpg 300w, http:\/\/pravoslavnebrno.cz\/wp-content\/uploads\/2018\/07\/2018-07-11-08.55.17-768x576.jpg 768w, http:\/\/pravoslavnebrno.cz\/wp-content\/uploads\/2018\/07\/2018-07-11-08.55.17-700x525.jpg 700w, http:\/\/pravoslavnebrno.cz\/wp-content\/uploads\/2018\/07\/2018-07-11-08.55.17-800x600.jpg 800w, http:\/\/pravoslavnebrno.cz\/wp-content\/uploads\/2018\/07\/2018-07-11-08.55.17-80x60.jpg 80w, http:\/\/pravoslavnebrno.cz\/wp-content\/uploads\/2018\/07\/2018-07-11-08.55.17.jpg 1000w\" sizes=\"auto, (max-width: 673px) 100vw, 673px\" \/><\/a><\/p>\n<p style=\"text-align: center;\"><a href=\"http:\/\/pravoslavbrno.cz\/wp-content\/uploads\/2018\/07\/2018-07-11-08.55.11.jpg\"><img loading=\"lazy\" decoding=\"async\" class=\" wp-image-2768 aligncenter\" src=\"http:\/\/pravoslavbrno.cz\/wp-content\/uploads\/2018\/07\/2018-07-11-08.55.11-225x300.jpg\" alt=\"\" width=\"449\" height=\"599\" srcset=\"http:\/\/pravoslavnebrno.cz\/wp-content\/uploads\/2018\/07\/2018-07-11-08.55.11-225x300.jpg 225w, http:\/\/pravoslavnebrno.cz\/wp-content\/uploads\/2018\/07\/2018-07-11-08.55.11-700x933.jpg 700w, http:\/\/pravoslavnebrno.cz\/wp-content\/uploads\/2018\/07\/2018-07-11-08.55.11.jpg 750w\" sizes=\"auto, (max-width: 449px) 100vw, 449px\" \/><\/a><\/p>\n","protected":false},"excerpt":{"rendered":"<p>Z\u00e1zrak svat\u00e9 Euth\u00fdmie a sv\u011bdectv\u00ed svat\u00e9ho starce Paisije Svatohorce V jednom ze sv\u00fdch dopis\u016f v\u011b\u0159\u00edc\u00edm starec Paisij napsal podrobnosti o\u00a0tom, jak se mu kdysi zjevila svat\u00e1 Euth\u00fdmie V\u0161echvaln\u00e1. \u201eB\u011bhem sv\u00e9ho \u017eivota nebudu schopen nikdy pln\u011b splatit svou velkou vd\u011b\u010dnost svat\u00e9 Euth\u00fdmii, o n\u00ed\u017e jsem do t\u00e9 doby nev\u011bd\u011bl, a a\u010dkoli jsem si to nijak nezaslou\u017eil,&#8230;<\/p>\n","protected":false},"author":3,"featured_media":0,"comment_status":"open","ping_status":"open","sticky":false,"template":"","format":"standard","meta":{"jetpack_post_was_ever_published":false,"_jetpack_newsletter_access":"","_jetpack_dont_email_post_to_subs":false,"_jetpack_newsletter_tier_id":0,"_jetpack_memberships_contains_paywalled_content":false,"_jetpack_memberships_contains_paid_content":false,"footnotes":"","jetpack_publicize_message":"","jetpack_publicize_feature_enabled":true,"jetpack_social_post_already_shared":true,"jetpack_social_options":{"image_generator_settings":{"template":"highway","default_image_id":0,"font":"","enabled":false},"version":2}},"categories":[14,17],"tags":[],"class_list":["post-2765","post","type-post","status-publish","format-standard","hentry","category-dejiny-pravoslavi","category-zivoty-svatych"],"jetpack_publicize_connections":[],"jetpack_featured_media_url":"","jetpack_sharing_enabled":true,"jetpack_shortlink":"https:\/\/wp.me\/p9GyX2-IB","jetpack-related-posts":[],"_links":{"self":[{"href":"http:\/\/pravoslavnebrno.cz\/ru\/wp-json\/wp\/v2\/posts\/2765","targetHints":{"allow":["GET"]}}],"collection":[{"href":"http:\/\/pravoslavnebrno.cz\/ru\/wp-json\/wp\/v2\/posts"}],"about":[{"href":"http:\/\/pravoslavnebrno.cz\/ru\/wp-json\/wp\/v2\/types\/post"}],"author":[{"embeddable":true,"href":"http:\/\/pravoslavnebrno.cz\/ru\/wp-json\/wp\/v2\/users\/3"}],"replies":[{"embeddable":true,"href":"http:\/\/pravoslavnebrno.cz\/ru\/wp-json\/wp\/v2\/comments?post=2765"}],"version-history":[{"count":9,"href":"http:\/\/pravoslavnebrno.cz\/ru\/wp-json\/wp\/v2\/posts\/2765\/revisions"}],"predecessor-version":[{"id":2778,"href":"http:\/\/pravoslavnebrno.cz\/ru\/wp-json\/wp\/v2\/posts\/2765\/revisions\/2778"}],"wp:attachment":[{"href":"http:\/\/pravoslavnebrno.cz\/ru\/wp-json\/wp\/v2\/media?parent=2765"}],"wp:term":[{"taxonomy":"category","embeddable":true,"href":"http:\/\/pravoslavnebrno.cz\/ru\/wp-json\/wp\/v2\/categories?post=2765"},{"taxonomy":"post_tag","embeddable":true,"href":"http:\/\/pravoslavnebrno.cz\/ru\/wp-json\/wp\/v2\/tags?post=2765"}],"curies":[{"name":"wp","href":"https:\/\/api.w.org\/{rel}","templated":true}]}}