{"id":2733,"date":"2018-08-06T02:18:04","date_gmt":"2018-08-06T01:18:04","guid":{"rendered":"http:\/\/pravoslavbrno.cz\/?p=2733"},"modified":"2018-08-06T06:25:25","modified_gmt":"2018-08-06T05:25:25","slug":"milosrdenstvi-pusobi-na-sestoupeni-boziho-slitovani-na-nas","status":"publish","type":"post","link":"http:\/\/pravoslavnebrno.cz\/ru\/milosrdenstvi-pusobi-na-sestoupeni-boziho-slitovani-na-nas\/","title":{"rendered":"Projev milosrdenstv\u00ed zap\u016fsob\u00ed na Bo\u017e\u00ed slitov\u00e1n\u00ed&#8230;"},"content":{"rendered":"<h2 style=\"text-align: center;\"><strong>Starec Efrem Filothejsk\u00fd-Arizonsk\u00fd<\/strong><\/h2>\n<p style=\"text-align: center;\"><a href=\"http:\/\/pravoslavbrno.cz\/wp-content\/uploads\/2018\/07\/Elder-Efrem-ariz-1.png\"><img loading=\"lazy\" decoding=\"async\" class=\"alignnone wp-image-2723\" src=\"http:\/\/pravoslavbrno.cz\/wp-content\/uploads\/2018\/07\/Elder-Efrem-ariz-1-225x300.png\" alt=\"\" width=\"413\" height=\"551\" srcset=\"http:\/\/pravoslavnebrno.cz\/wp-content\/uploads\/2018\/07\/Elder-Efrem-ariz-1-225x300.png 225w, http:\/\/pravoslavnebrno.cz\/wp-content\/uploads\/2018\/07\/Elder-Efrem-ariz-1.png 362w\" sizes=\"auto, (max-width: 413px) 100vw, 413px\" \/><\/a><\/p>\n<h3 style=\"text-align: center;\"><strong>Na\u0161e milosrdenstv\u00ed a Bo\u017e\u00ed slitov\u00e1n\u00ed<\/strong><\/h3>\n<p>Milosrdenstv\u00ed mus\u00ed za\u010d\u00ednat l\u00e1skou projevenou lidem v\u00a0nouzi, tedy nejen t\u011bm, kte\u0159\u00ed jsou v\u00a0n\u011bjak\u00e9 materi\u00e1ln\u00ed nouzi, n\u00fdbr\u017e i\u00a0v\u016f\u010di t\u011bm, kte\u0159\u00ed pot\u0159ebuj\u00ed du\u0161evn\u00ed podporu.<\/p>\n<p>P\u0159isp\u011bjme\u00a0tedy\u00a0na\u0161im bli\u017en\u00edm\u00a0t\u00edmto duchovn\u00edm zp\u016fsobem. Kdy\u017e n\u011bjak\u00e9mu zoufal\u00e9mu \u010dlov\u011bku dod\u00e1me odvahu a s\u00edlu pokra\u010dovat v\u00a0j\u00edm zapo\u010dat\u00e9m z\u00e1pase, a\u0165 je jeho \u017eivotn\u00ed zkou\u0161ka jak\u00e1koli, a t\u00edm ho zachr\u00e1n\u00edme p\u0159ed n\u011bjakou katastrofou, pak v\u011bzme, \u017ee jsme u\u010dinili velik\u00e9 milosrdenstv\u00ed. A tak, a\u0165 se v\u0161e,\u00a0co ob\u011btujeme na\u0161emu bli\u017en\u00edmu,\u00a0odv\u00edj\u00ed\u00a0od\u00a0na\u0161eho srdce, a a\u0165 se takov\u00fd skutek nikdy nestane n\u011b\u010d\u00edm form\u00e1ln\u00edm.<!--more--><\/p>\n<p>V\u011bzme tak\u00e9, \u017ee odm\u011bna za projeven\u00e9 milosrdenstv\u00ed, kterou B\u016fh d\u00e1, je ston\u00e1sobn\u011b v\u011bt\u0161\u00ed. Ty d\u00e1v\u00e1\u0161 jednu nepatrnou v\u011bc, a B\u016fh ti odpl\u00e1c\u00ed stokr\u00e1t v\u00edce. Kdy\u017e toti\u017e d\u00e1v\u00e1me chud\u00fdm, z\u016fst\u00e1v\u00e1 to ulo\u017eeno v\u00a0Bo\u017e\u00ed <em>spo\u0159iteln\u011b<\/em> na nebes\u00edch. A kdy\u017e na\u0161e du\u0161e opust\u00ed tento pozemsk\u00fd \u017eivot, bude pov\u00fd\u0161ena d\u00edky nast\u0159\u00e1dan\u00fdm skutk\u016fm milosrdenstv\u00ed.<\/p>\n<p>Projev milosrdenstv\u00ed bude odm\u011bn\u011bn jak v\u00a0tomto \u017eivot\u011b, tak i v\u00a0tom budouc\u00edm, a sice ston\u00e1sobn\u011b. V\u017edy se tedy postarejme o chud\u00e9 a pom\u00e1hejme jim, proto\u017ee tito lid\u00e9 se pak za n\u00e1s p\u0159imlouvaj\u00ed u Boha. Milosrdenstv\u00ed m\u00e1 velkou s\u00edlu. Sna\u017eme se v\u017edy nab\u00edzet p\u0159edn\u011b duchovn\u00ed milosrdenstv\u00ed, ukazujme lidem svoji l\u00e1sku a pak, s\u00a0l\u00e1skou a s\u00a0rozli\u0161ov\u00e1n\u00edm, pom\u00e1hejme druh\u00fdm v\u017edy nezi\u0161tn\u011b.<\/p>\n<p>Form\u00e1ln\u00ed projevy milosrdenstv\u00ed nemaj\u00ed p\u0159\u00edli\u0161 velk\u00fd v\u00fdznam. D\u016fle\u017eit\u00e9 je naopak, aby ten, kdo \u010din\u00ed milosrdenstv\u00ed, m\u011bl uvnit\u0159 skute\u010dnou l\u00e1sku, nebo\u0165 jedin\u011b tak, veden touto l\u00e1skou, vyjad\u0159uje l\u00edtost a milosrdenstv\u00ed nad sv\u00fdm bli\u017en\u00edm.<\/p>\n<p>P\u00e1n oce\u0148uje nikoli to, zda\u00a0je na\u0161e milosrdenstv\u00ed velk\u00e9 anebo mal\u00e9, n\u00fdbr\u017e On p\u0159edn\u011b hled\u00ed na na\u0161e rozpolo\u017een\u00ed (dobrou v\u016fli), a tu pak \u017eehn\u00e1.<\/p>\n<p>Milosrdenstv\u00ed se vzn\u00e1\u0161\u00ed a\u017e k\u00a0Bo\u017e\u00edmu tr\u016fnu. A pak p\u016fsob\u00ed to, \u017ee Bo\u017e\u00ed blahoda\u0165 sestupuje zp\u011bt na \u010dlov\u011bka.<\/p>\n<p>\u201eTen, kdo \u010din\u00ed milosrdenstv\u00ed, ten ho tak\u00e9\u00a0nach\u00e1z\u00ed.\u201c<\/p>\n<p>\u201eA ten, kdo l\u00e1sku \u0161\u00ed\u0159\u00ed, ten ji tak\u00e9 pozd\u011bji\u00a0p\u0159ij\u00edm\u00e1.\u201c<\/p>\n<p><strong>Zdroj:<\/strong> P\u0159\u00e1tel\u00e9 starce Efrema<\/p>\n<p><strong>Po\u017eehn\u00e1n\u00ed<\/strong> starce Efrema (<strong>video<\/strong>):<\/p>\n<p><a href=\"https:\/\/m.facebook.com\/story.php?story_fbid=10215103875181803&#038;id=1579126131\">https:\/\/m.facebook.com\/story.php?story_fbid=10215103875181803&#038;id=1579126131<\/a><\/p>\n<p><strong>Nov\u00fd dokument<\/strong> o starci Efremovi Arizonsk\u00e9m (2018):<\/p>\n<p><span class=\"embed-youtube\" style=\"text-align:center; display: block;\"><iframe loading=\"lazy\" class=\"youtube-player\" width=\"700\" height=\"394\" src=\"https:\/\/www.youtube.com\/embed\/Mz0W-bpgByw?version=3&#038;rel=1&#038;showsearch=0&#038;showinfo=1&#038;iv_load_policy=1&#038;fs=1&#038;hl=ru-RU&#038;autohide=2&#038;wmode=transparent\" allowfullscreen=\"true\" style=\"border:0;\" sandbox=\"allow-scripts allow-same-origin allow-popups allow-presentation allow-popups-to-escape-sandbox\"><\/iframe><\/span><\/p>\n","protected":false},"excerpt":{"rendered":"<p>Starec Efrem Filothejsk\u00fd-Arizonsk\u00fd Na\u0161e milosrdenstv\u00ed a Bo\u017e\u00ed slitov\u00e1n\u00ed Milosrdenstv\u00ed mus\u00ed za\u010d\u00ednat l\u00e1skou projevenou lidem v\u00a0nouzi, tedy nejen t\u011bm, kte\u0159\u00ed jsou v\u00a0n\u011bjak\u00e9 materi\u00e1ln\u00ed nouzi, n\u00fdbr\u017e i\u00a0v\u016f\u010di t\u011bm, kte\u0159\u00ed pot\u0159ebuj\u00ed du\u0161evn\u00ed podporu. P\u0159isp\u011bjme\u00a0tedy\u00a0na\u0161im bli\u017en\u00edm\u00a0t\u00edmto duchovn\u00edm zp\u016fsobem. Kdy\u017e n\u011bjak\u00e9mu zoufal\u00e9mu \u010dlov\u011bku dod\u00e1me odvahu a s\u00edlu pokra\u010dovat v\u00a0j\u00edm zapo\u010dat\u00e9m z\u00e1pase, a\u0165 je jeho \u017eivotn\u00ed zkou\u0161ka jak\u00e1koli, a t\u00edm ho&#8230;<\/p>\n","protected":false},"author":3,"featured_media":0,"comment_status":"open","ping_status":"open","sticky":false,"template":"","format":"standard","meta":{"jetpack_post_was_ever_published":false,"_jetpack_newsletter_access":"","_jetpack_dont_email_post_to_subs":false,"_jetpack_newsletter_tier_id":0,"_jetpack_memberships_contains_paywalled_content":false,"_jetpack_memberships_contains_paid_content":false,"footnotes":"","jetpack_publicize_message":"","jetpack_publicize_feature_enabled":true,"jetpack_social_post_already_shared":true,"jetpack_social_options":{"image_generator_settings":{"template":"highway","default_image_id":0,"font":"","enabled":false},"version":2}},"categories":[10,4],"tags":[],"class_list":["post-2733","post","type-post","status-publish","format-standard","hentry","category-pouceni-z-pateriku","category-pouceni"],"jetpack_publicize_connections":[],"jetpack_featured_media_url":"","jetpack_sharing_enabled":true,"jetpack_shortlink":"https:\/\/wp.me\/p9GyX2-I5","jetpack-related-posts":[],"_links":{"self":[{"href":"http:\/\/pravoslavnebrno.cz\/ru\/wp-json\/wp\/v2\/posts\/2733","targetHints":{"allow":["GET"]}}],"collection":[{"href":"http:\/\/pravoslavnebrno.cz\/ru\/wp-json\/wp\/v2\/posts"}],"about":[{"href":"http:\/\/pravoslavnebrno.cz\/ru\/wp-json\/wp\/v2\/types\/post"}],"author":[{"embeddable":true,"href":"http:\/\/pravoslavnebrno.cz\/ru\/wp-json\/wp\/v2\/users\/3"}],"replies":[{"embeddable":true,"href":"http:\/\/pravoslavnebrno.cz\/ru\/wp-json\/wp\/v2\/comments?post=2733"}],"version-history":[{"count":8,"href":"http:\/\/pravoslavnebrno.cz\/ru\/wp-json\/wp\/v2\/posts\/2733\/revisions"}],"predecessor-version":[{"id":2918,"href":"http:\/\/pravoslavnebrno.cz\/ru\/wp-json\/wp\/v2\/posts\/2733\/revisions\/2918"}],"wp:attachment":[{"href":"http:\/\/pravoslavnebrno.cz\/ru\/wp-json\/wp\/v2\/media?parent=2733"}],"wp:term":[{"taxonomy":"category","embeddable":true,"href":"http:\/\/pravoslavnebrno.cz\/ru\/wp-json\/wp\/v2\/categories?post=2733"},{"taxonomy":"post_tag","embeddable":true,"href":"http:\/\/pravoslavnebrno.cz\/ru\/wp-json\/wp\/v2\/tags?post=2733"}],"curies":[{"name":"wp","href":"https:\/\/api.w.org\/{rel}","templated":true}]}}