{"id":2689,"date":"2018-07-29T05:57:57","date_gmt":"2018-07-29T04:57:57","guid":{"rendered":"http:\/\/pravoslavbrno.cz\/?p=2689"},"modified":"2018-07-07T06:03:30","modified_gmt":"2018-07-07T05:03:30","slug":"vsude-zasevejte-dobre-semeno-boziho-slova","status":"publish","type":"post","link":"http:\/\/pravoslavnebrno.cz\/ru\/vsude-zasevejte-dobre-semeno-boziho-slova\/","title":{"rendered":"V\u0161ude zas\u00e9vejte dobr\u00e9 semeno Bo\u017e\u00edho slova"},"content":{"rendered":"<h2 style=\"text-align: center;\"><strong>V\u0161ude zas\u00e9vejte dobr\u00e9 semeno Bo\u017e\u00edho slova<\/strong><\/h2>\n<h3 style=\"text-align: center;\"><img loading=\"lazy\" decoding=\"async\" class=\" wp-image-2691 aligncenter\" src=\"http:\/\/pravoslavbrno.cz\/wp-content\/uploads\/2018\/07\/sarof-11-219x300.jpg\" alt=\"\" width=\"388\" height=\"532\" srcset=\"http:\/\/pravoslavnebrno.cz\/wp-content\/uploads\/2018\/07\/sarof-11-219x300.jpg 219w, http:\/\/pravoslavnebrno.cz\/wp-content\/uploads\/2018\/07\/sarof-11.jpg 365w\" sizes=\"auto, (max-width: 388px) 100vw, 388px\" \/><strong>Svat\u00fd Serafim Sarovs<\/strong><u><\/u><strong>k\u00fd<\/strong><\/h3>\n<p>V\u0161ude zas\u00e9vejte \u201edobr\u00e9 semeno\u201c, Bo\u017e\u00ed slovo. Zas\u00e9vejte ho do dobr\u00e9 zem\u011b. Zas\u00e9vejte ho tak\u00e9 do p\u00edsku, zas\u00e9vejte ho na cest\u011b, zas\u00e9vejte ho i mezi koukol. Mo\u017en\u00e1, \u017ee n\u011bkter\u00e1 z t\u011bchto semen, d\u0159\u00edve nebo pozd\u011bji, vzrostou a p\u0159inesou plody. Nepoh\u0159b\u00edvej sv\u00e9 h\u0159ivny (talenty a dary), kter\u00e9 ti B\u016fh dal, aby t\u011b pot\u00e9 nepotrestal. Dej je sp\u00ed\u0161e obchodn\u00edk\u016fm a nech je s\u00a0nimi obchodovat.<\/p>\n<p><strong>Zdroj:<\/strong> P\u0159\u00e1tel\u00e9 Svat\u00e9 Hory Athos<\/p>\n","protected":false},"excerpt":{"rendered":"<p>V\u0161ude zas\u00e9vejte dobr\u00e9 semeno Bo\u017e\u00edho slova Svat\u00fd Serafim Sarovsk\u00fd V\u0161ude zas\u00e9vejte \u201edobr\u00e9 semeno\u201c, Bo\u017e\u00ed slovo. Zas\u00e9vejte ho do dobr\u00e9 zem\u011b. Zas\u00e9vejte ho tak\u00e9 do p\u00edsku, zas\u00e9vejte ho na cest\u011b, zas\u00e9vejte ho i mezi koukol. Mo\u017en\u00e1, \u017ee n\u011bkter\u00e1 z t\u011bchto semen, d\u0159\u00edve nebo pozd\u011bji, vzrostou a p\u0159inesou plody. Nepoh\u0159b\u00edvej sv\u00e9 h\u0159ivny (talenty a dary), kter\u00e9 ti&#8230;<\/p>\n","protected":false},"author":3,"featured_media":0,"comment_status":"open","ping_status":"open","sticky":false,"template":"","format":"standard","meta":{"jetpack_post_was_ever_published":false,"_jetpack_newsletter_access":"","_jetpack_dont_email_post_to_subs":false,"_jetpack_newsletter_tier_id":0,"_jetpack_memberships_contains_paywalled_content":false,"_jetpack_memberships_contains_paid_content":false,"footnotes":"","jetpack_publicize_message":"","jetpack_publicize_feature_enabled":true,"jetpack_social_post_already_shared":true,"jetpack_social_options":{"image_generator_settings":{"template":"highway","default_image_id":0,"font":"","enabled":false},"version":2}},"categories":[9,4],"tags":[],"class_list":["post-2689","post","type-post","status-publish","format-standard","hentry","category-pouceni-svatych-otcu","category-pouceni"],"jetpack_publicize_connections":[],"jetpack_featured_media_url":"","jetpack_sharing_enabled":true,"jetpack_shortlink":"https:\/\/wp.me\/p9GyX2-Hn","jetpack-related-posts":[],"_links":{"self":[{"href":"http:\/\/pravoslavnebrno.cz\/ru\/wp-json\/wp\/v2\/posts\/2689","targetHints":{"allow":["GET"]}}],"collection":[{"href":"http:\/\/pravoslavnebrno.cz\/ru\/wp-json\/wp\/v2\/posts"}],"about":[{"href":"http:\/\/pravoslavnebrno.cz\/ru\/wp-json\/wp\/v2\/types\/post"}],"author":[{"embeddable":true,"href":"http:\/\/pravoslavnebrno.cz\/ru\/wp-json\/wp\/v2\/users\/3"}],"replies":[{"embeddable":true,"href":"http:\/\/pravoslavnebrno.cz\/ru\/wp-json\/wp\/v2\/comments?post=2689"}],"version-history":[{"count":3,"href":"http:\/\/pravoslavnebrno.cz\/ru\/wp-json\/wp\/v2\/posts\/2689\/revisions"}],"predecessor-version":[{"id":2694,"href":"http:\/\/pravoslavnebrno.cz\/ru\/wp-json\/wp\/v2\/posts\/2689\/revisions\/2694"}],"wp:attachment":[{"href":"http:\/\/pravoslavnebrno.cz\/ru\/wp-json\/wp\/v2\/media?parent=2689"}],"wp:term":[{"taxonomy":"category","embeddable":true,"href":"http:\/\/pravoslavnebrno.cz\/ru\/wp-json\/wp\/v2\/categories?post=2689"},{"taxonomy":"post_tag","embeddable":true,"href":"http:\/\/pravoslavnebrno.cz\/ru\/wp-json\/wp\/v2\/tags?post=2689"}],"curies":[{"name":"wp","href":"https:\/\/api.w.org\/{rel}","templated":true}]}}