{"id":1267,"date":"2018-04-07T12:52:34","date_gmt":"2018-04-07T11:52:34","guid":{"rendered":"http:\/\/pravoslavbrno.cz\/?p=1267"},"modified":"2018-04-07T12:52:34","modified_gmt":"2018-04-07T11:52:34","slug":"a-hle-nastalo-velike-zemetreseni-nebot-panuv-andel-sestoupil-z-nebe","status":"publish","type":"post","link":"http:\/\/pravoslavnebrno.cz\/ru\/a-hle-nastalo-velike-zemetreseni-nebot-panuv-andel-sestoupil-z-nebe\/","title":{"rendered":"&#171;A hle, nastalo velik\u00e9 zem\u011bt\u0159esen\u00ed, nebo\u0165 P\u00e1n\u016fv and\u011bl sestoupil z nebe&#8230;&#187;"},"content":{"rendered":"<p style=\"text-align: center;\">\u00a0<a href=\"http:\/\/pravoslavbrno.cz\/wp-content\/uploads\/2018\/04\/\u03bc\u03c5\u03c1\u03bf\u03c6\u03cc\u03c1\u03b5\u03c2-\u03b3\u03c5\u03bd\u03b1\u03af\u03ba\u03b5\u03c2.jpg\"><img loading=\"lazy\" decoding=\"async\" class=\" wp-image-1268 aligncenter\" src=\"http:\/\/pravoslavbrno.cz\/wp-content\/uploads\/2018\/04\/\u03bc\u03c5\u03c1\u03bf\u03c6\u03cc\u03c1\u03b5\u03c2-\u03b3\u03c5\u03bd\u03b1\u03af\u03ba\u03b5\u03c2-300x189.jpg\" alt=\"\" width=\"603\" height=\"380\" srcset=\"http:\/\/pravoslavnebrno.cz\/wp-content\/uploads\/2018\/04\/\u03bc\u03c5\u03c1\u03bf\u03c6\u03cc\u03c1\u03b5\u03c2-\u03b3\u03c5\u03bd\u03b1\u03af\u03ba\u03b5\u03c2-300x189.jpg 300w, http:\/\/pravoslavnebrno.cz\/wp-content\/uploads\/2018\/04\/\u03bc\u03c5\u03c1\u03bf\u03c6\u03cc\u03c1\u03b5\u03c2-\u03b3\u03c5\u03bd\u03b1\u03af\u03ba\u03b5\u03c2.jpg 596w\" sizes=\"auto, (max-width: 603px) 100vw, 603px\" \/><\/a>Kdy\u017e pak kon\u010dila sobota a sv\u00edtalo na prvn\u00ed <i>den<\/i> t\u00fddne,<br \/>\np\u0159i\u0161la Marie Magdal\u00e9na a ta druh\u00e1 Marie, aby se pod\u00edvaly na hrob.<br \/>\nA hle, nastalo velik\u00e9 zem\u011bt\u0159esen\u00ed, nebo\u0165 P\u00e1n\u016fv and\u011bl sestoupil z nebe,<br \/>\na kdy\u017e p\u0159i\u0161el, odvalil k\u00e1men ode dve\u0159\u00ed a posadil se na n\u011bm.<br \/>\nJeho obli\u010dej byl jako blesk a jeho roucho b\u00edl\u00e9 jako sn\u00edh.<br \/>\nA str\u00e1\u017en\u00ed se strachem z n\u011bj rozt\u0159\u00e1sli a z\u016fstali jako mrtv\u00ed.<br \/>\nAnd\u011bl pak odpov\u011bd\u011bl \u017een\u00e1m: &#171;Vy se nebojte.<br \/>\nV\u017edy\u0165 v\u00edm, \u017ee hled\u00e1te uk\u0159i\u017eovan\u00e9ho Je\u017e\u00ed\u0161e.<br \/>\nNen\u00ed tu, nebo\u0165 vstal, jak p\u0159edpov\u011bd\u011bl. Poj\u010fte, pohle\u010fte na m\u00edsto, kde le\u017eel P\u00e1n.<br \/>\nJd\u011bte rychle a \u0159ekn\u011bte jeho u\u010dedn\u00edk\u016fm, \u017ee byl vzk\u0159\u00ed\u0161en z mrtv\u00fdch.<br \/>\nA hle, p\u0159edch\u00e1z\u00ed v\u00e1s do Galileje. Tam ho spat\u0159\u00edte. Hle\u010fte, \u0159ekl jsem v\u00e1m <i>to<\/i>.&#187;<br \/>\nA <i>tak<\/i> rychle ode\u0161ly od hrobu s b\u00e1zn\u00ed a s velikou radost\u00ed a b\u011b\u017eely,<br \/>\naby <i>to<\/i> ozn\u00e1mily jeho u\u010dedn\u00edk\u016fm.<\/p>\n<p style=\"text-align: center;\">(Mat 28,1-8)<\/p>\n<p style=\"text-align: center;\"><a href=\"http:\/\/pravoslavbrno.cz\/wp-content\/uploads\/2018\/04\/\u03b1\u03b11.jpg\"><img loading=\"lazy\" decoding=\"async\" class=\"alignnone wp-image-1257\" src=\"http:\/\/pravoslavbrno.cz\/wp-content\/uploads\/2018\/04\/\u03b1\u03b11-300x225.jpg\" alt=\"\" width=\"635\" height=\"476\" srcset=\"http:\/\/pravoslavnebrno.cz\/wp-content\/uploads\/2018\/04\/\u03b1\u03b11-300x225.jpg 300w, http:\/\/pravoslavnebrno.cz\/wp-content\/uploads\/2018\/04\/\u03b1\u03b11-768x575.jpg 768w, http:\/\/pravoslavnebrno.cz\/wp-content\/uploads\/2018\/04\/\u03b1\u03b11-700x524.jpg 700w, http:\/\/pravoslavnebrno.cz\/wp-content\/uploads\/2018\/04\/\u03b1\u03b11-800x599.jpg 800w, http:\/\/pravoslavnebrno.cz\/wp-content\/uploads\/2018\/04\/\u03b1\u03b11-80x60.jpg 80w, http:\/\/pravoslavnebrno.cz\/wp-content\/uploads\/2018\/04\/\u03b1\u03b11.jpg 1200w\" sizes=\"auto, (max-width: 635px) 100vw, 635px\" \/><\/a><\/p>\n","protected":false},"excerpt":{"rendered":"<p>\u00a0Kdy\u017e pak kon\u010dila sobota a sv\u00edtalo na prvn\u00ed den t\u00fddne, p\u0159i\u0161la Marie Magdal\u00e9na a ta druh\u00e1 Marie, aby se pod\u00edvaly na hrob. A hle, nastalo velik\u00e9 zem\u011bt\u0159esen\u00ed, nebo\u0165 P\u00e1n\u016fv and\u011bl sestoupil z nebe, a kdy\u017e p\u0159i\u0161el, odvalil k\u00e1men ode dve\u0159\u00ed a posadil se na n\u011bm. Jeho obli\u010dej byl jako blesk a jeho roucho b\u00edl\u00e9 jako&#8230;<\/p>\n","protected":false},"author":3,"featured_media":0,"comment_status":"open","ping_status":"open","sticky":false,"template":"","format":"standard","meta":{"jetpack_post_was_ever_published":false,"_jetpack_newsletter_access":"","_jetpack_dont_email_post_to_subs":false,"_jetpack_newsletter_tier_id":0,"_jetpack_memberships_contains_paywalled_content":false,"_jetpack_memberships_contains_paid_content":false,"footnotes":"","jetpack_publicize_message":"","jetpack_publicize_feature_enabled":true,"jetpack_social_post_already_shared":true,"jetpack_social_options":{"image_generator_settings":{"template":"highway","default_image_id":0,"font":"","enabled":false},"version":2}},"categories":[4],"tags":[],"class_list":["post-1267","post","type-post","status-publish","format-standard","hentry","category-pouceni"],"jetpack_publicize_connections":[],"jetpack_featured_media_url":"","jetpack_sharing_enabled":true,"jetpack_shortlink":"https:\/\/wp.me\/p9GyX2-kr","jetpack-related-posts":[],"_links":{"self":[{"href":"http:\/\/pravoslavnebrno.cz\/ru\/wp-json\/wp\/v2\/posts\/1267","targetHints":{"allow":["GET"]}}],"collection":[{"href":"http:\/\/pravoslavnebrno.cz\/ru\/wp-json\/wp\/v2\/posts"}],"about":[{"href":"http:\/\/pravoslavnebrno.cz\/ru\/wp-json\/wp\/v2\/types\/post"}],"author":[{"embeddable":true,"href":"http:\/\/pravoslavnebrno.cz\/ru\/wp-json\/wp\/v2\/users\/3"}],"replies":[{"embeddable":true,"href":"http:\/\/pravoslavnebrno.cz\/ru\/wp-json\/wp\/v2\/comments?post=1267"}],"version-history":[{"count":1,"href":"http:\/\/pravoslavnebrno.cz\/ru\/wp-json\/wp\/v2\/posts\/1267\/revisions"}],"predecessor-version":[{"id":1269,"href":"http:\/\/pravoslavnebrno.cz\/ru\/wp-json\/wp\/v2\/posts\/1267\/revisions\/1269"}],"wp:attachment":[{"href":"http:\/\/pravoslavnebrno.cz\/ru\/wp-json\/wp\/v2\/media?parent=1267"}],"wp:term":[{"taxonomy":"category","embeddable":true,"href":"http:\/\/pravoslavnebrno.cz\/ru\/wp-json\/wp\/v2\/categories?post=1267"},{"taxonomy":"post_tag","embeddable":true,"href":"http:\/\/pravoslavnebrno.cz\/ru\/wp-json\/wp\/v2\/tags?post=1267"}],"curies":[{"name":"wp","href":"https:\/\/api.w.org\/{rel}","templated":true}]}}