{"id":1252,"date":"2020-04-17T06:31:19","date_gmt":"2020-04-17T05:31:19","guid":{"rendered":"http:\/\/pravoslavbrno.cz\/?p=1252"},"modified":"2020-04-17T08:08:22","modified_gmt":"2020-04-17T07:08:22","slug":"slechetny-josef-z-dreva-snav-preciste-telo-tve","status":"publish","type":"post","link":"http:\/\/pravoslavnebrno.cz\/ru\/slechetny-josef-z-dreva-snav-preciste-telo-tve\/","title":{"rendered":"&#171;\u0160lechetn\u00fd Josef z d\u0159eva s\u0148av P\u0159e\u010dist\u00e9 T\u011blo Tv\u00e9&#8230;&#187;"},"content":{"rendered":"<p>Kdy\u017e tebe, jen\u017e jsi \u017eivot v\u0161ech, mrtv\u00e9ho s\u0148al s k\u0159\u00ed\u017ee Josef Arimatejsk\u00fd, pomazal t\u011b, Kriste, vonn\u00fdmi mastmi a do pl\u00e1tna t\u011b zavinul. L\u00e1skou byl pohnut, aby srdcem i \u00fasty zl\u00edbal tv\u00e9 t\u011blo nepodl\u00e9haj\u00edc\u00ed tlen\u00ed, pak v\u0161ak ovl\u00e1dnut b\u00e1zn\u00ed zvolal s radost\u00ed: &#171;Sl\u00e1va sestoupen\u00ed tv\u00e9mu s nebes, Lidumile!&#187;<\/p>\n<p style=\"text-align: center;\"><a href=\"http:\/\/pravoslavbrno.cz\/wp-content\/uploads\/2018\/04\/Apokathilosis-700.jpg\"><img loading=\"lazy\" decoding=\"async\" class=\"alignnone wp-image-1251\" src=\"http:\/\/pravoslavbrno.cz\/wp-content\/uploads\/2018\/04\/Apokathilosis-700-300x157.jpg\" alt=\"\" width=\"636\" height=\"333\" srcset=\"http:\/\/pravoslavnebrno.cz\/wp-content\/uploads\/2018\/04\/Apokathilosis-700-300x157.jpg 300w, http:\/\/pravoslavnebrno.cz\/wp-content\/uploads\/2018\/04\/Apokathilosis-700.jpg 700w\" sizes=\"auto, (max-width: 636px) 100vw, 636px\" \/><\/a><\/p>\n<p>Kdy\u017e ses za v\u0161echny do hrobu nov\u00e9ho polo\u017eil, Vykupiteli v\u0161ech, peklo v\u0161emu se vysm\u00edvaj\u00edc\u00ed vidouc tebe, zhrozilo se; ve\u0159eje jsi zni\u010dil, vrata jsi rozlomil, hroby se otev\u0159ely, mrtv\u00ed vstali; tehdy Adam vd\u011b\u010dn\u011b se radovav, volal k tob\u011b: &#171;Sl\u00e1va sestoupen\u00ed tv\u00e9mu, Lidumile!&#187;<\/p>\n<p>Tebe, U\u010dinitele v\u0161ech a Boha, kdy\u017e vid\u011bla, Kriste, p\u0159ibit\u00e9ho na k\u0159\u00ed\u017ei ta, je\u017e t\u011b bez \u00fa\u010dasti mu\u017ee porodila, zvolala ho\u0159ce:\u00a0 &#171;Synu m\u016fj, kam miz\u00ed kr\u00e1sa tv\u00e9 podoby? Nesnesu hled\u011bt na tv\u00e9 nespravedliv\u00e9 uk\u0159i\u017eov\u00e1n\u00ed! Posp\u011b\u0161 tedy, povsta\u0148 z hrobu, abych i j\u00e1 spat\u0159ila tv\u00e9 t\u0159et\u00edho dne z mrtv\u00fdch vzk\u0159\u00ed\u0161en\u00ed.&#187;<\/p>\n<p style=\"text-align: center;\"><a href=\"http:\/\/pravoslavbrno.cz\/wp-content\/uploads\/2018\/04\/megali-paraskeui-620x330.jpg\"><img loading=\"lazy\" decoding=\"async\" class=\"alignnone wp-image-1249\" src=\"http:\/\/pravoslavbrno.cz\/wp-content\/uploads\/2018\/04\/megali-paraskeui-620x330-300x160.jpg\" alt=\"\" width=\"639\" height=\"341\" srcset=\"http:\/\/pravoslavnebrno.cz\/wp-content\/uploads\/2018\/04\/megali-paraskeui-620x330-300x160.jpg 300w, http:\/\/pravoslavnebrno.cz\/wp-content\/uploads\/2018\/04\/megali-paraskeui-620x330.jpg 620w\" sizes=\"auto, (max-width: 639px) 100vw, 639px\" \/><\/a><\/p>\n<p>\u0160lechetn\u00fd Josef s d\u0159eva s\u0148av p\u0159e\u010dist\u00e9 t\u011blo tv\u00e9, pl\u00e1tnem \u010dist\u00fdm je ovinul, a pokryv je v\u011bcmi vonn\u00fdmi, ve hrob nov\u00fd je polo\u017eil.<\/p>\n<p>U \u017een myronosic v hrob\u011b stanul and\u011bl volaj\u00edc\u00ed: Myro je vhodn\u00e9 pro mrtv\u00e9, Kristus v\u0161ak uk\u00e1zal, \u017ee smrt a poru\u0161en\u00ed mu nejsou vlastn\u00ed&#8230;<\/p>\n<p>Zdroj:<\/p>\n<p>Velkop\u00e1te\u010dn\u00ed jit\u0159n\u00ed, Triod postn\u00ed (Download.Pravoslavi.CZ)<\/p>\n","protected":false},"excerpt":{"rendered":"<p>Kdy\u017e tebe, jen\u017e jsi \u017eivot v\u0161ech, mrtv\u00e9ho s\u0148al s k\u0159\u00ed\u017ee Josef Arimatejsk\u00fd, pomazal t\u011b, Kriste, vonn\u00fdmi mastmi a do pl\u00e1tna t\u011b zavinul. L\u00e1skou byl pohnut, aby srdcem i \u00fasty zl\u00edbal tv\u00e9 t\u011blo nepodl\u00e9haj\u00edc\u00ed tlen\u00ed, pak v\u0161ak ovl\u00e1dnut b\u00e1zn\u00ed zvolal s radost\u00ed: &#171;Sl\u00e1va sestoupen\u00ed tv\u00e9mu s nebes, Lidumile!&#187; Kdy\u017e ses za v\u0161echny do hrobu nov\u00e9ho polo\u017eil,&#8230;<\/p>\n","protected":false},"author":3,"featured_media":0,"comment_status":"open","ping_status":"open","sticky":false,"template":"","format":"standard","meta":{"jetpack_post_was_ever_published":false,"_jetpack_newsletter_access":"","_jetpack_dont_email_post_to_subs":false,"_jetpack_newsletter_tier_id":0,"_jetpack_memberships_contains_paywalled_content":false,"_jetpack_memberships_contains_paid_content":false,"footnotes":"","jetpack_publicize_message":"","jetpack_publicize_feature_enabled":true,"jetpack_social_post_already_shared":true,"jetpack_social_options":{"image_generator_settings":{"template":"highway","default_image_id":0,"font":"","enabled":false},"version":2}},"categories":[4],"tags":[],"class_list":["post-1252","post","type-post","status-publish","format-standard","hentry","category-pouceni"],"jetpack_publicize_connections":[],"jetpack_featured_media_url":"","jetpack_sharing_enabled":true,"jetpack_shortlink":"https:\/\/wp.me\/p9GyX2-kc","jetpack-related-posts":[],"_links":{"self":[{"href":"http:\/\/pravoslavnebrno.cz\/ru\/wp-json\/wp\/v2\/posts\/1252","targetHints":{"allow":["GET"]}}],"collection":[{"href":"http:\/\/pravoslavnebrno.cz\/ru\/wp-json\/wp\/v2\/posts"}],"about":[{"href":"http:\/\/pravoslavnebrno.cz\/ru\/wp-json\/wp\/v2\/types\/post"}],"author":[{"embeddable":true,"href":"http:\/\/pravoslavnebrno.cz\/ru\/wp-json\/wp\/v2\/users\/3"}],"replies":[{"embeddable":true,"href":"http:\/\/pravoslavnebrno.cz\/ru\/wp-json\/wp\/v2\/comments?post=1252"}],"version-history":[{"count":5,"href":"http:\/\/pravoslavnebrno.cz\/ru\/wp-json\/wp\/v2\/posts\/1252\/revisions"}],"predecessor-version":[{"id":1266,"href":"http:\/\/pravoslavnebrno.cz\/ru\/wp-json\/wp\/v2\/posts\/1252\/revisions\/1266"}],"wp:attachment":[{"href":"http:\/\/pravoslavnebrno.cz\/ru\/wp-json\/wp\/v2\/media?parent=1252"}],"wp:term":[{"taxonomy":"category","embeddable":true,"href":"http:\/\/pravoslavnebrno.cz\/ru\/wp-json\/wp\/v2\/categories?post=1252"},{"taxonomy":"post_tag","embeddable":true,"href":"http:\/\/pravoslavnebrno.cz\/ru\/wp-json\/wp\/v2\/tags?post=1252"}],"curies":[{"name":"wp","href":"https:\/\/api.w.org\/{rel}","templated":true}]}}