{"id":5069,"date":"2019-04-16T10:44:14","date_gmt":"2019-04-16T09:44:14","guid":{"rendered":"http:\/\/pravoslavbrno.cz\/?p=5069"},"modified":"2019-04-13T10:49:50","modified_gmt":"2019-04-13T09:49:50","slug":"program-bohosluzeb-na-strastny-tyden-a-svatek-paschy-v-nasi-farnosti","status":"publish","type":"post","link":"http:\/\/pravoslavnebrno.cz\/en\/program-bohosluzeb-na-strastny-tyden-a-svatek-paschy-v-nasi-farnosti\/","title":{"rendered":"Program bohoslu\u017eeb na Strastn\u00fd t\u00fdden a sv\u00e1tek Paschy v na\u0161\u00ed farnosti"},"content":{"rendered":"<p style=\"text-align: center;\"><a href=\"http:\/\/pravoslavbrno.cz\/wp-content\/uploads\/2019\/04\/Program-na-Strastn\u00fd-t\u00fdden-a-sv\u00e1tek-Paschy-2019.pdf\">Program na Strastn\u00fd t\u00fdden a sv\u00e1tek Paschy 2019<\/a><\/p>\n<p style=\"text-align: center;\"><a href=\"http:\/\/pravoslavbrno.cz\/wp-content\/uploads\/2019\/04\/Program-na-Strastn\u00fd-t\u00fdden-a-sv\u00e1tek-Paschy-2019_1.jpg\"><img loading=\"lazy\" decoding=\"async\" class=\"alignnone wp-image-5044\" src=\"http:\/\/pravoslavbrno.cz\/wp-content\/uploads\/2019\/04\/Program-na-Strastn\u00fd-t\u00fdden-a-sv\u00e1tek-Paschy-2019_1-212x300.jpg\" alt=\"\" width=\"452\" height=\"640\" srcset=\"http:\/\/pravoslavnebrno.cz\/wp-content\/uploads\/2019\/04\/Program-na-Strastn\u00fd-t\u00fdden-a-sv\u00e1tek-Paschy-2019_1-212x300.jpg 212w, http:\/\/pravoslavnebrno.cz\/wp-content\/uploads\/2019\/04\/Program-na-Strastn\u00fd-t\u00fdden-a-sv\u00e1tek-Paschy-2019_1-768x1086.jpg 768w, http:\/\/pravoslavnebrno.cz\/wp-content\/uploads\/2019\/04\/Program-na-Strastn\u00fd-t\u00fdden-a-sv\u00e1tek-Paschy-2019_1-700x990.jpg 700w, http:\/\/pravoslavnebrno.cz\/wp-content\/uploads\/2019\/04\/Program-na-Strastn\u00fd-t\u00fdden-a-sv\u00e1tek-Paschy-2019_1-800x1131.jpg 800w, http:\/\/pravoslavnebrno.cz\/wp-content\/uploads\/2019\/04\/Program-na-Strastn\u00fd-t\u00fdden-a-sv\u00e1tek-Paschy-2019_1.jpg 1654w\" sizes=\"auto, (max-width: 452px) 100vw, 452px\" \/><\/a><\/p>\n","protected":false},"excerpt":{"rendered":"<p>Program na Strastn\u00fd t\u00fdden a sv\u00e1tek Paschy 2019<\/p>\n","protected":false},"author":1,"featured_media":0,"comment_status":"open","ping_status":"open","sticky":false,"template":"","format":"standard","meta":{"jetpack_post_was_ever_published":false,"_jetpack_newsletter_access":"","_jetpack_dont_email_post_to_subs":false,"_jetpack_newsletter_tier_id":0,"_jetpack_memberships_contains_paywalled_content":false,"_jetpack_memberships_contains_paid_content":false,"footnotes":"","jetpack_publicize_message":"","jetpack_publicize_feature_enabled":true,"jetpack_social_post_already_shared":true,"jetpack_social_options":{"image_generator_settings":{"template":"highway","default_image_id":0,"font":"","enabled":false},"version":2}},"categories":[5],"tags":[],"class_list":["post-5069","post","type-post","status-publish","format-standard","hentry","category-aktuality"],"jetpack_publicize_connections":[],"jetpack_featured_media_url":"","jetpack_sharing_enabled":true,"jetpack_shortlink":"https:\/\/wp.me\/p9GyX2-1jL","jetpack-related-posts":[],"_links":{"self":[{"href":"http:\/\/pravoslavnebrno.cz\/en\/wp-json\/wp\/v2\/posts\/5069","targetHints":{"allow":["GET"]}}],"collection":[{"href":"http:\/\/pravoslavnebrno.cz\/en\/wp-json\/wp\/v2\/posts"}],"about":[{"href":"http:\/\/pravoslavnebrno.cz\/en\/wp-json\/wp\/v2\/types\/post"}],"author":[{"embeddable":true,"href":"http:\/\/pravoslavnebrno.cz\/en\/wp-json\/wp\/v2\/users\/1"}],"replies":[{"embeddable":true,"href":"http:\/\/pravoslavnebrno.cz\/en\/wp-json\/wp\/v2\/comments?post=5069"}],"version-history":[{"count":3,"href":"http:\/\/pravoslavnebrno.cz\/en\/wp-json\/wp\/v2\/posts\/5069\/revisions"}],"predecessor-version":[{"id":5075,"href":"http:\/\/pravoslavnebrno.cz\/en\/wp-json\/wp\/v2\/posts\/5069\/revisions\/5075"}],"wp:attachment":[{"href":"http:\/\/pravoslavnebrno.cz\/en\/wp-json\/wp\/v2\/media?parent=5069"}],"wp:term":[{"taxonomy":"category","embeddable":true,"href":"http:\/\/pravoslavnebrno.cz\/en\/wp-json\/wp\/v2\/categories?post=5069"},{"taxonomy":"post_tag","embeddable":true,"href":"http:\/\/pravoslavnebrno.cz\/en\/wp-json\/wp\/v2\/tags?post=5069"}],"curies":[{"name":"wp","href":"https:\/\/api.w.org\/{rel}","templated":true}]}}