{"id":4568,"date":"2019-01-15T01:48:08","date_gmt":"2019-01-15T00:48:08","guid":{"rendered":"http:\/\/pravoslavbrno.cz\/?p=4568"},"modified":"2019-01-14T20:55:41","modified_gmt":"2019-01-14T19:55:41","slug":"pece-o-dusi-podle-svateho-serafima-sarovskeho","status":"publish","type":"post","link":"http:\/\/pravoslavnebrno.cz\/en\/pece-o-dusi-podle-svateho-serafima-sarovskeho\/","title":{"rendered":"P\u00e9\u010de o du\u0161i podle svat\u00e9ho Serafima Sarovsk\u00e9ho"},"content":{"rendered":"<h2 style=\"text-align: center;\"><strong>P\u00e9\u010de o du\u0161i podle\u00a0&#8220;b\u00e1\u0165u\u0161ky&#8221; Serafima<\/strong><\/h2>\n<h3 style=\"text-align: center;\"><strong>\u010clov\u011bk se sv\u00fdm t\u011blem je podoben zap\u00e1len\u00e9 sv\u00edci. Jak sv\u00edce mus\u00ed jednou sho\u0159et, stejn\u011b tak i \u010dlov\u011bk mus\u00ed jednou zem\u0159\u00edt. Jeliko\u017e je lidsk\u00e1 du\u0161e nesmrteln\u00e1, mus\u00ed b\u00fdt na\u0161e p\u00e9\u010de a starost zam\u011b\u0159ena v\u00edce na ni ne\u017e na t\u011blo, nebo\u0165 \u201eco prosp\u011bje \u010dlov\u011bku, kdy\u017e z\u00edsk\u00e1 cel\u00fd sv\u011bt, a ztrat\u00ed du\u0161i svoji?\u201c (Mk 8,36)<\/strong><\/h3>\n<p><span class=\"embed-youtube\" style=\"text-align:center; display: block;\"><iframe loading=\"lazy\" class=\"youtube-player\" width=\"700\" height=\"394\" src=\"https:\/\/www.youtube.com\/embed\/SGsZk-tGNIs?version=3&#038;rel=1&#038;showsearch=0&#038;showinfo=1&#038;iv_load_policy=1&#038;fs=1&#038;hl=en-US&#038;autohide=2&#038;wmode=transparent\" allowfullscreen=\"true\" style=\"border:0;\" sandbox=\"allow-scripts allow-same-origin allow-popups allow-presentation allow-popups-to-escape-sandbox\"><\/iframe><\/span><\/p>\n<p>P\u0159i p\u0159\u00edle\u017eitosti &#8220;zimn\u00edho&#8221; sv\u00e1tku svat\u00e9ho otce Serafima Sarovsk\u00e9ho (2.\/15.1.) uv\u00e1d\u00edme t\u00e9\u017e jeho \u017eivot a v\u00fdb\u011br z duchovn\u00edho pou\u010den\u00ed, jak je p\u0159ipravil <strong>o. Marek Mal\u00edk<\/strong>:<\/p>\n<div class=\"fb-post\" data-href=\"https:\/\/www.facebook.com\/SvatyVaclavBrno\/photos\/a.228608893883362\/2043662775711289\/?type=3&#038;theater\" data-width=\"552\" style=\"background-color: #fff; display: inline-block;\"><\/div>\n","protected":false},"excerpt":{"rendered":"<p>P\u00e9\u010de o du\u0161i podle\u00a0&#8220;b\u00e1\u0165u\u0161ky&#8221; Serafima \u010clov\u011bk se sv\u00fdm t\u011blem je podoben zap\u00e1len\u00e9 sv\u00edci. Jak sv\u00edce mus\u00ed jednou sho\u0159et, stejn\u011b tak i \u010dlov\u011bk mus\u00ed jednou zem\u0159\u00edt. Jeliko\u017e je lidsk\u00e1 du\u0161e nesmrteln\u00e1, mus\u00ed b\u00fdt na\u0161e p\u00e9\u010de a starost zam\u011b\u0159ena v\u00edce na ni ne\u017e na t\u011blo, nebo\u0165 \u201eco prosp\u011bje \u010dlov\u011bku, kdy\u017e z\u00edsk\u00e1 cel\u00fd sv\u011bt, a ztrat\u00ed du\u0161i svoji?\u201c&#8230;<\/p>\n","protected":false},"author":3,"featured_media":0,"comment_status":"open","ping_status":"open","sticky":false,"template":"","format":"standard","meta":{"jetpack_post_was_ever_published":false,"_jetpack_newsletter_access":"","_jetpack_dont_email_post_to_subs":false,"_jetpack_newsletter_tier_id":0,"_jetpack_memberships_contains_paywalled_content":false,"_jetpack_memberships_contains_paid_content":false,"footnotes":"","jetpack_publicize_message":"","jetpack_publicize_feature_enabled":true,"jetpack_social_post_already_shared":true,"jetpack_social_options":{"image_generator_settings":{"template":"highway","default_image_id":0,"font":"","enabled":false},"version":2}},"categories":[12,15,17],"tags":[],"class_list":["post-4568","post","type-post","status-publish","format-standard","hentry","category-pravoslavi","category-verouka","category-zivoty-svatych"],"jetpack_publicize_connections":[],"jetpack_featured_media_url":"","jetpack_sharing_enabled":true,"jetpack_shortlink":"https:\/\/wp.me\/p9GyX2-1bG","jetpack-related-posts":[],"_links":{"self":[{"href":"http:\/\/pravoslavnebrno.cz\/en\/wp-json\/wp\/v2\/posts\/4568","targetHints":{"allow":["GET"]}}],"collection":[{"href":"http:\/\/pravoslavnebrno.cz\/en\/wp-json\/wp\/v2\/posts"}],"about":[{"href":"http:\/\/pravoslavnebrno.cz\/en\/wp-json\/wp\/v2\/types\/post"}],"author":[{"embeddable":true,"href":"http:\/\/pravoslavnebrno.cz\/en\/wp-json\/wp\/v2\/users\/3"}],"replies":[{"embeddable":true,"href":"http:\/\/pravoslavnebrno.cz\/en\/wp-json\/wp\/v2\/comments?post=4568"}],"version-history":[{"count":1,"href":"http:\/\/pravoslavnebrno.cz\/en\/wp-json\/wp\/v2\/posts\/4568\/revisions"}],"predecessor-version":[{"id":4569,"href":"http:\/\/pravoslavnebrno.cz\/en\/wp-json\/wp\/v2\/posts\/4568\/revisions\/4569"}],"wp:attachment":[{"href":"http:\/\/pravoslavnebrno.cz\/en\/wp-json\/wp\/v2\/media?parent=4568"}],"wp:term":[{"taxonomy":"category","embeddable":true,"href":"http:\/\/pravoslavnebrno.cz\/en\/wp-json\/wp\/v2\/categories?post=4568"},{"taxonomy":"post_tag","embeddable":true,"href":"http:\/\/pravoslavnebrno.cz\/en\/wp-json\/wp\/v2\/tags?post=4568"}],"curies":[{"name":"wp","href":"https:\/\/api.w.org\/{rel}","templated":true}]}}