{"id":328,"date":"2018-02-23T20:51:45","date_gmt":"2018-02-23T19:51:45","guid":{"rendered":"http:\/\/pravoslavbrno.cz\/?p=328"},"modified":"2018-02-23T20:57:25","modified_gmt":"2018-02-23T19:57:25","slug":"40-kratkych-zastaveni-se-starcem-paisijem-svatohorcem-6","status":"publish","type":"post","link":"http:\/\/pravoslavnebrno.cz\/en\/40-kratkych-zastaveni-se-starcem-paisijem-svatohorcem-6\/","title":{"rendered":"40 kr\u00e1tk\u00fdch zastaven\u00ed se starcem Paisijem Svatohorcem"},"content":{"rendered":"<p style=\"text-align: center;\"><strong>Na cest\u011b ke sv\u00e1tku Vzk\u0159\u00ed\u0161en\u00ed<\/strong><\/p>\n<p style=\"text-align: center;\"><strong>(6.)<\/strong><\/p>\n<p>\u201eKdy\u017e se n\u011bkdo modl\u00ed, velmi pom\u00e1h\u00e1 prost\u0159ed\u00ed hor, a nikoli propast\u00ed a sout\u011bsek. Tak\u00e9 Kristus odch\u00e1zel do hornat\u00fdch m\u00edst, a tam se modlil. Lidsk\u00e1 mysl a v\u0161echny jeho smysly se pr\u00e1v\u011b tehdy velmi otev\u00edraj\u00ed k modlitb\u011b. A tak\u00e9 proto lid\u00e9 z Epiru a obecn\u011b z hor\u00a0jsou charakteristi\u010dt\u00ed svou state\u010dnost\u00ed a velkomyslnost\u00ed.\u201c<\/p>\n<p style=\"text-align: center;\"><a href=\"http:\/\/pravoslavbrno.cz\/wp-content\/uploads\/2018\/02\/Kelie-starce-Paisije-v-Panagud\u011b.png\"><img loading=\"lazy\" decoding=\"async\" class=\"alignnone wp-image-327\" src=\"http:\/\/pravoslavbrno.cz\/wp-content\/uploads\/2018\/02\/Kelie-starce-Paisije-v-Panagud\u011b-262x300.png\" alt=\"\" width=\"431\" height=\"493\" srcset=\"http:\/\/pravoslavnebrno.cz\/wp-content\/uploads\/2018\/02\/Kelie-starce-Paisije-v-Panagud\u011b-262x300.png 262w, http:\/\/pravoslavnebrno.cz\/wp-content\/uploads\/2018\/02\/Kelie-starce-Paisije-v-Panagud\u011b.png 480w\" sizes=\"auto, (max-width: 431px) 100vw, 431px\" \/><\/a><\/p>\n<p style=\"text-align: center;\"><em>Kelie starce Paisije &#8220;Panaguda&#8221; na Svat\u00e9 Ho\u0159e Athos<\/em><\/p>\n<p>\u03a1\u03ae\u03c3\u03b5\u03b9\u03c2 \u03ba\u03b1\u03b9 \u03b4\u03b9\u03b7\u03b3\u03ae\u03c3\u03b5\u03b9\u03c2 \u0393\u03ad\u03c1\u03bf\u03bd\u03c4\u03bf\u03c2 \u03a0\u03b1\u03ca\u03c3\u03b9\u03bf\u03c5. In: <em>\u0391\u03c0\u03bf \u03c4\u03b7\u03bd \u03b1\u03c3\u03ba\u03b7\u03c4\u03b9\u03ba\u03ae \u03ba\u03b1\u03b9 \u03b7\u03c3\u03c5\u03c7\u03b1\u03c3\u03c4\u03b9\u03ba\u03ae \u03b1\u03b3\u03b9\u03bf\u03c1\u03b5\u03b9\u03c4\u03b9\u03ba\u03ae \u03c0\u03b1\u03c1\u03ac\u03b4\u03bf\u03c3\u03b7.<\/em> \u03a4\u03b5\u03c4\u03ac\u03c1\u03c4\u03bf \u03bc\u03ad\u03c1\u03bf\u03c2, \u0386\u03b3\u03b9\u03bf\u03bd \u038c\u03c1\u03bf\u03c2 2011, s. 693.<\/p>\n<p>Pozn.:<\/p>\n<p>Geografick\u00e1 oblast &#8220;Epirus&#8221;, je\u017e v\u00a0\u0158ecku tvo\u0159\u00ed stejnojmenn\u00fd spr\u00e1vn\u00ed region, je charakteristick\u00e1 svoj\u00ed drsnou a hornatou krajinou. Ta se vyzna\u010duje p\u0159ev\u00e1\u017en\u011b vysok\u00fdmi v\u00e1pencov\u00fdmi poho\u0159\u00edmi, je\u017e jsou sou\u010d\u00e1st\u00ed Din\u00e1rsk\u00fdch hor a kter\u00e1 dosahuj\u00ed v\u00fd\u0161ky p\u0159es 2000 metr\u016f. V\u011bt\u0161ina Epiru se rozkl\u00e1d\u00e1 na n\u00e1v\u011btrn\u00e9 stran\u011b Pindu. M\u00edstn\u00ed vegetaci p\u0159edstavuj\u00ed hlavn\u011b hust\u00e9 jehli\u010dnat\u00e9 lesy pln\u00e9 divok\u00e9 zv\u011b\u0159e.<\/p>\n<p style=\"text-align: center;\"><a href=\"http:\/\/pravoslavbrno.cz\/wp-content\/uploads\/2018\/02\/640px-Zagori_Dragonlake_and_Gamila_summit.jpg\"><img loading=\"lazy\" decoding=\"async\" class=\"alignnone wp-image-332\" src=\"http:\/\/pravoslavbrno.cz\/wp-content\/uploads\/2018\/02\/640px-Zagori_Dragonlake_and_Gamila_summit-300x200.jpg\" alt=\"\" width=\"497\" height=\"331\" srcset=\"http:\/\/pravoslavnebrno.cz\/wp-content\/uploads\/2018\/02\/640px-Zagori_Dragonlake_and_Gamila_summit-300x200.jpg 300w, http:\/\/pravoslavnebrno.cz\/wp-content\/uploads\/2018\/02\/640px-Zagori_Dragonlake_and_Gamila_summit.jpg 640w\" sizes=\"auto, (max-width: 497px) 100vw, 497px\" \/><\/a><\/p>\n<p>Rodina starce Paisije, po p\u0159es\u00eddlen\u00ed z rodn\u00e9 Farasy v\u00a0maloasijsk\u00e9 Kappadokii, na\u0161la \u00fato\u010di\u0161t\u011b pr\u00e1v\u011b v\u00a0Epiru, konkr\u00e9tn\u011b v\u00a0malebn\u00e9m m\u011bste\u010dku Konitsa, s\u00a0n\u00edm\u017e bylo spjato ml\u00e1d\u00ed a dosp\u00edv\u00e1n\u00ed mal\u00e9ho Arsenia Eznepidise, budouc\u00edho starce Paisije Svatohorce&#8230;<\/p>\n<p style=\"text-align: center;\">\u00a0<a href=\"http:\/\/pravoslavbrno.cz\/wp-content\/uploads\/2018\/02\/plaka-bridge-epirus2.jpg\"><img loading=\"lazy\" decoding=\"async\" class=\"alignnone wp-image-335\" src=\"http:\/\/pravoslavbrno.cz\/wp-content\/uploads\/2018\/02\/plaka-bridge-epirus2-300x199.jpg\" alt=\"\" width=\"514\" height=\"341\" srcset=\"http:\/\/pravoslavnebrno.cz\/wp-content\/uploads\/2018\/02\/plaka-bridge-epirus2-300x199.jpg 300w, http:\/\/pravoslavnebrno.cz\/wp-content\/uploads\/2018\/02\/plaka-bridge-epirus2-768x510.jpg 768w, http:\/\/pravoslavnebrno.cz\/wp-content\/uploads\/2018\/02\/plaka-bridge-epirus2-700x465.jpg 700w, http:\/\/pravoslavnebrno.cz\/wp-content\/uploads\/2018\/02\/plaka-bridge-epirus2-800x531.jpg 800w, http:\/\/pravoslavnebrno.cz\/wp-content\/uploads\/2018\/02\/plaka-bridge-epirus2.jpg 1024w\" sizes=\"auto, (max-width: 514px) 100vw, 514px\" \/><\/a><\/p>\n","protected":false},"excerpt":{"rendered":"<p>Na cest\u011b ke sv\u00e1tku Vzk\u0159\u00ed\u0161en\u00ed (6.) \u201eKdy\u017e se n\u011bkdo modl\u00ed, velmi pom\u00e1h\u00e1 prost\u0159ed\u00ed hor, a nikoli propast\u00ed a sout\u011bsek. Tak\u00e9 Kristus odch\u00e1zel do hornat\u00fdch m\u00edst, a tam se modlil. Lidsk\u00e1 mysl a v\u0161echny jeho smysly se pr\u00e1v\u011b tehdy velmi otev\u00edraj\u00ed k modlitb\u011b. A tak\u00e9 proto lid\u00e9 z Epiru a obecn\u011b z hor\u00a0jsou charakteristi\u010dt\u00ed svou state\u010dnost\u00ed&#8230;<\/p>\n","protected":false},"author":3,"featured_media":0,"comment_status":"open","ping_status":"open","sticky":false,"template":"","format":"standard","meta":{"jetpack_post_was_ever_published":false,"_jetpack_newsletter_access":"","_jetpack_dont_email_post_to_subs":false,"_jetpack_newsletter_tier_id":0,"_jetpack_memberships_contains_paywalled_content":false,"_jetpack_memberships_contains_paid_content":false,"footnotes":"","jetpack_publicize_message":"","jetpack_publicize_feature_enabled":true,"jetpack_social_post_already_shared":true,"jetpack_social_options":{"image_generator_settings":{"template":"highway","default_image_id":0,"font":"","enabled":false},"version":2}},"categories":[10,4],"tags":[],"class_list":["post-328","post","type-post","status-publish","format-standard","hentry","category-pouceni-z-pateriku","category-pouceni"],"jetpack_publicize_connections":[],"jetpack_featured_media_url":"","jetpack_sharing_enabled":true,"jetpack_shortlink":"https:\/\/wp.me\/p9GyX2-5i","jetpack-related-posts":[],"_links":{"self":[{"href":"http:\/\/pravoslavnebrno.cz\/en\/wp-json\/wp\/v2\/posts\/328","targetHints":{"allow":["GET"]}}],"collection":[{"href":"http:\/\/pravoslavnebrno.cz\/en\/wp-json\/wp\/v2\/posts"}],"about":[{"href":"http:\/\/pravoslavnebrno.cz\/en\/wp-json\/wp\/v2\/types\/post"}],"author":[{"embeddable":true,"href":"http:\/\/pravoslavnebrno.cz\/en\/wp-json\/wp\/v2\/users\/3"}],"replies":[{"embeddable":true,"href":"http:\/\/pravoslavnebrno.cz\/en\/wp-json\/wp\/v2\/comments?post=328"}],"version-history":[{"count":10,"href":"http:\/\/pravoslavnebrno.cz\/en\/wp-json\/wp\/v2\/posts\/328\/revisions"}],"predecessor-version":[{"id":342,"href":"http:\/\/pravoslavnebrno.cz\/en\/wp-json\/wp\/v2\/posts\/328\/revisions\/342"}],"wp:attachment":[{"href":"http:\/\/pravoslavnebrno.cz\/en\/wp-json\/wp\/v2\/media?parent=328"}],"wp:term":[{"taxonomy":"category","embeddable":true,"href":"http:\/\/pravoslavnebrno.cz\/en\/wp-json\/wp\/v2\/categories?post=328"},{"taxonomy":"post_tag","embeddable":true,"href":"http:\/\/pravoslavnebrno.cz\/en\/wp-json\/wp\/v2\/tags?post=328"}],"curies":[{"name":"wp","href":"https:\/\/api.w.org\/{rel}","templated":true}]}}