{"id":2695,"date":"2018-07-30T01:19:34","date_gmt":"2018-07-30T00:19:34","guid":{"rendered":"http:\/\/pravoslavbrno.cz\/?p=2695"},"modified":"2018-07-30T04:07:17","modified_gmt":"2018-07-30T03:07:17","slug":"2695-2","status":"publish","type":"post","link":"http:\/\/pravoslavnebrno.cz\/en\/2695-2\/","title":{"rendered":"O\u010dist\u011bme sv\u00e1 srdce, abychom na\u0161\u00edm vnit\u0159n\u00edm zrakem uz\u0159eli P\u00e1na"},"content":{"rendered":"<h3 style=\"text-align: center;\"><strong>Pane Je\u017e\u00ed\u0161i Kriste, smiluj se nade mnou!<\/strong><\/h3>\n<p style=\"text-align: center;\"><a href=\"http:\/\/pravoslavbrno.cz\/wp-content\/uploads\/2018\/07\/ElderEphraim.jpg\"><img loading=\"lazy\" decoding=\"async\" class=\"alignnone wp-image-2507\" src=\"http:\/\/pravoslavbrno.cz\/wp-content\/uploads\/2018\/07\/ElderEphraim-160x300.jpg\" alt=\"\" width=\"334\" height=\"626\" srcset=\"http:\/\/pravoslavnebrno.cz\/wp-content\/uploads\/2018\/07\/ElderEphraim-160x300.jpg 160w, http:\/\/pravoslavnebrno.cz\/wp-content\/uploads\/2018\/07\/ElderEphraim.jpg 178w\" sizes=\"auto, (max-width: 334px) 100vw, 334px\" \/><\/a><\/p>\n<h3 style=\"text-align: center;\"><strong>Starec Efrem Filothejsk\u00fd-Arizonsk\u00fd<\/strong><\/h3>\n<p>Starec Efrem jednou pravil sv\u00fdm u\u010dedn\u00edk\u016fm: \u201eToto jsem v\u00e1m je\u0161t\u011b nikdy p\u0159ed t\u00edm ne\u0159\u00edkal. A je to moje vlastn\u00ed chyba, \u0159ekn\u011bme moje vlastn\u00ed zodpov\u011bdnost.&#8221;<\/p>\n<p>A d\u00e1le pokra\u010doval:<\/p>\n<p>\u201eSrdce \u010dlov\u011bka je st\u0159edem pohyb\u016f, kter\u00e9 jsou \u201enad p\u0159irozenost\u00ed\u201c (\u03c5\u03c0\u03ad\u03c1 \u03c6\u03cd\u03c3\u03b9\u03bd), d\u00e1le t\u011bch, kter\u00e9 jsou \u201ev souladu s\u00a0p\u0159irozenost\u00ed\u201c (\u03ba\u03b1\u03c4\u03ac \u03c6\u03cd\u03c3\u03b9\u03bd), ale i t\u011bch, kter\u00e9 jsou \u201eproti p\u0159irozenosti\u201c (\u03c0\u03b1\u03c1\u03ac \u03c6\u03cd\u03c3\u03b9\u03bd). V\u0161echny v\u011bci a v\u0161echny pohyby maj\u00ed sv\u016fj po\u010d\u00e1tek v srdci. Pokud je srdce o\u010di\u0161t\u011bno, pak je B\u016fh spat\u0159ov\u00e1n, pak m\u016f\u017eeme vid\u011bt Boha. Jak ho ale vid\u00edme? Je snad B\u016fh antropomorfn\u00ed a m\u00e1 snad lidskou podobu, abychom Ho mohli (fyzicky) uz\u0159\u00edt?\u00a0Ne, nikoli. B\u016fh je noetick\u00fd. B\u016fh je Duch \u2013 a jako absolutn\u00ed Duch se nach\u00e1z\u00ed v\u0161ude. Nach\u00e1z\u00ed se v\u0161ak tak\u00e9 v srdci \u010dlov\u011bka, kdy\u017e se srdce st\u00e1v\u00e1 n\u00e1dobou vhodnou k\u00a0p\u0159ijet\u00ed Boha. A aby se n\u011bkdo stal takto p\u0159ipravenou n\u00e1dobou, mus\u00ed se o\u010distit. Neum\u00fdvejme ji vodou, ale o\u010dist\u011bme ji od ne\u010dist\u00fdch my\u0161lenek. Aby v\u0161ak bylo srdce o\u010di\u0161t\u011bno, je t\u0159eba p\u0159ijmout n\u011bjak\u00fd l\u00e9k. A t\u00edm l\u00e9kem je modlitba.&#8221;<\/p>\n<p><strong>Zdroj:<\/strong> P\u0159\u00e1tel\u00e9 starce Efrema Arizonsk\u00e9ho<\/p>\n","protected":false},"excerpt":{"rendered":"<p>Pane Je\u017e\u00ed\u0161i Kriste, smiluj se nade mnou! Starec Efrem Filothejsk\u00fd-Arizonsk\u00fd Starec Efrem jednou pravil sv\u00fdm u\u010dedn\u00edk\u016fm: \u201eToto jsem v\u00e1m je\u0161t\u011b nikdy p\u0159ed t\u00edm ne\u0159\u00edkal. A je to moje vlastn\u00ed chyba, \u0159ekn\u011bme moje vlastn\u00ed zodpov\u011bdnost.&#8221; A d\u00e1le pokra\u010doval: \u201eSrdce \u010dlov\u011bka je st\u0159edem pohyb\u016f, kter\u00e9 jsou \u201enad p\u0159irozenost\u00ed\u201c (\u03c5\u03c0\u03ad\u03c1 \u03c6\u03cd\u03c3\u03b9\u03bd), d\u00e1le t\u011bch, kter\u00e9 jsou \u201ev souladu s\u00a0p\u0159irozenost\u00ed\u201c&#8230;<\/p>\n","protected":false},"author":3,"featured_media":0,"comment_status":"open","ping_status":"open","sticky":false,"template":"","format":"standard","meta":{"jetpack_post_was_ever_published":false,"_jetpack_newsletter_access":"","_jetpack_dont_email_post_to_subs":false,"_jetpack_newsletter_tier_id":0,"_jetpack_memberships_contains_paywalled_content":false,"_jetpack_memberships_contains_paid_content":false,"footnotes":"","jetpack_publicize_message":"","jetpack_publicize_feature_enabled":true,"jetpack_social_post_already_shared":true,"jetpack_social_options":{"image_generator_settings":{"template":"highway","default_image_id":0,"font":"","enabled":false},"version":2}},"categories":[10,4],"tags":[],"class_list":["post-2695","post","type-post","status-publish","format-standard","hentry","category-pouceni-z-pateriku","category-pouceni"],"jetpack_publicize_connections":[],"jetpack_featured_media_url":"","jetpack_sharing_enabled":true,"jetpack_shortlink":"https:\/\/wp.me\/p9GyX2-Ht","jetpack-related-posts":[],"_links":{"self":[{"href":"http:\/\/pravoslavnebrno.cz\/en\/wp-json\/wp\/v2\/posts\/2695","targetHints":{"allow":["GET"]}}],"collection":[{"href":"http:\/\/pravoslavnebrno.cz\/en\/wp-json\/wp\/v2\/posts"}],"about":[{"href":"http:\/\/pravoslavnebrno.cz\/en\/wp-json\/wp\/v2\/types\/post"}],"author":[{"embeddable":true,"href":"http:\/\/pravoslavnebrno.cz\/en\/wp-json\/wp\/v2\/users\/3"}],"replies":[{"embeddable":true,"href":"http:\/\/pravoslavnebrno.cz\/en\/wp-json\/wp\/v2\/comments?post=2695"}],"version-history":[{"count":5,"href":"http:\/\/pravoslavnebrno.cz\/en\/wp-json\/wp\/v2\/posts\/2695\/revisions"}],"predecessor-version":[{"id":2697,"href":"http:\/\/pravoslavnebrno.cz\/en\/wp-json\/wp\/v2\/posts\/2695\/revisions\/2697"}],"wp:attachment":[{"href":"http:\/\/pravoslavnebrno.cz\/en\/wp-json\/wp\/v2\/media?parent=2695"}],"wp:term":[{"taxonomy":"category","embeddable":true,"href":"http:\/\/pravoslavnebrno.cz\/en\/wp-json\/wp\/v2\/categories?post=2695"},{"taxonomy":"post_tag","embeddable":true,"href":"http:\/\/pravoslavnebrno.cz\/en\/wp-json\/wp\/v2\/tags?post=2695"}],"curies":[{"name":"wp","href":"https:\/\/api.w.org\/{rel}","templated":true}]}}